{"id":3885,"date":"2024-10-25T14:14:17","date_gmt":"2024-10-25T12:14:17","guid":{"rendered":"http:\/\/altisk-szederkeny.edu.hu\/weboldal\/?p=3885"},"modified":"2024-10-25T14:14:17","modified_gmt":"2024-10-25T12:14:17","slug":"a-zene-vilagnapja","status":"publish","type":"post","link":"http:\/\/altisk-szederkeny.edu.hu\/weboldal\/?p=3885","title":{"rendered":"A ZENE VIL\u00c1GNAPJA"},"content":{"rendered":"\n<p><strong>Kod\u00e1ly Zolt\u00e1n\u00a0szavait id\u00e9zve: LEGYEN A ZENE MINDENKI\u00c9!<\/strong><\/p>\n\n\n\n<p>Hagyom\u00e1nyainkhoz h\u00edven, id\u00e9n is meg\u00fcnnepelt\u00fck a Zene Vil\u00e1gnapj\u00e1t a Szederk\u00e9nyi \u00c1ltal\u00e1nos Iskol\u00e1ban. A\u00a0 3. \u00e9s 8. oszt\u00e1ly magyar n\u00e9pdalokat \u00e9nekelt, Farkas Ferenc &#8211; 3. oszt\u00e1lyos tanul\u00f3- a P\u00e9csv\u00e1radi Le\u00e1nyv\u00e1s\u00e1r alkalm\u00e1b\u00f3l rendezend\u0151 \u00e9nekversenyre k\u00e9sz\u00fcl, \u00edgy sz\u00f3l\u00f3t \u00e9nekelt. Remek\u00fcl, csod\u00e1san. Az \u00e9nekek k\u00f6z\u00f6tt\u00a0hangszersz\u00f3l\u00f3k, du\u00f3k, kamarazenekari\u00a0darabok sz\u00f3laltak meg.\u00a0 Gratul\u00e1lunk minden fell\u00e9p\u0151nek! K\u00f6sz\u00f6nj\u00fck a l\u00e9lekemel\u0151 zen\u00e9ket, gratul\u00e1lunk a fell\u00e9p\u0151knek, a B\u00f3lyi AMI felk\u00e9sz\u00edt\u0151 zenetan\u00e1rainak \u00e9s Beck L\u00e1szl\u00f3 \u00e9nek-zene tan\u00e1rnak a felk\u00e9sz\u00edt\u00e9s\u00e9rt.<\/p>\n\n\n\n\n\n<div class=\"ngg-galleryoverview ngg-slideshow\"\n\t id=\"ngg-slideshow-f4cf5413672f8e6da2695f245f607eff-9037444170\"\n     data-gallery-id=\"f4cf5413672f8e6da2695f245f607eff\"\n     style=\"max-width: 600px; max-height: 400px;\">\n\n \t<div id=\"ngg-image-0\" class=\"ngg-gallery-slideshow-image\" style=\"height:400px\">\n\n        <a href=\"http:\/\/altisk-szederkeny.edu.hu\/weboldal\/wp-content\/gallery\/a-zene-vilagnapja\/IMG_20241001_103607_802.jpg\"\n           title=\"\"\n           data-src=\"http:\/\/altisk-szederkeny.edu.hu\/weboldal\/wp-content\/gallery\/a-zene-vilagnapja\/IMG_20241001_103607_802.jpg\"\n           data-thumbnail=\"http:\/\/altisk-szederkeny.edu.hu\/weboldal\/wp-content\/gallery\/a-zene-vilagnapja\/thumbs\/thumbs_IMG_20241001_103607_802.jpg\"\n           data-image-id=\"1421\"\n           data-title=\"IMG_20241001_103607_802\"\n           data-description=\"\"\n           class=\"ngg-fancybox\" rel=\"f4cf5413672f8e6da2695f245f607eff\">\n\n            <img data-image-id='1421'\n                 title=\"\"\n                 alt=\"IMG_20241001_103607_802\"\n                 src=\"http:\/\/altisk-szederkeny.edu.hu\/weboldal\/wp-content\/gallery\/a-zene-vilagnapja\/IMG_20241001_103607_802.jpg\"\n                 style=\"max-height: 380px;\"\/>\n        <\/a>\n\n        <\/div> \n<div id=\"ngg-image-1\" class=\"ngg-gallery-slideshow-image\" style=\"height:400px\">\n\n        <a href=\"http:\/\/altisk-szederkeny.edu.hu\/weboldal\/wp-content\/gallery\/a-zene-vilagnapja\/IMG_20241001_103451_260.jpg\"\n           title=\"\"\n           data-src=\"http:\/\/altisk-szederkeny.edu.hu\/weboldal\/wp-content\/gallery\/a-zene-vilagnapja\/IMG_20241001_103451_260.jpg\"\n           data-thumbnail=\"http:\/\/altisk-szederkeny.edu.hu\/weboldal\/wp-content\/gallery\/a-zene-vilagnapja\/thumbs\/thumbs_IMG_20241001_103451_260.jpg\"\n           data-image-id=\"1423\"\n           data-title=\"IMG_20241001_103451_260\"\n           data-description=\"\"\n           class=\"ngg-fancybox\" rel=\"f4cf5413672f8e6da2695f245f607eff\">\n\n            <img data-image-id='1423'\n                 title=\"\"\n                 alt=\"IMG_20241001_103451_260\"\n                 src=\"http:\/\/altisk-szederkeny.edu.hu\/weboldal\/wp-content\/gallery\/a-zene-vilagnapja\/IMG_20241001_103451_260.jpg\"\n                 style=\"max-height: 380px;\"\/>\n        <\/a>\n\n        <\/div> \n<div id=\"ngg-image-2\" class=\"ngg-gallery-slideshow-image\" style=\"height:400px\">\n\n        <a href=\"http:\/\/altisk-szederkeny.edu.hu\/weboldal\/wp-content\/gallery\/a-zene-vilagnapja\/IMG_20241001_103440_931.jpg\"\n           title=\"\"\n           data-src=\"http:\/\/altisk-szederkeny.edu.hu\/weboldal\/wp-content\/gallery\/a-zene-vilagnapja\/IMG_20241001_103440_931.jpg\"\n           data-thumbnail=\"http:\/\/altisk-szederkeny.edu.hu\/weboldal\/wp-content\/gallery\/a-zene-vilagnapja\/thumbs\/thumbs_IMG_20241001_103440_931.jpg\"\n           data-image-id=\"1422\"\n           data-title=\"IMG_20241001_103440_931\"\n           data-description=\"\"\n           class=\"ngg-fancybox\" rel=\"f4cf5413672f8e6da2695f245f607eff\">\n\n            <img data-image-id='1422'\n                 title=\"\"\n                 alt=\"IMG_20241001_103440_931\"\n                 src=\"http:\/\/altisk-szederkeny.edu.hu\/weboldal\/wp-content\/gallery\/a-zene-vilagnapja\/IMG_20241001_103440_931.jpg\"\n                 style=\"max-height: 380px;\"\/>\n        <\/a>\n\n        <\/div> \n<\/div>\n\n\n\n\n","protected":false},"excerpt":{"rendered":"<p>Kod\u00e1ly Zolt\u00e1n\u00a0szavait id\u00e9zve: LEGYEN A ZENE MINDENKI\u00c9! Hagyom\u00e1nyainkhoz h\u00edven, id\u00e9n is meg\u00fcnnepelt\u00fck a Zene Vil\u00e1gnapj\u00e1t a Szederk\u00e9nyi \u00c1ltal\u00e1nos Iskol\u00e1ban. A\u00a0 3. \u00e9s 8. oszt\u00e1ly magyar n\u00e9pdalokat \u00e9nekelt, Farkas Ferenc &#8211; 3. oszt\u00e1lyos tanul\u00f3- a P\u00e9csv\u00e1radi Le\u00e1nyv\u00e1s\u00e1r alkalm\u00e1b\u00f3l rendezend\u0151 \u00e9nekversenyre k\u00e9sz\u00fcl, \u00edgy sz\u00f3l\u00f3t \u00e9nekelt. Remek\u00fcl, csod\u00e1san. Az \u00e9nekek k\u00f6z\u00f6tt\u00a0hangszersz\u00f3l\u00f3k, du\u00f3k, kamarazenekari\u00a0darabok \u2026 <a class=\"continue-reading-link\" href=\"http:\/\/altisk-szederkeny.edu.hu\/weboldal\/?p=3885\"> Continue reading <span class=\"meta-nav\">&rarr; <\/span><\/a><\/p>\n","protected":false},"author":1,"featured_media":0,"comment_status":"closed","ping_status":"closed","sticky":false,"template":"","format":"standard","meta":{"ngg_post_thumbnail":0},"categories":[1],"tags":[],"_links":{"self":[{"href":"http:\/\/altisk-szederkeny.edu.hu\/weboldal\/index.php?rest_route=\/wp\/v2\/posts\/3885"}],"collection":[{"href":"http:\/\/altisk-szederkeny.edu.hu\/weboldal\/index.php?rest_route=\/wp\/v2\/posts"}],"about":[{"href":"http:\/\/altisk-szederkeny.edu.hu\/weboldal\/index.php?rest_route=\/wp\/v2\/types\/post"}],"author":[{"embeddable":true,"href":"http:\/\/altisk-szederkeny.edu.hu\/weboldal\/index.php?rest_route=\/wp\/v2\/users\/1"}],"replies":[{"embeddable":true,"href":"http:\/\/altisk-szederkeny.edu.hu\/weboldal\/index.php?rest_route=%2Fwp%2Fv2%2Fcomments&post=3885"}],"version-history":[{"count":1,"href":"http:\/\/altisk-szederkeny.edu.hu\/weboldal\/index.php?rest_route=\/wp\/v2\/posts\/3885\/revisions"}],"predecessor-version":[{"id":3890,"href":"http:\/\/altisk-szederkeny.edu.hu\/weboldal\/index.php?rest_route=\/wp\/v2\/posts\/3885\/revisions\/3890"}],"wp:attachment":[{"href":"http:\/\/altisk-szederkeny.edu.hu\/weboldal\/index.php?rest_route=%2Fwp%2Fv2%2Fmedia&parent=3885"}],"wp:term":[{"taxonomy":"category","embeddable":true,"href":"http:\/\/altisk-szederkeny.edu.hu\/weboldal\/index.php?rest_route=%2Fwp%2Fv2%2Fcategories&post=3885"},{"taxonomy":"post_tag","embeddable":true,"href":"http:\/\/altisk-szederkeny.edu.hu\/weboldal\/index.php?rest_route=%2Fwp%2Fv2%2Ftags&post=3885"}],"curies":[{"name":"wp","href":"https:\/\/api.w.org\/{rel}","templated":true}]}}