{"id":3799,"date":"2024-09-27T10:53:07","date_gmt":"2024-09-27T08:53:07","guid":{"rendered":"http:\/\/altisk-szederkeny.edu.hu\/weboldal\/?p=3799"},"modified":"2024-09-27T11:01:51","modified_gmt":"2024-09-27T09:01:51","slug":"4-nap-a-kiralyok-es-fejedelmek-utjan-kolozsvartol-devaig","status":"publish","type":"post","link":"http:\/\/altisk-szederkeny.edu.hu\/weboldal\/?p=3799","title":{"rendered":"4 nap a kir\u00e1lyok \u00e9s fejedelmek \u00fatj\u00e1n Kolozsv\u00e1rt\u00f3l D\u00e9v\u00e1ig"},"content":{"rendered":"\n<figure class=\"wp-block-gallery has-nested-images columns-default is-cropped wp-block-gallery-1 is-layout-flex\">\n<figure class=\"wp-block-image size-medium\"><img decoding=\"async\" loading=\"lazy\" width=\"300\" height=\"267\" data-id=\"3866\"  src=\"http:\/\/altisk-szederkeny.edu.hu\/weboldal\/wp-content\/uploads\/keszult-300x267.jpg\" alt=\"\" class=\"wp-image-3866\" srcset=\"http:\/\/altisk-szederkeny.edu.hu\/weboldal\/wp-content\/uploads\/keszult-300x267.jpg 300w, http:\/\/altisk-szederkeny.edu.hu\/weboldal\/wp-content\/uploads\/keszult-1024x910.jpg 1024w, http:\/\/altisk-szederkeny.edu.hu\/weboldal\/wp-content\/uploads\/keszult-768x682.jpg 768w, http:\/\/altisk-szederkeny.edu.hu\/weboldal\/wp-content\/uploads\/keszult-600x533.jpg 600w, http:\/\/altisk-szederkeny.edu.hu\/weboldal\/wp-content\/uploads\/keszult-150x133.jpg 150w, http:\/\/altisk-szederkeny.edu.hu\/weboldal\/wp-content\/uploads\/keszult-169x150.jpg 169w, http:\/\/altisk-szederkeny.edu.hu\/weboldal\/wp-content\/uploads\/keszult.jpg 1500w\" sizes=\"(max-width: 300px) 100vw, 300px\" \/><\/figure>\n\n\n\n<figure class=\"wp-block-image size-medium\"><img decoding=\"async\" loading=\"lazy\" width=\"300\" height=\"294\" data-id=\"3865\"  src=\"http:\/\/altisk-szederkeny.edu.hu\/weboldal\/wp-content\/uploads\/bga_alap_logo-300x294.png\" alt=\"\" class=\"wp-image-3865\" srcset=\"http:\/\/altisk-szederkeny.edu.hu\/weboldal\/wp-content\/uploads\/bga_alap_logo-300x294.png 300w, http:\/\/altisk-szederkeny.edu.hu\/weboldal\/wp-content\/uploads\/bga_alap_logo-600x588.png 600w, http:\/\/altisk-szederkeny.edu.hu\/weboldal\/wp-content\/uploads\/bga_alap_logo-150x147.png 150w, http:\/\/altisk-szederkeny.edu.hu\/weboldal\/wp-content\/uploads\/bga_alap_logo-153x150.png 153w, http:\/\/altisk-szederkeny.edu.hu\/weboldal\/wp-content\/uploads\/bga_alap_logo.png 618w\" sizes=\"(max-width: 300px) 100vw, 300px\" \/><\/figure>\n<\/figure>\n\n\n\n<p class=\"has-text-align-left\">Z\u00f6kken\u0151mentesen, j\u00f3 hangulatban siker\u00fclt elindulni p\u00fcnk\u00f6sdh\u00e9tf\u0151n, m\u00e1jus 20-\u00e1n Szederk\u00e9nyb\u0151l. Egyszeri pihen\u0151vel eljutottunk a hat\u00e1rra, ahol azonban az okm\u00e1nyok vizsg\u00e1lata miatt hosszasan kellett v\u00e1rakoznunk, ez\u00e9rt a tervekhez k\u00e9pest n\u00e9mi k\u00e9s\u00e9ssel \u00e9rt\u00fcnk Nagyv\u00e1radra. <\/p>\n\n\n\n<figure class=\"wp-block-gallery has-nested-images columns-default is-cropped wp-block-gallery-3 is-layout-flex\">\n<figure class=\"wp-block-image size-large\"><a href=\"http:\/\/altisk-szederkeny.edu.hu\/weboldal\/wp-content\/uploads\/Hatartalanul-logo-1.jpg\"><img decoding=\"async\" loading=\"lazy\" width=\"1024\" height=\"768\" data-id=\"3801\"  src=\"http:\/\/altisk-szederkeny.edu.hu\/weboldal\/wp-content\/uploads\/Hatartalanul-logo-1-1024x768.jpg\" alt=\"\" class=\"wp-image-3801\" srcset=\"http:\/\/altisk-szederkeny.edu.hu\/weboldal\/wp-content\/uploads\/Hatartalanul-logo-1-1024x768.jpg 1024w, http:\/\/altisk-szederkeny.edu.hu\/weboldal\/wp-content\/uploads\/Hatartalanul-logo-1-300x225.jpg 300w, http:\/\/altisk-szederkeny.edu.hu\/weboldal\/wp-content\/uploads\/Hatartalanul-logo-1-768x576.jpg 768w, http:\/\/altisk-szederkeny.edu.hu\/weboldal\/wp-content\/uploads\/Hatartalanul-logo-1-600x450.jpg 600w, http:\/\/altisk-szederkeny.edu.hu\/weboldal\/wp-content\/uploads\/Hatartalanul-logo-1-1536x1152.jpg 1536w, http:\/\/altisk-szederkeny.edu.hu\/weboldal\/wp-content\/uploads\/Hatartalanul-logo-1-150x113.jpg 150w, http:\/\/altisk-szederkeny.edu.hu\/weboldal\/wp-content\/uploads\/Hatartalanul-logo-1-200x150.jpg 200w, http:\/\/altisk-szederkeny.edu.hu\/weboldal\/wp-content\/uploads\/Hatartalanul-logo-1.jpg 2000w\" sizes=\"(max-width: 1024px) 100vw, 1024px\" \/><\/a><\/figure>\n\n\n\n<figure class=\"wp-block-image size-large\"><img decoding=\"async\" loading=\"lazy\" width=\"635\" height=\"476\" data-id=\"3802\"  src=\"http:\/\/altisk-szederkeny.edu.hu\/weboldal\/wp-content\/uploads\/varas.jpg\" alt=\"\" class=\"wp-image-3802\" srcset=\"http:\/\/altisk-szederkeny.edu.hu\/weboldal\/wp-content\/uploads\/varas.jpg 635w, http:\/\/altisk-szederkeny.edu.hu\/weboldal\/wp-content\/uploads\/varas-300x225.jpg 300w, http:\/\/altisk-szederkeny.edu.hu\/weboldal\/wp-content\/uploads\/varas-600x450.jpg 600w, http:\/\/altisk-szederkeny.edu.hu\/weboldal\/wp-content\/uploads\/varas-150x112.jpg 150w, http:\/\/altisk-szederkeny.edu.hu\/weboldal\/wp-content\/uploads\/varas-200x150.jpg 200w\" sizes=\"(max-width: 635px) 100vw, 635px\" \/><\/figure>\n\n\n\n<figure class=\"wp-block-image size-large\"><img decoding=\"async\" loading=\"lazy\" width=\"1024\" height=\"768\" data-id=\"3803\"  src=\"http:\/\/altisk-szederkeny.edu.hu\/weboldal\/wp-content\/uploads\/Nagyvarad-1024x768.jpg\" alt=\"\" class=\"wp-image-3803\" srcset=\"http:\/\/altisk-szederkeny.edu.hu\/weboldal\/wp-content\/uploads\/Nagyvarad-1024x768.jpg 1024w, http:\/\/altisk-szederkeny.edu.hu\/weboldal\/wp-content\/uploads\/Nagyvarad-300x225.jpg 300w, http:\/\/altisk-szederkeny.edu.hu\/weboldal\/wp-content\/uploads\/Nagyvarad-768x576.jpg 768w, http:\/\/altisk-szederkeny.edu.hu\/weboldal\/wp-content\/uploads\/Nagyvarad-600x450.jpg 600w, http:\/\/altisk-szederkeny.edu.hu\/weboldal\/wp-content\/uploads\/Nagyvarad-1536x1152.jpg 1536w, http:\/\/altisk-szederkeny.edu.hu\/weboldal\/wp-content\/uploads\/Nagyvarad-150x113.jpg 150w, http:\/\/altisk-szederkeny.edu.hu\/weboldal\/wp-content\/uploads\/Nagyvarad-200x150.jpg 200w, http:\/\/altisk-szederkeny.edu.hu\/weboldal\/wp-content\/uploads\/Nagyvarad.jpg 2048w\" sizes=\"(max-width: 1024px) 100vw, 1024px\" \/><\/figure>\n<\/figure>\n\n\n\n<p class=\"has-text-align-left\">K\u00f6zleked\u00e9si eszk\u00f6z\u00fcnk \u2013 hossz\u00fas\u00e1ga miatt \u2013kiss\u00e9 megnehez\u00edtette az eljut\u00e1st a G\u00f3b\u00e9 cs\u00e1rd\u00e1ba, viszont Sz\u0171cs Melinda idegenvezet\u0151nk sokat seg\u00edtett a megv\u00e1ltozott k\u00f6zleked\u00e9si viszonyok k\u00f6z\u00f6tti t\u00e1j\u00e9koz\u00f3d\u00e1sban.<br>P\u00e1pay Zolt\u00e1n magyars\u00e1gkutat\u00f3, honismereti vezet\u0151 \u00e9rdekes t\u00e9nyeket osztott meg vel\u00fcnk a n\u00e9p \u0151st\u00f6rt\u00e9net\u00e9b\u0151l, ezut\u00e1n \u2013 imm\u00e1r az idegenvezet\u0151 kalauzol\u00e1s\u00e1val \u2013 s\u00e9t\u00e1t tett\u00fcnk a v\u00e1rosk\u00f6zpontban: rengeteg gy\u00f6ny\u00f6r\u0171, szecesszi\u00f3s \u00e9p\u00fcletet l\u00e1ttunk, k\u00f6zt\u00fck az egykori Emke k\u00e1v\u00e9h\u00e1zat, a Nagyv\u00e1radi Napl\u00f3 \u00e9p\u00fclet\u00e9t, a Fekete Sas Hotelt, az Ady Endre M\u00fazeumot \u00e9s Gimn\u00e1ziumot. Ezek az \u00e9p\u00fcletek mind az ismert k\u00f6lt\u0151h\u00f6z kapcsol\u00f3dnak, emellett k\u00fcl\u00f6nleges \u00e9lm\u00e9ny volt a bronz szoborcsoport megtekint\u00e9se is, amely a neves, XX. sz\u00e1zad eleji v\u00e1radi magyar irodalm\u00e1rokat \u00e1br\u00e1zolja.<\/p>\n\n\n\n\n\n<div class=\"ngg-galleryoverview ngg-slideshow\"\n\t id=\"ngg-slideshow-76a66adba0f80017634295d9f7354485-11874946300\"\n     data-gallery-id=\"76a66adba0f80017634295d9f7354485\"\n     style=\"max-width: 600px; max-height: 400px;\">\n\n \t<div id=\"ngg-image-0\" class=\"ngg-gallery-slideshow-image\" style=\"height:400px\">\n\n        <a href=\"http:\/\/altisk-szederkeny.edu.hu\/weboldal\/wp-content\/gallery\/hatartalanul-2-nap\/4.jpg\"\n           title=\"\"\n           data-src=\"http:\/\/altisk-szederkeny.edu.hu\/weboldal\/wp-content\/gallery\/hatartalanul-2-nap\/4.jpg\"\n           data-thumbnail=\"http:\/\/altisk-szederkeny.edu.hu\/weboldal\/wp-content\/gallery\/hatartalanul-2-nap\/thumbs\/thumbs_4.jpg\"\n           data-image-id=\"1388\"\n           data-title=\"4\"\n           data-description=\"\"\n           class=\"ngg-fancybox\" rel=\"76a66adba0f80017634295d9f7354485\">\n\n            <img data-image-id='1388'\n                 title=\"\"\n                 alt=\"4\"\n                 src=\"http:\/\/altisk-szederkeny.edu.hu\/weboldal\/wp-content\/gallery\/hatartalanul-2-nap\/4.jpg\"\n                 style=\"max-height: 380px;\"\/>\n        <\/a>\n\n        <\/div> \n<div id=\"ngg-image-1\" class=\"ngg-gallery-slideshow-image\" style=\"height:400px\">\n\n        <a href=\"http:\/\/altisk-szederkeny.edu.hu\/weboldal\/wp-content\/gallery\/hatartalanul-2-nap\/1.jpg\"\n           title=\"\"\n           data-src=\"http:\/\/altisk-szederkeny.edu.hu\/weboldal\/wp-content\/gallery\/hatartalanul-2-nap\/1.jpg\"\n           data-thumbnail=\"http:\/\/altisk-szederkeny.edu.hu\/weboldal\/wp-content\/gallery\/hatartalanul-2-nap\/thumbs\/thumbs_1.jpg\"\n           data-image-id=\"1387\"\n           data-title=\"1\"\n           data-description=\"\"\n           class=\"ngg-fancybox\" rel=\"76a66adba0f80017634295d9f7354485\">\n\n            <img data-image-id='1387'\n                 title=\"\"\n                 alt=\"1\"\n                 src=\"http:\/\/altisk-szederkeny.edu.hu\/weboldal\/wp-content\/gallery\/hatartalanul-2-nap\/1.jpg\"\n                 style=\"max-height: 380px;\"\/>\n        <\/a>\n\n        <\/div> \n<div id=\"ngg-image-2\" class=\"ngg-gallery-slideshow-image\" style=\"height:400px\">\n\n        <a href=\"http:\/\/altisk-szederkeny.edu.hu\/weboldal\/wp-content\/gallery\/hatartalanul-2-nap\/3-1.jpg\"\n           title=\"\"\n           data-src=\"http:\/\/altisk-szederkeny.edu.hu\/weboldal\/wp-content\/gallery\/hatartalanul-2-nap\/3-1.jpg\"\n           data-thumbnail=\"http:\/\/altisk-szederkeny.edu.hu\/weboldal\/wp-content\/gallery\/hatartalanul-2-nap\/thumbs\/thumbs_3-1.jpg\"\n           data-image-id=\"1386\"\n           data-title=\"3-1\"\n           data-description=\"\"\n           class=\"ngg-fancybox\" rel=\"76a66adba0f80017634295d9f7354485\">\n\n            <img data-image-id='1386'\n                 title=\"\"\n                 alt=\"3-1\"\n                 src=\"http:\/\/altisk-szederkeny.edu.hu\/weboldal\/wp-content\/gallery\/hatartalanul-2-nap\/3-1.jpg\"\n                 style=\"max-height: 380px;\"\/>\n        <\/a>\n\n        <\/div> \n<div id=\"ngg-image-3\" class=\"ngg-gallery-slideshow-image\" style=\"height:400px\">\n\n        <a href=\"http:\/\/altisk-szederkeny.edu.hu\/weboldal\/wp-content\/gallery\/hatartalanul-2-nap\/2.jpg\"\n           title=\"\"\n           data-src=\"http:\/\/altisk-szederkeny.edu.hu\/weboldal\/wp-content\/gallery\/hatartalanul-2-nap\/2.jpg\"\n           data-thumbnail=\"http:\/\/altisk-szederkeny.edu.hu\/weboldal\/wp-content\/gallery\/hatartalanul-2-nap\/thumbs\/thumbs_2.jpg\"\n           data-image-id=\"1385\"\n           data-title=\"2\"\n           data-description=\"\"\n           class=\"ngg-fancybox\" rel=\"76a66adba0f80017634295d9f7354485\">\n\n            <img data-image-id='1385'\n                 title=\"\"\n                 alt=\"2\"\n                 src=\"http:\/\/altisk-szederkeny.edu.hu\/weboldal\/wp-content\/gallery\/hatartalanul-2-nap\/2.jpg\"\n                 style=\"max-height: 380px;\"\/>\n        <\/a>\n\n        <\/div> \n<div id=\"ngg-image-4\" class=\"ngg-gallery-slideshow-image\" style=\"height:400px\">\n\n        <a href=\"http:\/\/altisk-szederkeny.edu.hu\/weboldal\/wp-content\/gallery\/hatartalanul-2-nap\/5.jpg\"\n           title=\"\"\n           data-src=\"http:\/\/altisk-szederkeny.edu.hu\/weboldal\/wp-content\/gallery\/hatartalanul-2-nap\/5.jpg\"\n           data-thumbnail=\"http:\/\/altisk-szederkeny.edu.hu\/weboldal\/wp-content\/gallery\/hatartalanul-2-nap\/thumbs\/thumbs_5.jpg\"\n           data-image-id=\"1384\"\n           data-title=\"5\"\n           data-description=\"\"\n           class=\"ngg-fancybox\" rel=\"76a66adba0f80017634295d9f7354485\">\n\n            <img data-image-id='1384'\n                 title=\"\"\n                 alt=\"5\"\n                 src=\"http:\/\/altisk-szederkeny.edu.hu\/weboldal\/wp-content\/gallery\/hatartalanul-2-nap\/5.jpg\"\n                 style=\"max-height: 380px;\"\/>\n        <\/a>\n\n        <\/div> \n<div id=\"ngg-image-5\" class=\"ngg-gallery-slideshow-image\" style=\"height:400px\">\n\n        <a href=\"http:\/\/altisk-szederkeny.edu.hu\/weboldal\/wp-content\/gallery\/hatartalanul-2-nap\/Nagyvarad-2.jpg\"\n           title=\"\"\n           data-src=\"http:\/\/altisk-szederkeny.edu.hu\/weboldal\/wp-content\/gallery\/hatartalanul-2-nap\/Nagyvarad-2.jpg\"\n           data-thumbnail=\"http:\/\/altisk-szederkeny.edu.hu\/weboldal\/wp-content\/gallery\/hatartalanul-2-nap\/thumbs\/thumbs_Nagyvarad-2.jpg\"\n           data-image-id=\"1383\"\n           data-title=\"Nagyvarad-2\"\n           data-description=\"\"\n           class=\"ngg-fancybox\" rel=\"76a66adba0f80017634295d9f7354485\">\n\n            <img data-image-id='1383'\n                 title=\"\"\n                 alt=\"Nagyvarad-2\"\n                 src=\"http:\/\/altisk-szederkeny.edu.hu\/weboldal\/wp-content\/gallery\/hatartalanul-2-nap\/Nagyvarad-2.jpg\"\n                 style=\"max-height: 380px;\"\/>\n        <\/a>\n\n        <\/div> \n<div id=\"ngg-image-6\" class=\"ngg-gallery-slideshow-image\" style=\"height:400px\">\n\n        <a href=\"http:\/\/altisk-szederkeny.edu.hu\/weboldal\/wp-content\/gallery\/hatartalanul-2-nap\/Nagyvarad-3.jpg\"\n           title=\"\"\n           data-src=\"http:\/\/altisk-szederkeny.edu.hu\/weboldal\/wp-content\/gallery\/hatartalanul-2-nap\/Nagyvarad-3.jpg\"\n           data-thumbnail=\"http:\/\/altisk-szederkeny.edu.hu\/weboldal\/wp-content\/gallery\/hatartalanul-2-nap\/thumbs\/thumbs_Nagyvarad-3.jpg\"\n           data-image-id=\"1382\"\n           data-title=\"Nagyvarad-3\"\n           data-description=\"\"\n           class=\"ngg-fancybox\" rel=\"76a66adba0f80017634295d9f7354485\">\n\n            <img data-image-id='1382'\n                 title=\"\"\n                 alt=\"Nagyvarad-3\"\n                 src=\"http:\/\/altisk-szederkeny.edu.hu\/weboldal\/wp-content\/gallery\/hatartalanul-2-nap\/Nagyvarad-3.jpg\"\n                 style=\"max-height: 380px;\"\/>\n        <\/a>\n\n        <\/div> \n<div id=\"ngg-image-7\" class=\"ngg-gallery-slideshow-image\" style=\"height:400px\">\n\n        <a href=\"http:\/\/altisk-szederkeny.edu.hu\/weboldal\/wp-content\/gallery\/hatartalanul-2-nap\/Nagyvarad-5.jpg\"\n           title=\"\"\n           data-src=\"http:\/\/altisk-szederkeny.edu.hu\/weboldal\/wp-content\/gallery\/hatartalanul-2-nap\/Nagyvarad-5.jpg\"\n           data-thumbnail=\"http:\/\/altisk-szederkeny.edu.hu\/weboldal\/wp-content\/gallery\/hatartalanul-2-nap\/thumbs\/thumbs_Nagyvarad-5.jpg\"\n           data-image-id=\"1381\"\n           data-title=\"Nagyvarad-5\"\n           data-description=\"\"\n           class=\"ngg-fancybox\" rel=\"76a66adba0f80017634295d9f7354485\">\n\n            <img data-image-id='1381'\n                 title=\"\"\n                 alt=\"Nagyvarad-5\"\n                 src=\"http:\/\/altisk-szederkeny.edu.hu\/weboldal\/wp-content\/gallery\/hatartalanul-2-nap\/Nagyvarad-5.jpg\"\n                 style=\"max-height: 380px;\"\/>\n        <\/a>\n\n        <\/div> \n<\/div>\n\n\n\n\n\n\n\n<p class=\"has-text-align-left\">A kir\u00e1lyh\u00e1g\u00f3i \u00e9s kalotaszegi r\u00f6vid meg\u00e1ll\u00f3 ut\u00e1n Torock\u00f3ra \u00e9rve mindenkit elk\u00e1pr\u00e1ztatott a Sz\u00e9kelyk\u0151 gy\u00f6ny\u00f6r\u0171 l\u00e1tv\u00e1nya. 2- \u00e9s 3 f\u0151s szob\u00e1kban kaptunk helyet, majd az \u00edzletes vacsor\u00e1t elfogyasztva nyugov\u00f3ra t\u00e9rt\u00fcnk.<br>A m\u00e1sodik nap egy csod\u00e1s t\u00far\u00e1val indult, amikor a Hesd\u00e1t-patak v\u00f6lgy\u00e9ben \u00e1tment\u00fcnk a Tordai-hasad\u00e9kon. A vadreg\u00e9nyes t\u00e1j \u00e9s \u2013 helyenk\u00e9nt \u2013 a kicsit nehez\u00edtett k\u00f6zleked\u00e9s nagyon tetszett mindenkinek, sok fot\u00f3 k\u00e9sz\u00fclt az \u00e9gbeny\u00fal\u00f3 sziklafalakr\u00f3l, \u00e1tkel\u0151kr\u0151l.<br>A tordai s\u00f3b\u00e1nya ki\u00e1ll\u00edt\u00e1sai, egyenletes h\u0151m\u00e9rs\u00e9klete, ki\u00e9p\u00edtett szintjei szint\u00e9n \u00e9rdekes sz\u00ednfoltnak bizonyultak. Sokan az \u00f3ri\u00e1skereket is kipr\u00f3b\u00e1lt\u00e1k, illetve les\u00e9t\u00e1ltak az als\u00f3 szinti t\u00f3hoz is. A 13 emelet l\u00e9pcs\u0151z\u00e9s ut\u00e1n mindenki \u00f6r\u00f6mmel vette tudom\u00e1sul, hogy visszafel\u00e9 lifttel j\u00f6tt\u00fcnk \u2013 \u00e9rt\u00e9kelve a nem mindennapi kil\u00e1t\u00e1st a b\u00e1nya szintjeire.<br>A d\u00e9lut\u00e1n nagyr\u00e9sz\u00e9ben Kolozsv\u00e1r nevezetess\u00e9geivel ismerkedt\u00fcnk: f\u0151k\u00e9nt a H\u00e1zsong\u00e1rdi temet\u0151, a Szent Mih\u00e1ly templom, M\u00e1ty\u00e1s kir\u00e1ly szobra \u00e9s sz\u00fcl\u0151h\u00e1za, Bocskai Istv\u00e1n sz\u00fcl\u0151h\u00e1za, a Babes-Bolyai Tudom\u00e1nyegyetem \u00e9s az 1989-es eml\u00e9km\u0171 v\u00edvtak ki elismer\u00e9st.<br>F\u00e1radtan \u00e9rt\u00fcnk a sz\u00e1ll\u00e1sra, megvacsor\u00e1ztunk \u2013 a falubeli s\u00e9t\u00e1t a k\u00f6vetkez\u0151 napra halasztottuk.<\/p>\n\n\n\n\n\n<div class=\"ngg-galleryoverview ngg-slideshow\"\n\t id=\"ngg-slideshow-36d08e7e24bf7530dc2dbf9e94259531-3438465390\"\n     data-gallery-id=\"36d08e7e24bf7530dc2dbf9e94259531\"\n     style=\"max-width: 600px; max-height: 400px;\">\n\n \t<div id=\"ngg-image-0\" class=\"ngg-gallery-slideshow-image\" style=\"height:400px\">\n\n        <a href=\"http:\/\/altisk-szederkeny.edu.hu\/weboldal\/wp-content\/gallery\/hatartalanul-kirandulas\/6.jpg\"\n           title=\"\"\n           data-src=\"http:\/\/altisk-szederkeny.edu.hu\/weboldal\/wp-content\/gallery\/hatartalanul-kirandulas\/6.jpg\"\n           data-thumbnail=\"http:\/\/altisk-szederkeny.edu.hu\/weboldal\/wp-content\/gallery\/hatartalanul-kirandulas\/thumbs\/thumbs_6.jpg\"\n           data-image-id=\"1395\"\n           data-title=\"6\"\n           data-description=\"\"\n           class=\"ngg-fancybox\" rel=\"36d08e7e24bf7530dc2dbf9e94259531\">\n\n            <img data-image-id='1395'\n                 title=\"\"\n                 alt=\"6\"\n                 src=\"http:\/\/altisk-szederkeny.edu.hu\/weboldal\/wp-content\/gallery\/hatartalanul-kirandulas\/6.jpg\"\n                 style=\"max-height: 380px;\"\/>\n        <\/a>\n\n        <\/div> \n<div id=\"ngg-image-1\" class=\"ngg-gallery-slideshow-image\" style=\"height:400px\">\n\n        <a href=\"http:\/\/altisk-szederkeny.edu.hu\/weboldal\/wp-content\/gallery\/hatartalanul-kirandulas\/11.jpg\"\n           title=\"\"\n           data-src=\"http:\/\/altisk-szederkeny.edu.hu\/weboldal\/wp-content\/gallery\/hatartalanul-kirandulas\/11.jpg\"\n           data-thumbnail=\"http:\/\/altisk-szederkeny.edu.hu\/weboldal\/wp-content\/gallery\/hatartalanul-kirandulas\/thumbs\/thumbs_11.jpg\"\n           data-image-id=\"1389\"\n           data-title=\"11\"\n           data-description=\"\"\n           class=\"ngg-fancybox\" rel=\"36d08e7e24bf7530dc2dbf9e94259531\">\n\n            <img data-image-id='1389'\n                 title=\"\"\n                 alt=\"11\"\n                 src=\"http:\/\/altisk-szederkeny.edu.hu\/weboldal\/wp-content\/gallery\/hatartalanul-kirandulas\/11.jpg\"\n                 style=\"max-height: 380px;\"\/>\n        <\/a>\n\n        <\/div> \n<div id=\"ngg-image-2\" class=\"ngg-gallery-slideshow-image\" style=\"height:400px\">\n\n        <a href=\"http:\/\/altisk-szederkeny.edu.hu\/weboldal\/wp-content\/gallery\/hatartalanul-kirandulas\/12.jpg\"\n           title=\"\"\n           data-src=\"http:\/\/altisk-szederkeny.edu.hu\/weboldal\/wp-content\/gallery\/hatartalanul-kirandulas\/12.jpg\"\n           data-thumbnail=\"http:\/\/altisk-szederkeny.edu.hu\/weboldal\/wp-content\/gallery\/hatartalanul-kirandulas\/thumbs\/thumbs_12.jpg\"\n           data-image-id=\"1390\"\n           data-title=\"12\"\n           data-description=\"\"\n           class=\"ngg-fancybox\" rel=\"36d08e7e24bf7530dc2dbf9e94259531\">\n\n            <img data-image-id='1390'\n                 title=\"\"\n                 alt=\"12\"\n                 src=\"http:\/\/altisk-szederkeny.edu.hu\/weboldal\/wp-content\/gallery\/hatartalanul-kirandulas\/12.jpg\"\n                 style=\"max-height: 380px;\"\/>\n        <\/a>\n\n        <\/div> \n<div id=\"ngg-image-3\" class=\"ngg-gallery-slideshow-image\" style=\"height:400px\">\n\n        <a href=\"http:\/\/altisk-szederkeny.edu.hu\/weboldal\/wp-content\/gallery\/hatartalanul-kirandulas\/9.jpg\"\n           title=\"\"\n           data-src=\"http:\/\/altisk-szederkeny.edu.hu\/weboldal\/wp-content\/gallery\/hatartalanul-kirandulas\/9.jpg\"\n           data-thumbnail=\"http:\/\/altisk-szederkeny.edu.hu\/weboldal\/wp-content\/gallery\/hatartalanul-kirandulas\/thumbs\/thumbs_9.jpg\"\n           data-image-id=\"1391\"\n           data-title=\"9\"\n           data-description=\"\"\n           class=\"ngg-fancybox\" rel=\"36d08e7e24bf7530dc2dbf9e94259531\">\n\n            <img data-image-id='1391'\n                 title=\"\"\n                 alt=\"9\"\n                 src=\"http:\/\/altisk-szederkeny.edu.hu\/weboldal\/wp-content\/gallery\/hatartalanul-kirandulas\/9.jpg\"\n                 style=\"max-height: 380px;\"\/>\n        <\/a>\n\n        <\/div> \n<div id=\"ngg-image-4\" class=\"ngg-gallery-slideshow-image\" style=\"height:400px\">\n\n        <a href=\"http:\/\/altisk-szederkeny.edu.hu\/weboldal\/wp-content\/gallery\/hatartalanul-kirandulas\/10.jpg\"\n           title=\"\"\n           data-src=\"http:\/\/altisk-szederkeny.edu.hu\/weboldal\/wp-content\/gallery\/hatartalanul-kirandulas\/10.jpg\"\n           data-thumbnail=\"http:\/\/altisk-szederkeny.edu.hu\/weboldal\/wp-content\/gallery\/hatartalanul-kirandulas\/thumbs\/thumbs_10.jpg\"\n           data-image-id=\"1392\"\n           data-title=\"10\"\n           data-description=\"\"\n           class=\"ngg-fancybox\" rel=\"36d08e7e24bf7530dc2dbf9e94259531\">\n\n            <img data-image-id='1392'\n                 title=\"\"\n                 alt=\"10\"\n                 src=\"http:\/\/altisk-szederkeny.edu.hu\/weboldal\/wp-content\/gallery\/hatartalanul-kirandulas\/10.jpg\"\n                 style=\"max-height: 380px;\"\/>\n        <\/a>\n\n        <\/div> \n<div id=\"ngg-image-5\" class=\"ngg-gallery-slideshow-image\" style=\"height:400px\">\n\n        <a href=\"http:\/\/altisk-szederkeny.edu.hu\/weboldal\/wp-content\/gallery\/hatartalanul-kirandulas\/8.jpg\"\n           title=\"\"\n           data-src=\"http:\/\/altisk-szederkeny.edu.hu\/weboldal\/wp-content\/gallery\/hatartalanul-kirandulas\/8.jpg\"\n           data-thumbnail=\"http:\/\/altisk-szederkeny.edu.hu\/weboldal\/wp-content\/gallery\/hatartalanul-kirandulas\/thumbs\/thumbs_8.jpg\"\n           data-image-id=\"1393\"\n           data-title=\"8\"\n           data-description=\"\"\n           class=\"ngg-fancybox\" rel=\"36d08e7e24bf7530dc2dbf9e94259531\">\n\n            <img data-image-id='1393'\n                 title=\"\"\n                 alt=\"8\"\n                 src=\"http:\/\/altisk-szederkeny.edu.hu\/weboldal\/wp-content\/gallery\/hatartalanul-kirandulas\/8.jpg\"\n                 style=\"max-height: 380px;\"\/>\n        <\/a>\n\n        <\/div> \n<div id=\"ngg-image-6\" class=\"ngg-gallery-slideshow-image\" style=\"height:400px\">\n\n        <a href=\"http:\/\/altisk-szederkeny.edu.hu\/weboldal\/wp-content\/gallery\/hatartalanul-kirandulas\/7.jpg\"\n           title=\"\"\n           data-src=\"http:\/\/altisk-szederkeny.edu.hu\/weboldal\/wp-content\/gallery\/hatartalanul-kirandulas\/7.jpg\"\n           data-thumbnail=\"http:\/\/altisk-szederkeny.edu.hu\/weboldal\/wp-content\/gallery\/hatartalanul-kirandulas\/thumbs\/thumbs_7.jpg\"\n           data-image-id=\"1394\"\n           data-title=\"7\"\n           data-description=\"\"\n           class=\"ngg-fancybox\" rel=\"36d08e7e24bf7530dc2dbf9e94259531\">\n\n            <img data-image-id='1394'\n                 title=\"\"\n                 alt=\"7\"\n                 src=\"http:\/\/altisk-szederkeny.edu.hu\/weboldal\/wp-content\/gallery\/hatartalanul-kirandulas\/7.jpg\"\n                 style=\"max-height: 380px;\"\/>\n        <\/a>\n\n        <\/div> \n<\/div>\n\n\n\n\n\n\n\n<p class=\"has-text-align-left\"><br>Az \u00faj nap borult id\u0151vel, majd es\u0151z\u00e9ssel indult \u2013 szerencs\u00e9re fedett helyre: a torock\u00f3i N\u00e9prajzi M\u00fazeumba vezetett a csoport els\u0151 \u00fatja. Sok \u00e9rdekes t\u00e1rgyi eml\u00e9ket n\u00e9zhett\u00fcnk meg itt a helys\u00e9g t\u00f6rt\u00e9net\u00e9b\u0151l (tulip\u00e1nos l\u00e1da, a k\u00fcl\u00f6nb\u00f6z\u0151 \u00e9letkor\u00fa emberek n\u00e9pviseletei, a gazd\u00e1lkod\u00e1st seg\u00edt\u0151 szersz\u00e1mok, munkaeszk\u00f6z\u00f6k).<br>Ezut\u00e1n l\u00e1togat\u00e1st tett\u00fcnk a Kis Szent Ter\u00e9z Gyermekv\u00e9delmi K\u00f6zpontban, amely a neh\u00e9zsors\u00fa gyerekeknek ad otthont. Mes\u00e9ltek nek\u00fcnk odaker\u00fcl\u00e9s\u00fckr\u0151l, \u00e9letk\u00f6r\u00fclm\u00e9nyeikr\u0151l az int\u00e9zm\u00e9nyben, illetve arr\u00f3l, hogyan tanulnak szakm\u00e1t \u00e9s tal\u00e1lnak meg\u00e9lhet\u00e9st, illeszkednek a feln\u0151tt \u00e9letbe az inn\u00e9t kiker\u00fcl\u0151k. K\u00e9zzelfoghat\u00f3 volt, mennyire csal\u00e1dias, nyugodt k\u00f6r\u00fclm\u00e9nyeket igyekeznek biztos\u00edtani a fiataloknak az alap\u00edtv\u00e1ny szervez\u0151i.<br>Mi is bemutattuk a szederk\u00e9nyi iskol\u00e1t, ahonn\u00e9t j\u00f6tt\u00fcnk, \u00e9s \u00e9rdekl\u0151dve n\u00e9zt\u00fck a f\u00e9nyk\u00e9pekb\u0151l \u00e1ll\u00f3 \u201e\u00e9letf\u00e1t\u201d, ami meg\u00f6r\u00f6k\u00edtette az int\u00e9zm\u00e9ny lak\u00f3it.<br>D\u00e9lut\u00e1n Nagyenyedre utaztunk, ahol tan\u00edt\u00e1s k\u00f6zben kukkanthattunk be a v\u00e1ros h\u00edres reform\u00e1tus koll\u00e9gium\u00e1ba, megn\u00e9zve az udvaron Bethlen G\u00e1bor szobr\u00e1t, illetve a J\u00f3kai-elbesz\u00e9l\u00e9sben meg\u00f6r\u00f6k\u00edtett f\u0171zf\u00e1kat \u00e9s a v\u00e1rat. Itt ker\u00fclt sor az 1849-es magyarellenes v\u00e9rengz\u00e9s \u00e1ldozatai eml\u00e9kt\u00e1bl\u00e1j\u00e1nak megkoszor\u00faz\u00e1s\u00e1ra.<br>Ezut\u00e1n Gyulafeh\u00e9rv\u00e1rra ment\u00fcnk, ahol megn\u00e9zt\u00fck a fejedelmi \u00e9s a p\u00fcsp\u00f6ki palot\u00e1t, valamint az \u00e9rseki sz\u00e9kesegyh\u00e1zat, melyben a Hunyadiak s\u00edreml\u00e9keit, Izabella kir\u00e1lyn\u00e9 \u00e9s J\u00e1nos Zsigmond fejedelem d\u00edszes k\u0151szarkof\u00e1gjait csod\u00e1lhattuk meg.<br>V\u00e9g\u00fcl Vajdahunyadra \u00e9rt\u00fcnk, a Hunyadi-Bethlen kast\u00e9lyhoz, mely h\u00eddj\u00e1val, a renesz\u00e1nsz kort megid\u00e9z\u0151 ki\u00e1ll\u00edt\u00e1saival, szerkezeti megold\u00e1saival, v\u00edzk\u00f6p\u0151ivel m\u00e9lt\u00e1n tarthatott sz\u00e1mot \u00e9rdekl\u0151d\u00e9s\u00fcnkre.<br>Csernakereszt\u00faron sz\u00e1lltunk meg \u00e9s vacsor\u00e1ztunk.<\/p>\n\n\n\n\n\n<div class=\"ngg-galleryoverview ngg-slideshow\"\n\t id=\"ngg-slideshow-34246a18ab3002855fb366af27970fe9-14583402840\"\n     data-gallery-id=\"34246a18ab3002855fb366af27970fe9\"\n     style=\"max-width: 600px; max-height: 400px;\">\n\n \t<div id=\"ngg-image-0\" class=\"ngg-gallery-slideshow-image\" style=\"height:400px\">\n\n        <a href=\"http:\/\/altisk-szederkeny.edu.hu\/weboldal\/wp-content\/gallery\/hatartalanul-3-nap\/16.jpg\"\n           title=\"\"\n           data-src=\"http:\/\/altisk-szederkeny.edu.hu\/weboldal\/wp-content\/gallery\/hatartalanul-3-nap\/16.jpg\"\n           data-thumbnail=\"http:\/\/altisk-szederkeny.edu.hu\/weboldal\/wp-content\/gallery\/hatartalanul-3-nap\/thumbs\/thumbs_16.jpg\"\n           data-image-id=\"1408\"\n           data-title=\"16\"\n           data-description=\"\"\n           class=\"ngg-fancybox\" rel=\"34246a18ab3002855fb366af27970fe9\">\n\n            <img data-image-id='1408'\n                 title=\"\"\n                 alt=\"16\"\n                 src=\"http:\/\/altisk-szederkeny.edu.hu\/weboldal\/wp-content\/gallery\/hatartalanul-3-nap\/16.jpg\"\n                 style=\"max-height: 380px;\"\/>\n        <\/a>\n\n        <\/div> \n<div id=\"ngg-image-1\" class=\"ngg-gallery-slideshow-image\" style=\"height:400px\">\n\n        <a href=\"http:\/\/altisk-szederkeny.edu.hu\/weboldal\/wp-content\/gallery\/hatartalanul-3-nap\/15.jpg\"\n           title=\"\"\n           data-src=\"http:\/\/altisk-szederkeny.edu.hu\/weboldal\/wp-content\/gallery\/hatartalanul-3-nap\/15.jpg\"\n           data-thumbnail=\"http:\/\/altisk-szederkeny.edu.hu\/weboldal\/wp-content\/gallery\/hatartalanul-3-nap\/thumbs\/thumbs_15.jpg\"\n           data-image-id=\"1409\"\n           data-title=\"15\"\n           data-description=\"\"\n           class=\"ngg-fancybox\" rel=\"34246a18ab3002855fb366af27970fe9\">\n\n            <img data-image-id='1409'\n                 title=\"\"\n                 alt=\"15\"\n                 src=\"http:\/\/altisk-szederkeny.edu.hu\/weboldal\/wp-content\/gallery\/hatartalanul-3-nap\/15.jpg\"\n                 style=\"max-height: 380px;\"\/>\n        <\/a>\n\n        <\/div> \n<div id=\"ngg-image-2\" class=\"ngg-gallery-slideshow-image\" style=\"height:400px\">\n\n        <a href=\"http:\/\/altisk-szederkeny.edu.hu\/weboldal\/wp-content\/gallery\/hatartalanul-3-nap\/14.jpg\"\n           title=\"\"\n           data-src=\"http:\/\/altisk-szederkeny.edu.hu\/weboldal\/wp-content\/gallery\/hatartalanul-3-nap\/14.jpg\"\n           data-thumbnail=\"http:\/\/altisk-szederkeny.edu.hu\/weboldal\/wp-content\/gallery\/hatartalanul-3-nap\/thumbs\/thumbs_14.jpg\"\n           data-image-id=\"1410\"\n           data-title=\"14\"\n           data-description=\"\"\n           class=\"ngg-fancybox\" rel=\"34246a18ab3002855fb366af27970fe9\">\n\n            <img data-image-id='1410'\n                 title=\"\"\n                 alt=\"14\"\n                 src=\"http:\/\/altisk-szederkeny.edu.hu\/weboldal\/wp-content\/gallery\/hatartalanul-3-nap\/14.jpg\"\n                 style=\"max-height: 380px;\"\/>\n        <\/a>\n\n        <\/div> \n<div id=\"ngg-image-3\" class=\"ngg-gallery-slideshow-image\" style=\"height:400px\">\n\n        <a href=\"http:\/\/altisk-szederkeny.edu.hu\/weboldal\/wp-content\/gallery\/hatartalanul-3-nap\/13.jpg\"\n           title=\"\"\n           data-src=\"http:\/\/altisk-szederkeny.edu.hu\/weboldal\/wp-content\/gallery\/hatartalanul-3-nap\/13.jpg\"\n           data-thumbnail=\"http:\/\/altisk-szederkeny.edu.hu\/weboldal\/wp-content\/gallery\/hatartalanul-3-nap\/thumbs\/thumbs_13.jpg\"\n           data-image-id=\"1411\"\n           data-title=\"13\"\n           data-description=\"\"\n           class=\"ngg-fancybox\" rel=\"34246a18ab3002855fb366af27970fe9\">\n\n            <img data-image-id='1411'\n                 title=\"\"\n                 alt=\"13\"\n                 src=\"http:\/\/altisk-szederkeny.edu.hu\/weboldal\/wp-content\/gallery\/hatartalanul-3-nap\/13.jpg\"\n                 style=\"max-height: 380px;\"\/>\n        <\/a>\n\n        <\/div> \n<div id=\"ngg-image-4\" class=\"ngg-gallery-slideshow-image\" style=\"height:400px\">\n\n        <a href=\"http:\/\/altisk-szederkeny.edu.hu\/weboldal\/wp-content\/gallery\/hatartalanul-3-nap\/17.jpg\"\n           title=\"\"\n           data-src=\"http:\/\/altisk-szederkeny.edu.hu\/weboldal\/wp-content\/gallery\/hatartalanul-3-nap\/17.jpg\"\n           data-thumbnail=\"http:\/\/altisk-szederkeny.edu.hu\/weboldal\/wp-content\/gallery\/hatartalanul-3-nap\/thumbs\/thumbs_17.jpg\"\n           data-image-id=\"1402\"\n           data-title=\"17\"\n           data-description=\"\"\n           class=\"ngg-fancybox\" rel=\"34246a18ab3002855fb366af27970fe9\">\n\n            <img data-image-id='1402'\n                 title=\"\"\n                 alt=\"17\"\n                 src=\"http:\/\/altisk-szederkeny.edu.hu\/weboldal\/wp-content\/gallery\/hatartalanul-3-nap\/17.jpg\"\n                 style=\"max-height: 380px;\"\/>\n        <\/a>\n\n        <\/div> \n<div id=\"ngg-image-5\" class=\"ngg-gallery-slideshow-image\" style=\"height:400px\">\n\n        <a href=\"http:\/\/altisk-szederkeny.edu.hu\/weboldal\/wp-content\/gallery\/hatartalanul-3-nap\/22.jpg\"\n           title=\"\"\n           data-src=\"http:\/\/altisk-szederkeny.edu.hu\/weboldal\/wp-content\/gallery\/hatartalanul-3-nap\/22.jpg\"\n           data-thumbnail=\"http:\/\/altisk-szederkeny.edu.hu\/weboldal\/wp-content\/gallery\/hatartalanul-3-nap\/thumbs\/thumbs_22.jpg\"\n           data-image-id=\"1403\"\n           data-title=\"22\"\n           data-description=\"\"\n           class=\"ngg-fancybox\" rel=\"34246a18ab3002855fb366af27970fe9\">\n\n            <img data-image-id='1403'\n                 title=\"\"\n                 alt=\"22\"\n                 src=\"http:\/\/altisk-szederkeny.edu.hu\/weboldal\/wp-content\/gallery\/hatartalanul-3-nap\/22.jpg\"\n                 style=\"max-height: 380px;\"\/>\n        <\/a>\n\n        <\/div> \n<div id=\"ngg-image-6\" class=\"ngg-gallery-slideshow-image\" style=\"height:400px\">\n\n        <a href=\"http:\/\/altisk-szederkeny.edu.hu\/weboldal\/wp-content\/gallery\/hatartalanul-3-nap\/20.jpg\"\n           title=\"\"\n           data-src=\"http:\/\/altisk-szederkeny.edu.hu\/weboldal\/wp-content\/gallery\/hatartalanul-3-nap\/20.jpg\"\n           data-thumbnail=\"http:\/\/altisk-szederkeny.edu.hu\/weboldal\/wp-content\/gallery\/hatartalanul-3-nap\/thumbs\/thumbs_20.jpg\"\n           data-image-id=\"1404\"\n           data-title=\"20\"\n           data-description=\"\"\n           class=\"ngg-fancybox\" rel=\"34246a18ab3002855fb366af27970fe9\">\n\n            <img data-image-id='1404'\n                 title=\"\"\n                 alt=\"20\"\n                 src=\"http:\/\/altisk-szederkeny.edu.hu\/weboldal\/wp-content\/gallery\/hatartalanul-3-nap\/20.jpg\"\n                 style=\"max-height: 380px;\"\/>\n        <\/a>\n\n        <\/div> \n<div id=\"ngg-image-7\" class=\"ngg-gallery-slideshow-image\" style=\"height:400px\">\n\n        <a href=\"http:\/\/altisk-szederkeny.edu.hu\/weboldal\/wp-content\/gallery\/hatartalanul-3-nap\/21.jpg\"\n           title=\"\"\n           data-src=\"http:\/\/altisk-szederkeny.edu.hu\/weboldal\/wp-content\/gallery\/hatartalanul-3-nap\/21.jpg\"\n           data-thumbnail=\"http:\/\/altisk-szederkeny.edu.hu\/weboldal\/wp-content\/gallery\/hatartalanul-3-nap\/thumbs\/thumbs_21.jpg\"\n           data-image-id=\"1405\"\n           data-title=\"21\"\n           data-description=\"\"\n           class=\"ngg-fancybox\" rel=\"34246a18ab3002855fb366af27970fe9\">\n\n            <img data-image-id='1405'\n                 title=\"\"\n                 alt=\"21\"\n                 src=\"http:\/\/altisk-szederkeny.edu.hu\/weboldal\/wp-content\/gallery\/hatartalanul-3-nap\/21.jpg\"\n                 style=\"max-height: 380px;\"\/>\n        <\/a>\n\n        <\/div> \n<div id=\"ngg-image-8\" class=\"ngg-gallery-slideshow-image\" style=\"height:400px\">\n\n        <a href=\"http:\/\/altisk-szederkeny.edu.hu\/weboldal\/wp-content\/gallery\/hatartalanul-3-nap\/18.jpg\"\n           title=\"\"\n           data-src=\"http:\/\/altisk-szederkeny.edu.hu\/weboldal\/wp-content\/gallery\/hatartalanul-3-nap\/18.jpg\"\n           data-thumbnail=\"http:\/\/altisk-szederkeny.edu.hu\/weboldal\/wp-content\/gallery\/hatartalanul-3-nap\/thumbs\/thumbs_18.jpg\"\n           data-image-id=\"1406\"\n           data-title=\"18\"\n           data-description=\"\"\n           class=\"ngg-fancybox\" rel=\"34246a18ab3002855fb366af27970fe9\">\n\n            <img data-image-id='1406'\n                 title=\"\"\n                 alt=\"18\"\n                 src=\"http:\/\/altisk-szederkeny.edu.hu\/weboldal\/wp-content\/gallery\/hatartalanul-3-nap\/18.jpg\"\n                 style=\"max-height: 380px;\"\/>\n        <\/a>\n\n        <\/div> \n<div id=\"ngg-image-9\" class=\"ngg-gallery-slideshow-image\" style=\"height:400px\">\n\n        <a href=\"http:\/\/altisk-szederkeny.edu.hu\/weboldal\/wp-content\/gallery\/hatartalanul-3-nap\/19.jpg\"\n           title=\"\"\n           data-src=\"http:\/\/altisk-szederkeny.edu.hu\/weboldal\/wp-content\/gallery\/hatartalanul-3-nap\/19.jpg\"\n           data-thumbnail=\"http:\/\/altisk-szederkeny.edu.hu\/weboldal\/wp-content\/gallery\/hatartalanul-3-nap\/thumbs\/thumbs_19.jpg\"\n           data-image-id=\"1407\"\n           data-title=\"19\"\n           data-description=\"\"\n           class=\"ngg-fancybox\" rel=\"34246a18ab3002855fb366af27970fe9\">\n\n            <img data-image-id='1407'\n                 title=\"\"\n                 alt=\"19\"\n                 src=\"http:\/\/altisk-szederkeny.edu.hu\/weboldal\/wp-content\/gallery\/hatartalanul-3-nap\/19.jpg\"\n                 style=\"max-height: 380px;\"\/>\n        <\/a>\n\n        <\/div> \n<div id=\"ngg-image-10\" class=\"ngg-gallery-slideshow-image\" style=\"height:400px\">\n\n        <a href=\"http:\/\/altisk-szederkeny.edu.hu\/weboldal\/wp-content\/gallery\/hatartalanul-3-nap\/25.jpg\"\n           title=\"\"\n           data-src=\"http:\/\/altisk-szederkeny.edu.hu\/weboldal\/wp-content\/gallery\/hatartalanul-3-nap\/25.jpg\"\n           data-thumbnail=\"http:\/\/altisk-szederkeny.edu.hu\/weboldal\/wp-content\/gallery\/hatartalanul-3-nap\/thumbs\/thumbs_25.jpg\"\n           data-image-id=\"1396\"\n           data-title=\"25\"\n           data-description=\"\"\n           class=\"ngg-fancybox\" rel=\"34246a18ab3002855fb366af27970fe9\">\n\n            <img data-image-id='1396'\n                 title=\"\"\n                 alt=\"25\"\n                 src=\"http:\/\/altisk-szederkeny.edu.hu\/weboldal\/wp-content\/gallery\/hatartalanul-3-nap\/25.jpg\"\n                 style=\"max-height: 380px;\"\/>\n        <\/a>\n\n        <\/div> \n<div id=\"ngg-image-11\" class=\"ngg-gallery-slideshow-image\" style=\"height:400px\">\n\n        <a href=\"http:\/\/altisk-szederkeny.edu.hu\/weboldal\/wp-content\/gallery\/hatartalanul-3-nap\/28.jpg\"\n           title=\"\"\n           data-src=\"http:\/\/altisk-szederkeny.edu.hu\/weboldal\/wp-content\/gallery\/hatartalanul-3-nap\/28.jpg\"\n           data-thumbnail=\"http:\/\/altisk-szederkeny.edu.hu\/weboldal\/wp-content\/gallery\/hatartalanul-3-nap\/thumbs\/thumbs_28.jpg\"\n           data-image-id=\"1397\"\n           data-title=\"28\"\n           data-description=\"\"\n           class=\"ngg-fancybox\" rel=\"34246a18ab3002855fb366af27970fe9\">\n\n            <img data-image-id='1397'\n                 title=\"\"\n                 alt=\"28\"\n                 src=\"http:\/\/altisk-szederkeny.edu.hu\/weboldal\/wp-content\/gallery\/hatartalanul-3-nap\/28.jpg\"\n                 style=\"max-height: 380px;\"\/>\n        <\/a>\n\n        <\/div> \n<div id=\"ngg-image-12\" class=\"ngg-gallery-slideshow-image\" style=\"height:400px\">\n\n        <a href=\"http:\/\/altisk-szederkeny.edu.hu\/weboldal\/wp-content\/gallery\/hatartalanul-3-nap\/23.jpg\"\n           title=\"\"\n           data-src=\"http:\/\/altisk-szederkeny.edu.hu\/weboldal\/wp-content\/gallery\/hatartalanul-3-nap\/23.jpg\"\n           data-thumbnail=\"http:\/\/altisk-szederkeny.edu.hu\/weboldal\/wp-content\/gallery\/hatartalanul-3-nap\/thumbs\/thumbs_23.jpg\"\n           data-image-id=\"1398\"\n           data-title=\"23\"\n           data-description=\"\"\n           class=\"ngg-fancybox\" rel=\"34246a18ab3002855fb366af27970fe9\">\n\n            <img data-image-id='1398'\n                 title=\"\"\n                 alt=\"23\"\n                 src=\"http:\/\/altisk-szederkeny.edu.hu\/weboldal\/wp-content\/gallery\/hatartalanul-3-nap\/23.jpg\"\n                 style=\"max-height: 380px;\"\/>\n        <\/a>\n\n        <\/div> \n<div id=\"ngg-image-13\" class=\"ngg-gallery-slideshow-image\" style=\"height:400px\">\n\n        <a href=\"http:\/\/altisk-szederkeny.edu.hu\/weboldal\/wp-content\/gallery\/hatartalanul-3-nap\/24.jpg\"\n           title=\"\"\n           data-src=\"http:\/\/altisk-szederkeny.edu.hu\/weboldal\/wp-content\/gallery\/hatartalanul-3-nap\/24.jpg\"\n           data-thumbnail=\"http:\/\/altisk-szederkeny.edu.hu\/weboldal\/wp-content\/gallery\/hatartalanul-3-nap\/thumbs\/thumbs_24.jpg\"\n           data-image-id=\"1399\"\n           data-title=\"24\"\n           data-description=\"\"\n           class=\"ngg-fancybox\" rel=\"34246a18ab3002855fb366af27970fe9\">\n\n            <img data-image-id='1399'\n                 title=\"\"\n                 alt=\"24\"\n                 src=\"http:\/\/altisk-szederkeny.edu.hu\/weboldal\/wp-content\/gallery\/hatartalanul-3-nap\/24.jpg\"\n                 style=\"max-height: 380px;\"\/>\n        <\/a>\n\n        <\/div> \n<div id=\"ngg-image-14\" class=\"ngg-gallery-slideshow-image\" style=\"height:400px\">\n\n        <a href=\"http:\/\/altisk-szederkeny.edu.hu\/weboldal\/wp-content\/gallery\/hatartalanul-3-nap\/27.jpg\"\n           title=\"\"\n           data-src=\"http:\/\/altisk-szederkeny.edu.hu\/weboldal\/wp-content\/gallery\/hatartalanul-3-nap\/27.jpg\"\n           data-thumbnail=\"http:\/\/altisk-szederkeny.edu.hu\/weboldal\/wp-content\/gallery\/hatartalanul-3-nap\/thumbs\/thumbs_27.jpg\"\n           data-image-id=\"1400\"\n           data-title=\"27\"\n           data-description=\"\"\n           class=\"ngg-fancybox\" rel=\"34246a18ab3002855fb366af27970fe9\">\n\n            <img data-image-id='1400'\n                 title=\"\"\n                 alt=\"27\"\n                 src=\"http:\/\/altisk-szederkeny.edu.hu\/weboldal\/wp-content\/gallery\/hatartalanul-3-nap\/27.jpg\"\n                 style=\"max-height: 380px;\"\/>\n        <\/a>\n\n        <\/div> \n<div id=\"ngg-image-15\" class=\"ngg-gallery-slideshow-image\" style=\"height:400px\">\n\n        <a href=\"http:\/\/altisk-szederkeny.edu.hu\/weboldal\/wp-content\/gallery\/hatartalanul-3-nap\/26.jpg\"\n           title=\"\"\n           data-src=\"http:\/\/altisk-szederkeny.edu.hu\/weboldal\/wp-content\/gallery\/hatartalanul-3-nap\/26.jpg\"\n           data-thumbnail=\"http:\/\/altisk-szederkeny.edu.hu\/weboldal\/wp-content\/gallery\/hatartalanul-3-nap\/thumbs\/thumbs_26.jpg\"\n           data-image-id=\"1401\"\n           data-title=\"26\"\n           data-description=\"\"\n           class=\"ngg-fancybox\" rel=\"34246a18ab3002855fb366af27970fe9\">\n\n            <img data-image-id='1401'\n                 title=\"\"\n                 alt=\"26\"\n                 src=\"http:\/\/altisk-szederkeny.edu.hu\/weboldal\/wp-content\/gallery\/hatartalanul-3-nap\/26.jpg\"\n                 style=\"max-height: 380px;\"\/>\n        <\/a>\n\n        <\/div> \n<\/div>\n\n\n\n\n\n\n\n<p class=\"has-text-align-left\"><br>Utols\u00f3 nap, a csomagok bepakol\u00e1sa ut\u00e1n D\u00e9v\u00e1ra utaztunk, ahol egy meredek t\u00fara sor\u00e1n gy\u00f6ny\u00f6rk\u00f6dhett\u00fcnk a v\u00e1r romjai k\u00f6z\u00fcl ny\u00edl\u00f3 egyedi kil\u00e1t\u00e1sban. A gyerekek nagy kedvvel vettek r\u00e9szt a leereszked\u00e9sben is.<br>A legfog\u00f3sabbnak m\u00e9gis Solymos v\u00e1ra bizonyult, ahova nagyon meredek \u00faton lehetett feljutni \u2013 r\u00e1ad\u00e1sul es\u0151 ut\u00e1n, cs\u00faszk\u00e1lva, nem kev\u00e9s kitart\u00e1s \u00e1r\u00e1n. A kil\u00e1t\u00e1s viszont k\u00e1rp\u00f3tolt a neh\u00e9zs\u00e9gek\u00e9rt.<br>Kir\u00e1ndul\u00e1sunkat Aradon z\u00e1rtuk, ahol a \u201eMegb\u00e9k\u00e9l\u00e9s parkot\u201d l\u00e1togattuk meg el\u0151sz\u00f6r \u2013 \u00e9s n\u00e9zt\u00fck meg Zala Gy\u00f6rgy alkot\u00e1s\u00e1t, a Szabads\u00e1g-szobrot. A belv\u00e1rosban a V\u00e1rosh\u00e1za, a Minorita Templom \u00e9s Rendh\u00e1z, illetve a Kult\u00farpalota volt legink\u00e1bb eml\u00e9kezetes.<br>Nagyv\u00e1radra \u00e9rve kicsit szomor\u00faan b\u00facs\u00faztunk Sz\u0171cs Melinda idegenvezet\u0151nkt\u0151l, aki a n\u00e9gy napon kereszt\u00fcl igyekezett minden k\u00edv\u00e1ncsiskod\u00f3 k\u00e9rd\u00e9s\u00fcnkre v\u00e1laszolni \u00e9s kalauzolt benn\u00fcnket.<br>Ezut\u00e1n hazafel\u00e9 indultunk, \u00e9s f\u00e9l kilenc t\u00e1jban \u00e9rkezt\u00fcnk vissza Szederk\u00e9nybe.<\/p>\n\n\n\n\n\n<div class=\"ngg-galleryoverview ngg-slideshow\"\n\t id=\"ngg-slideshow-0eee469791327ab12b314a4b6b2eb30c-6151650960\"\n     data-gallery-id=\"0eee469791327ab12b314a4b6b2eb30c\"\n     style=\"max-width: 600px; max-height: 400px;\">\n\n \t<div id=\"ngg-image-0\" class=\"ngg-gallery-slideshow-image\" style=\"height:400px\">\n\n        <a href=\"http:\/\/altisk-szederkeny.edu.hu\/weboldal\/wp-content\/gallery\/hatartalanul-4-nap\/31.jpg\"\n           title=\"\"\n           data-src=\"http:\/\/altisk-szederkeny.edu.hu\/weboldal\/wp-content\/gallery\/hatartalanul-4-nap\/31.jpg\"\n           data-thumbnail=\"http:\/\/altisk-szederkeny.edu.hu\/weboldal\/wp-content\/gallery\/hatartalanul-4-nap\/thumbs\/thumbs_31.jpg\"\n           data-image-id=\"1418\"\n           data-title=\"31\"\n           data-description=\"\"\n           class=\"ngg-fancybox\" rel=\"0eee469791327ab12b314a4b6b2eb30c\">\n\n            <img data-image-id='1418'\n                 title=\"\"\n                 alt=\"31\"\n                 src=\"http:\/\/altisk-szederkeny.edu.hu\/weboldal\/wp-content\/gallery\/hatartalanul-4-nap\/31.jpg\"\n                 style=\"max-height: 380px;\"\/>\n        <\/a>\n\n        <\/div> \n<div id=\"ngg-image-1\" class=\"ngg-gallery-slideshow-image\" style=\"height:400px\">\n\n        <a href=\"http:\/\/altisk-szederkeny.edu.hu\/weboldal\/wp-content\/gallery\/hatartalanul-4-nap\/30.jpg\"\n           title=\"\"\n           data-src=\"http:\/\/altisk-szederkeny.edu.hu\/weboldal\/wp-content\/gallery\/hatartalanul-4-nap\/30.jpg\"\n           data-thumbnail=\"http:\/\/altisk-szederkeny.edu.hu\/weboldal\/wp-content\/gallery\/hatartalanul-4-nap\/thumbs\/thumbs_30.jpg\"\n           data-image-id=\"1419\"\n           data-title=\"30\"\n           data-description=\"\"\n           class=\"ngg-fancybox\" rel=\"0eee469791327ab12b314a4b6b2eb30c\">\n\n            <img data-image-id='1419'\n                 title=\"\"\n                 alt=\"30\"\n                 src=\"http:\/\/altisk-szederkeny.edu.hu\/weboldal\/wp-content\/gallery\/hatartalanul-4-nap\/30.jpg\"\n                 style=\"max-height: 380px;\"\/>\n        <\/a>\n\n        <\/div> \n<div id=\"ngg-image-2\" class=\"ngg-gallery-slideshow-image\" style=\"height:400px\">\n\n        <a href=\"http:\/\/altisk-szederkeny.edu.hu\/weboldal\/wp-content\/gallery\/hatartalanul-4-nap\/29.jpg\"\n           title=\"\"\n           data-src=\"http:\/\/altisk-szederkeny.edu.hu\/weboldal\/wp-content\/gallery\/hatartalanul-4-nap\/29.jpg\"\n           data-thumbnail=\"http:\/\/altisk-szederkeny.edu.hu\/weboldal\/wp-content\/gallery\/hatartalanul-4-nap\/thumbs\/thumbs_29.jpg\"\n           data-image-id=\"1420\"\n           data-title=\"29\"\n           data-description=\"\"\n           class=\"ngg-fancybox\" rel=\"0eee469791327ab12b314a4b6b2eb30c\">\n\n            <img data-image-id='1420'\n                 title=\"\"\n                 alt=\"29\"\n                 src=\"http:\/\/altisk-szederkeny.edu.hu\/weboldal\/wp-content\/gallery\/hatartalanul-4-nap\/29.jpg\"\n                 style=\"max-height: 380px;\"\/>\n        <\/a>\n\n        <\/div> \n<div id=\"ngg-image-3\" class=\"ngg-gallery-slideshow-image\" style=\"height:400px\">\n\n        <a href=\"http:\/\/altisk-szederkeny.edu.hu\/weboldal\/wp-content\/gallery\/hatartalanul-4-nap\/34.jpg\"\n           title=\"\"\n           data-src=\"http:\/\/altisk-szederkeny.edu.hu\/weboldal\/wp-content\/gallery\/hatartalanul-4-nap\/34.jpg\"\n           data-thumbnail=\"http:\/\/altisk-szederkeny.edu.hu\/weboldal\/wp-content\/gallery\/hatartalanul-4-nap\/thumbs\/thumbs_34.jpg\"\n           data-image-id=\"1412\"\n           data-title=\"34\"\n           data-description=\"\"\n           class=\"ngg-fancybox\" rel=\"0eee469791327ab12b314a4b6b2eb30c\">\n\n            <img data-image-id='1412'\n                 title=\"\"\n                 alt=\"34\"\n                 src=\"http:\/\/altisk-szederkeny.edu.hu\/weboldal\/wp-content\/gallery\/hatartalanul-4-nap\/34.jpg\"\n                 style=\"max-height: 380px;\"\/>\n        <\/a>\n\n        <\/div> \n<div id=\"ngg-image-4\" class=\"ngg-gallery-slideshow-image\" style=\"height:400px\">\n\n        <a href=\"http:\/\/altisk-szederkeny.edu.hu\/weboldal\/wp-content\/gallery\/hatartalanul-4-nap\/35.jpg\"\n           title=\"\"\n           data-src=\"http:\/\/altisk-szederkeny.edu.hu\/weboldal\/wp-content\/gallery\/hatartalanul-4-nap\/35.jpg\"\n           data-thumbnail=\"http:\/\/altisk-szederkeny.edu.hu\/weboldal\/wp-content\/gallery\/hatartalanul-4-nap\/thumbs\/thumbs_35.jpg\"\n           data-image-id=\"1413\"\n           data-title=\"35\"\n           data-description=\"\"\n           class=\"ngg-fancybox\" rel=\"0eee469791327ab12b314a4b6b2eb30c\">\n\n            <img data-image-id='1413'\n                 title=\"\"\n                 alt=\"35\"\n                 src=\"http:\/\/altisk-szederkeny.edu.hu\/weboldal\/wp-content\/gallery\/hatartalanul-4-nap\/35.jpg\"\n                 style=\"max-height: 380px;\"\/>\n        <\/a>\n\n        <\/div> \n<div id=\"ngg-image-5\" class=\"ngg-gallery-slideshow-image\" style=\"height:400px\">\n\n        <a href=\"http:\/\/altisk-szederkeny.edu.hu\/weboldal\/wp-content\/gallery\/hatartalanul-4-nap\/32.jpg\"\n           title=\"\"\n           data-src=\"http:\/\/altisk-szederkeny.edu.hu\/weboldal\/wp-content\/gallery\/hatartalanul-4-nap\/32.jpg\"\n           data-thumbnail=\"http:\/\/altisk-szederkeny.edu.hu\/weboldal\/wp-content\/gallery\/hatartalanul-4-nap\/thumbs\/thumbs_32.jpg\"\n           data-image-id=\"1414\"\n           data-title=\"32\"\n           data-description=\"\"\n           class=\"ngg-fancybox\" rel=\"0eee469791327ab12b314a4b6b2eb30c\">\n\n            <img data-image-id='1414'\n                 title=\"\"\n                 alt=\"32\"\n                 src=\"http:\/\/altisk-szederkeny.edu.hu\/weboldal\/wp-content\/gallery\/hatartalanul-4-nap\/32.jpg\"\n                 style=\"max-height: 380px;\"\/>\n        <\/a>\n\n        <\/div> \n<div id=\"ngg-image-6\" class=\"ngg-gallery-slideshow-image\" style=\"height:400px\">\n\n        <a href=\"http:\/\/altisk-szederkeny.edu.hu\/weboldal\/wp-content\/gallery\/hatartalanul-4-nap\/37.jpg\"\n           title=\"\"\n           data-src=\"http:\/\/altisk-szederkeny.edu.hu\/weboldal\/wp-content\/gallery\/hatartalanul-4-nap\/37.jpg\"\n           data-thumbnail=\"http:\/\/altisk-szederkeny.edu.hu\/weboldal\/wp-content\/gallery\/hatartalanul-4-nap\/thumbs\/thumbs_37.jpg\"\n           data-image-id=\"1415\"\n           data-title=\"37\"\n           data-description=\"\"\n           class=\"ngg-fancybox\" rel=\"0eee469791327ab12b314a4b6b2eb30c\">\n\n            <img data-image-id='1415'\n                 title=\"\"\n                 alt=\"37\"\n                 src=\"http:\/\/altisk-szederkeny.edu.hu\/weboldal\/wp-content\/gallery\/hatartalanul-4-nap\/37.jpg\"\n                 style=\"max-height: 380px;\"\/>\n        <\/a>\n\n        <\/div> \n<div id=\"ngg-image-7\" class=\"ngg-gallery-slideshow-image\" style=\"height:400px\">\n\n        <a href=\"http:\/\/altisk-szederkeny.edu.hu\/weboldal\/wp-content\/gallery\/hatartalanul-4-nap\/36.jpg\"\n           title=\"\"\n           data-src=\"http:\/\/altisk-szederkeny.edu.hu\/weboldal\/wp-content\/gallery\/hatartalanul-4-nap\/36.jpg\"\n           data-thumbnail=\"http:\/\/altisk-szederkeny.edu.hu\/weboldal\/wp-content\/gallery\/hatartalanul-4-nap\/thumbs\/thumbs_36.jpg\"\n           data-image-id=\"1416\"\n           data-title=\"36\"\n           data-description=\"\"\n           class=\"ngg-fancybox\" rel=\"0eee469791327ab12b314a4b6b2eb30c\">\n\n            <img data-image-id='1416'\n                 title=\"\"\n                 alt=\"36\"\n                 src=\"http:\/\/altisk-szederkeny.edu.hu\/weboldal\/wp-content\/gallery\/hatartalanul-4-nap\/36.jpg\"\n                 style=\"max-height: 380px;\"\/>\n        <\/a>\n\n        <\/div> \n<div id=\"ngg-image-8\" class=\"ngg-gallery-slideshow-image\" style=\"height:400px\">\n\n        <a href=\"http:\/\/altisk-szederkeny.edu.hu\/weboldal\/wp-content\/gallery\/hatartalanul-4-nap\/33.jpg\"\n           title=\"\"\n           data-src=\"http:\/\/altisk-szederkeny.edu.hu\/weboldal\/wp-content\/gallery\/hatartalanul-4-nap\/33.jpg\"\n           data-thumbnail=\"http:\/\/altisk-szederkeny.edu.hu\/weboldal\/wp-content\/gallery\/hatartalanul-4-nap\/thumbs\/thumbs_33.jpg\"\n           data-image-id=\"1417\"\n           data-title=\"33\"\n           data-description=\"\"\n           class=\"ngg-fancybox\" rel=\"0eee469791327ab12b314a4b6b2eb30c\">\n\n            <img data-image-id='1417'\n                 title=\"\"\n                 alt=\"33\"\n                 src=\"http:\/\/altisk-szederkeny.edu.hu\/weboldal\/wp-content\/gallery\/hatartalanul-4-nap\/33.jpg\"\n                 style=\"max-height: 380px;\"\/>\n        <\/a>\n\n        <\/div> \n<\/div>\n\n\n\n\n","protected":false},"excerpt":{"rendered":"<p>Z\u00f6kken\u0151mentesen, j\u00f3 hangulatban siker\u00fclt elindulni p\u00fcnk\u00f6sdh\u00e9tf\u0151n, m\u00e1jus 20-\u00e1n Szederk\u00e9nyb\u0151l. Egyszeri pihen\u0151vel eljutottunk a hat\u00e1rra, ahol azonban az okm\u00e1nyok vizsg\u00e1lata miatt hosszasan kellett v\u00e1rakoznunk, ez\u00e9rt a tervekhez k\u00e9pest n\u00e9mi k\u00e9s\u00e9ssel \u00e9rt\u00fcnk Nagyv\u00e1radra. K\u00f6zleked\u00e9si eszk\u00f6z\u00fcnk \u2013 hossz\u00fas\u00e1ga miatt \u2013kiss\u00e9 megnehez\u00edtette az eljut\u00e1st a G\u00f3b\u00e9 cs\u00e1rd\u00e1ba, viszont Sz\u0171cs Melinda idegenvezet\u0151nk sokat seg\u00edtett a \u2026 <a class=\"continue-reading-link\" href=\"http:\/\/altisk-szederkeny.edu.hu\/weboldal\/?p=3799\"> Continue reading <span class=\"meta-nav\">&rarr; <\/span><\/a><\/p>\n","protected":false},"author":1,"featured_media":0,"comment_status":"closed","ping_status":"closed","sticky":false,"template":"","format":"standard","meta":{"ngg_post_thumbnail":0},"categories":[1],"tags":[],"_links":{"self":[{"href":"http:\/\/altisk-szederkeny.edu.hu\/weboldal\/index.php?rest_route=\/wp\/v2\/posts\/3799"}],"collection":[{"href":"http:\/\/altisk-szederkeny.edu.hu\/weboldal\/index.php?rest_route=\/wp\/v2\/posts"}],"about":[{"href":"http:\/\/altisk-szederkeny.edu.hu\/weboldal\/index.php?rest_route=\/wp\/v2\/types\/post"}],"author":[{"embeddable":true,"href":"http:\/\/altisk-szederkeny.edu.hu\/weboldal\/index.php?rest_route=\/wp\/v2\/users\/1"}],"replies":[{"embeddable":true,"href":"http:\/\/altisk-szederkeny.edu.hu\/weboldal\/index.php?rest_route=%2Fwp%2Fv2%2Fcomments&post=3799"}],"version-history":[{"count":11,"href":"http:\/\/altisk-szederkeny.edu.hu\/weboldal\/index.php?rest_route=\/wp\/v2\/posts\/3799\/revisions"}],"predecessor-version":[{"id":3868,"href":"http:\/\/altisk-szederkeny.edu.hu\/weboldal\/index.php?rest_route=\/wp\/v2\/posts\/3799\/revisions\/3868"}],"wp:attachment":[{"href":"http:\/\/altisk-szederkeny.edu.hu\/weboldal\/index.php?rest_route=%2Fwp%2Fv2%2Fmedia&parent=3799"}],"wp:term":[{"taxonomy":"category","embeddable":true,"href":"http:\/\/altisk-szederkeny.edu.hu\/weboldal\/index.php?rest_route=%2Fwp%2Fv2%2Fcategories&post=3799"},{"taxonomy":"post_tag","embeddable":true,"href":"http:\/\/altisk-szederkeny.edu.hu\/weboldal\/index.php?rest_route=%2Fwp%2Fv2%2Ftags&post=3799"}],"curies":[{"name":"wp","href":"https:\/\/api.w.org\/{rel}","templated":true}]}}