{"id":3743,"date":"2024-06-02T18:38:43","date_gmt":"2024-06-02T16:38:43","guid":{"rendered":"http:\/\/altisk-szederkeny.edu.hu\/weboldal\/?p=3743"},"modified":"2024-06-02T18:38:43","modified_gmt":"2024-06-02T16:38:43","slug":"erasmus-2","status":"publish","type":"post","link":"http:\/\/altisk-szederkeny.edu.hu\/weboldal\/?p=3743","title":{"rendered":"Erasmus+"},"content":{"rendered":"\n<p class=\"has-medium-font-size\"><strong>Iskol\u00e1nk k\u00e9t 7.oszt\u00e1lyos tanul\u00f3ja, Holl\u00f3sy Luca \u00e9s Tak\u00e1cs L\u00e9na holnapt\u00f3l h\u00e1rom h\u00e9tig Ausztri\u00e1ban, az angeri &#8222;Mittelschule&#8221;-ban tanulhat.\u00a0<\/strong><\/p>\n\n\n\n<p class=\"has-medium-font-size\"><strong>A tanulm\u00e1nyi \u00fat az ERASMUS+ projekt t\u00e1mogat\u00e1s\u00e1val val\u00f3sulhatott meg.\u00a0<\/strong><\/p>\n\n\n\n<p class=\"has-medium-font-size\"><strong>J\u00f3 utat \u00e9s sok-sok \u00e9lm\u00e9nyt k\u00edv\u00e1nunk a l\u00e1nyoknak<\/strong><img decoding=\"async\" src=\"https:\/\/fonts.gstatic.com\/s\/e\/notoemoji\/15.0\/1f1e6_1f1f9\/32.png\" alt=\"&#x1f1e6;&#x1f1f9;\"><img decoding=\"async\" src=\"https:\/\/fonts.gstatic.com\/s\/e\/notoemoji\/15.0\/1f970\/32.png\" alt=\"&#x1f970;\"><\/p>\n\n\n<div class=\"wp-block-image\">\n<figure class=\"aligncenter size-full\"><img decoding=\"async\" loading=\"lazy\" width=\"194\" height=\"52\" src=\"http:\/\/altisk-szederkeny.edu.hu\/weboldal\/wp-content\/uploads\/Erasmus-logo.jpg\" alt=\"\" class=\"wp-image-3744\" srcset=\"http:\/\/altisk-szederkeny.edu.hu\/weboldal\/wp-content\/uploads\/Erasmus-logo.jpg 194w, http:\/\/altisk-szederkeny.edu.hu\/weboldal\/wp-content\/uploads\/Erasmus-logo-150x40.jpg 150w\" sizes=\"(max-width: 194px) 100vw, 194px\" \/><\/figure><\/div>\n\n\n<figure class=\"wp-block-image size-large is-resized\"><img decoding=\"async\" loading=\"lazy\" src=\"http:\/\/altisk-szederkeny.edu.hu\/weboldal\/wp-content\/uploads\/Messenger_creation_c60845ad-2c24-4d74-adbc-fff5c8425fa0-746x1024.jpeg\" alt=\"\" class=\"wp-image-3745\" width=\"560\" height=\"768\" srcset=\"http:\/\/altisk-szederkeny.edu.hu\/weboldal\/wp-content\/uploads\/Messenger_creation_c60845ad-2c24-4d74-adbc-fff5c8425fa0-746x1024.jpeg 746w, http:\/\/altisk-szederkeny.edu.hu\/weboldal\/wp-content\/uploads\/Messenger_creation_c60845ad-2c24-4d74-adbc-fff5c8425fa0-219x300.jpeg 219w, http:\/\/altisk-szederkeny.edu.hu\/weboldal\/wp-content\/uploads\/Messenger_creation_c60845ad-2c24-4d74-adbc-fff5c8425fa0-768x1054.jpeg 768w, http:\/\/altisk-szederkeny.edu.hu\/weboldal\/wp-content\/uploads\/Messenger_creation_c60845ad-2c24-4d74-adbc-fff5c8425fa0-600x823.jpeg 600w, http:\/\/altisk-szederkeny.edu.hu\/weboldal\/wp-content\/uploads\/Messenger_creation_c60845ad-2c24-4d74-adbc-fff5c8425fa0-1120x1536.jpeg 1120w, http:\/\/altisk-szederkeny.edu.hu\/weboldal\/wp-content\/uploads\/Messenger_creation_c60845ad-2c24-4d74-adbc-fff5c8425fa0-109x150.jpeg 109w, http:\/\/altisk-szederkeny.edu.hu\/weboldal\/wp-content\/uploads\/Messenger_creation_c60845ad-2c24-4d74-adbc-fff5c8425fa0.jpeg 1137w\" sizes=\"(max-width: 560px) 100vw, 560px\" \/><\/figure>\n","protected":false},"excerpt":{"rendered":"<p>Iskol\u00e1nk k\u00e9t 7.oszt\u00e1lyos tanul\u00f3ja, Holl\u00f3sy Luca \u00e9s Tak\u00e1cs L\u00e9na holnapt\u00f3l h\u00e1rom h\u00e9tig Ausztri\u00e1ban, az angeri &#8222;Mittelschule&#8221;-ban tanulhat.\u00a0 A tanulm\u00e1nyi \u00fat az ERASMUS+ projekt t\u00e1mogat\u00e1s\u00e1val val\u00f3sulhatott meg.\u00a0 J\u00f3 utat \u00e9s sok-sok \u00e9lm\u00e9nyt k\u00edv\u00e1nunk a l\u00e1nyoknak<\/p>\n","protected":false},"author":1,"featured_media":0,"comment_status":"closed","ping_status":"closed","sticky":false,"template":"","format":"standard","meta":{"ngg_post_thumbnail":0},"categories":[1],"tags":[],"_links":{"self":[{"href":"http:\/\/altisk-szederkeny.edu.hu\/weboldal\/index.php?rest_route=\/wp\/v2\/posts\/3743"}],"collection":[{"href":"http:\/\/altisk-szederkeny.edu.hu\/weboldal\/index.php?rest_route=\/wp\/v2\/posts"}],"about":[{"href":"http:\/\/altisk-szederkeny.edu.hu\/weboldal\/index.php?rest_route=\/wp\/v2\/types\/post"}],"author":[{"embeddable":true,"href":"http:\/\/altisk-szederkeny.edu.hu\/weboldal\/index.php?rest_route=\/wp\/v2\/users\/1"}],"replies":[{"embeddable":true,"href":"http:\/\/altisk-szederkeny.edu.hu\/weboldal\/index.php?rest_route=%2Fwp%2Fv2%2Fcomments&post=3743"}],"version-history":[{"count":4,"href":"http:\/\/altisk-szederkeny.edu.hu\/weboldal\/index.php?rest_route=\/wp\/v2\/posts\/3743\/revisions"}],"predecessor-version":[{"id":3749,"href":"http:\/\/altisk-szederkeny.edu.hu\/weboldal\/index.php?rest_route=\/wp\/v2\/posts\/3743\/revisions\/3749"}],"wp:attachment":[{"href":"http:\/\/altisk-szederkeny.edu.hu\/weboldal\/index.php?rest_route=%2Fwp%2Fv2%2Fmedia&parent=3743"}],"wp:term":[{"taxonomy":"category","embeddable":true,"href":"http:\/\/altisk-szederkeny.edu.hu\/weboldal\/index.php?rest_route=%2Fwp%2Fv2%2Fcategories&post=3743"},{"taxonomy":"post_tag","embeddable":true,"href":"http:\/\/altisk-szederkeny.edu.hu\/weboldal\/index.php?rest_route=%2Fwp%2Fv2%2Ftags&post=3743"}],"curies":[{"name":"wp","href":"https:\/\/api.w.org\/{rel}","templated":true}]}}