{"id":3682,"date":"2024-02-05T19:10:11","date_gmt":"2024-02-05T18:10:11","guid":{"rendered":"http:\/\/altisk-szederkeny.edu.hu\/weboldal\/?p=3682"},"modified":"2024-02-05T19:10:11","modified_gmt":"2024-02-05T18:10:11","slug":"mikulas-kupa-2023","status":"publish","type":"post","link":"http:\/\/altisk-szederkeny.edu.hu\/weboldal\/?p=3682","title":{"rendered":"Mikul\u00e1s Kupa 2023."},"content":{"rendered":"\n<p>December 6-\u00e1n a testnevel\u0151 tan\u00e1rok szervez\u00e9s\u00e9ben megrendez\u00e9sre ker\u00fclt a hagyom\u00e1nyos iskolai Mikul\u00e1s Kupa, melyet a 8. oszt\u00e1lyosok csapata z\u00e1rt gy\u0151ztesk\u00e9nt. K\u00f6sz\u00f6nj\u00fck a rendez\u00e9st \u00e9s akt\u00edv k\u00f6zrem\u0171k\u00f6d\u00e9st Orb\u00e1n Tibor, Gyenis Martin \u00e9s Pfeil G\u00e1bor tan\u00e1r uraknak!<\/p>\n\n\n\n<figure class=\"wp-block-gallery has-nested-images columns-default is-cropped wp-block-gallery-1 is-layout-flex\">\n<figure class=\"wp-block-image size-large\"><img decoding=\"async\" loading=\"lazy\" width=\"151\" height=\"225\" data-id=\"3683\"  src=\"http:\/\/altisk-szederkeny.edu.hu\/weboldal\/wp-content\/uploads\/Kep18.jpg\" alt=\"\" class=\"wp-image-3683\" srcset=\"http:\/\/altisk-szederkeny.edu.hu\/weboldal\/wp-content\/uploads\/Kep18.jpg 151w, http:\/\/altisk-szederkeny.edu.hu\/weboldal\/wp-content\/uploads\/Kep18-101x150.jpg 101w\" sizes=\"(max-width: 151px) 100vw, 151px\" \/><\/figure>\n\n\n\n<figure class=\"wp-block-image size-large\"><img decoding=\"async\" loading=\"lazy\" width=\"309\" height=\"347\" data-id=\"3684\"  src=\"http:\/\/altisk-szederkeny.edu.hu\/weboldal\/wp-content\/uploads\/Kep17.jpg\" alt=\"\" class=\"wp-image-3684\" srcset=\"http:\/\/altisk-szederkeny.edu.hu\/weboldal\/wp-content\/uploads\/Kep17.jpg 309w, http:\/\/altisk-szederkeny.edu.hu\/weboldal\/wp-content\/uploads\/Kep17-267x300.jpg 267w, http:\/\/altisk-szederkeny.edu.hu\/weboldal\/wp-content\/uploads\/Kep17-134x150.jpg 134w\" sizes=\"(max-width: 309px) 100vw, 309px\" \/><\/figure>\n\n\n\n<figure class=\"wp-block-image size-large\"><img decoding=\"async\" loading=\"lazy\" width=\"465\" height=\"352\" data-id=\"3685\"  src=\"http:\/\/altisk-szederkeny.edu.hu\/weboldal\/wp-content\/uploads\/Kep16.jpg\" alt=\"\" class=\"wp-image-3685\" srcset=\"http:\/\/altisk-szederkeny.edu.hu\/weboldal\/wp-content\/uploads\/Kep16.jpg 465w, http:\/\/altisk-szederkeny.edu.hu\/weboldal\/wp-content\/uploads\/Kep16-300x227.jpg 300w, http:\/\/altisk-szederkeny.edu.hu\/weboldal\/wp-content\/uploads\/Kep16-150x114.jpg 150w, http:\/\/altisk-szederkeny.edu.hu\/weboldal\/wp-content\/uploads\/Kep16-198x150.jpg 198w\" sizes=\"(max-width: 465px) 100vw, 465px\" \/><\/figure>\n<\/figure>\n","protected":false},"excerpt":{"rendered":"<p>December 6-\u00e1n a testnevel\u0151 tan\u00e1rok szervez\u00e9s\u00e9ben megrendez\u00e9sre ker\u00fclt a hagyom\u00e1nyos iskolai Mikul\u00e1s Kupa, melyet a 8. oszt\u00e1lyosok csapata z\u00e1rt gy\u0151ztesk\u00e9nt. K\u00f6sz\u00f6nj\u00fck a rendez\u00e9st \u00e9s akt\u00edv k\u00f6zrem\u0171k\u00f6d\u00e9st Orb\u00e1n Tibor, Gyenis Martin \u00e9s Pfeil G\u00e1bor tan\u00e1r uraknak!<\/p>\n","protected":false},"author":1,"featured_media":0,"comment_status":"closed","ping_status":"closed","sticky":false,"template":"","format":"standard","meta":{"ngg_post_thumbnail":0},"categories":[1],"tags":[],"_links":{"self":[{"href":"http:\/\/altisk-szederkeny.edu.hu\/weboldal\/index.php?rest_route=\/wp\/v2\/posts\/3682"}],"collection":[{"href":"http:\/\/altisk-szederkeny.edu.hu\/weboldal\/index.php?rest_route=\/wp\/v2\/posts"}],"about":[{"href":"http:\/\/altisk-szederkeny.edu.hu\/weboldal\/index.php?rest_route=\/wp\/v2\/types\/post"}],"author":[{"embeddable":true,"href":"http:\/\/altisk-szederkeny.edu.hu\/weboldal\/index.php?rest_route=\/wp\/v2\/users\/1"}],"replies":[{"embeddable":true,"href":"http:\/\/altisk-szederkeny.edu.hu\/weboldal\/index.php?rest_route=%2Fwp%2Fv2%2Fcomments&post=3682"}],"version-history":[{"count":1,"href":"http:\/\/altisk-szederkeny.edu.hu\/weboldal\/index.php?rest_route=\/wp\/v2\/posts\/3682\/revisions"}],"predecessor-version":[{"id":3686,"href":"http:\/\/altisk-szederkeny.edu.hu\/weboldal\/index.php?rest_route=\/wp\/v2\/posts\/3682\/revisions\/3686"}],"wp:attachment":[{"href":"http:\/\/altisk-szederkeny.edu.hu\/weboldal\/index.php?rest_route=%2Fwp%2Fv2%2Fmedia&parent=3682"}],"wp:term":[{"taxonomy":"category","embeddable":true,"href":"http:\/\/altisk-szederkeny.edu.hu\/weboldal\/index.php?rest_route=%2Fwp%2Fv2%2Fcategories&post=3682"},{"taxonomy":"post_tag","embeddable":true,"href":"http:\/\/altisk-szederkeny.edu.hu\/weboldal\/index.php?rest_route=%2Fwp%2Fv2%2Ftags&post=3682"}],"curies":[{"name":"wp","href":"https:\/\/api.w.org\/{rel}","templated":true}]}}