{"id":3679,"date":"2024-02-05T19:08:44","date_gmt":"2024-02-05T18:08:44","guid":{"rendered":"http:\/\/altisk-szederkeny.edu.hu\/weboldal\/?p=3679"},"modified":"2024-02-05T19:08:44","modified_gmt":"2024-02-05T18:08:44","slug":"savaria-tortenelmi-verseny","status":"publish","type":"post","link":"http:\/\/altisk-szederkeny.edu.hu\/weboldal\/?p=3679","title":{"rendered":"Savaria t\u00f6rt\u00e9nelmi verseny"},"content":{"rendered":"\n<p>Iskol\u00e1nk 8. oszt\u00e1lyos tanul\u00f3ja, Fr\u00f6lich Benj\u00e1min a 2023. december 7-\u00e9n megrendezett Savaria t\u00f6rt\u00e9nelmi verseny iskolai fordul\u00f3j\u00e1b\u00f3l magabiztos eredm\u00e9nnyel jutott tov\u00e1bb a v\u00e1rmegyei fordul\u00f3ba! Gratul\u00e1lunk! Felk\u00e9sz\u00edt\u0151 tan\u00e1r: Leveles L\u00e1szl\u00f3<\/p>\n\n\n<div class=\"wp-block-image\">\n<figure class=\"aligncenter size-full is-resized\"><img decoding=\"async\" loading=\"lazy\" src=\"http:\/\/altisk-szederkeny.edu.hu\/weboldal\/wp-content\/uploads\/Kep15.jpg\" alt=\"\" class=\"wp-image-3680\" width=\"284\" height=\"389\" srcset=\"http:\/\/altisk-szederkeny.edu.hu\/weboldal\/wp-content\/uploads\/Kep15.jpg 379w, http:\/\/altisk-szederkeny.edu.hu\/weboldal\/wp-content\/uploads\/Kep15-219x300.jpg 219w, http:\/\/altisk-szederkeny.edu.hu\/weboldal\/wp-content\/uploads\/Kep15-110x150.jpg 110w\" sizes=\"(max-width: 284px) 100vw, 284px\" \/><\/figure><\/div>","protected":false},"excerpt":{"rendered":"<p>Iskol\u00e1nk 8. oszt\u00e1lyos tanul\u00f3ja, Fr\u00f6lich Benj\u00e1min a 2023. december 7-\u00e9n megrendezett Savaria t\u00f6rt\u00e9nelmi verseny iskolai fordul\u00f3j\u00e1b\u00f3l magabiztos eredm\u00e9nnyel jutott tov\u00e1bb a v\u00e1rmegyei fordul\u00f3ba! Gratul\u00e1lunk! Felk\u00e9sz\u00edt\u0151 tan\u00e1r: Leveles L\u00e1szl\u00f3<\/p>\n","protected":false},"author":1,"featured_media":0,"comment_status":"closed","ping_status":"closed","sticky":false,"template":"","format":"standard","meta":{"ngg_post_thumbnail":0},"categories":[1],"tags":[],"_links":{"self":[{"href":"http:\/\/altisk-szederkeny.edu.hu\/weboldal\/index.php?rest_route=\/wp\/v2\/posts\/3679"}],"collection":[{"href":"http:\/\/altisk-szederkeny.edu.hu\/weboldal\/index.php?rest_route=\/wp\/v2\/posts"}],"about":[{"href":"http:\/\/altisk-szederkeny.edu.hu\/weboldal\/index.php?rest_route=\/wp\/v2\/types\/post"}],"author":[{"embeddable":true,"href":"http:\/\/altisk-szederkeny.edu.hu\/weboldal\/index.php?rest_route=\/wp\/v2\/users\/1"}],"replies":[{"embeddable":true,"href":"http:\/\/altisk-szederkeny.edu.hu\/weboldal\/index.php?rest_route=%2Fwp%2Fv2%2Fcomments&post=3679"}],"version-history":[{"count":1,"href":"http:\/\/altisk-szederkeny.edu.hu\/weboldal\/index.php?rest_route=\/wp\/v2\/posts\/3679\/revisions"}],"predecessor-version":[{"id":3681,"href":"http:\/\/altisk-szederkeny.edu.hu\/weboldal\/index.php?rest_route=\/wp\/v2\/posts\/3679\/revisions\/3681"}],"wp:attachment":[{"href":"http:\/\/altisk-szederkeny.edu.hu\/weboldal\/index.php?rest_route=%2Fwp%2Fv2%2Fmedia&parent=3679"}],"wp:term":[{"taxonomy":"category","embeddable":true,"href":"http:\/\/altisk-szederkeny.edu.hu\/weboldal\/index.php?rest_route=%2Fwp%2Fv2%2Fcategories&post=3679"},{"taxonomy":"post_tag","embeddable":true,"href":"http:\/\/altisk-szederkeny.edu.hu\/weboldal\/index.php?rest_route=%2Fwp%2Fv2%2Ftags&post=3679"}],"curies":[{"name":"wp","href":"https:\/\/api.w.org\/{rel}","templated":true}]}}