{"id":3672,"date":"2024-02-05T19:06:31","date_gmt":"2024-02-05T18:06:31","guid":{"rendered":"http:\/\/altisk-szederkeny.edu.hu\/weboldal\/?p=3672"},"modified":"2024-02-05T19:06:31","modified_gmt":"2024-02-05T18:06:31","slug":"novemberben-tobb-verseny-is-zajlott-az-ijaszat-ritmikus-sportgimnasztika-es-a-tanc-teruleten","status":"publish","type":"post","link":"http:\/\/altisk-szederkeny.edu.hu\/weboldal\/?p=3672","title":{"rendered":"Novemberben t\u00f6bb verseny is zajlott az \u00edj\u00e1szat, ritmikus sportgimnasztika \u00e9s a t\u00e1nc ter\u00fclet\u00e9n."},"content":{"rendered":"\n<p>Jov\u00e1novics Fanni 1. oszt\u00e1lyos tanul\u00f3 az \u00edj\u00e1szatban, Czigler Bella 1. oszt\u00e1lyos \u00e9s Scmidt Vikt\u00f3ria 4. oszt\u00e1lyos tanul\u00f3 ritmikus sportgimnasztik\u00e1ban, Holl\u00f3sy Luca \u00e9s Tak\u00e1cs L\u00e9na 7. oszt\u00e1lyos tanul\u00f3k pedig a t\u00e1nc ter\u00fclet\u00e9n \u00e9rtek el kimagasl\u00f3 eredm\u00e9nyeket.&nbsp;<\/p>\n\n\n\n<figure class=\"wp-block-gallery has-nested-images columns-default is-cropped wp-block-gallery-1 is-layout-flex\">\n<figure class=\"wp-block-image size-large\"><img decoding=\"async\" loading=\"lazy\" width=\"324\" height=\"397\" data-id=\"3674\"  src=\"http:\/\/altisk-szederkeny.edu.hu\/weboldal\/wp-content\/uploads\/Kep14.jpg\" alt=\"\" class=\"wp-image-3674\" srcset=\"http:\/\/altisk-szederkeny.edu.hu\/weboldal\/wp-content\/uploads\/Kep14.jpg 324w, http:\/\/altisk-szederkeny.edu.hu\/weboldal\/wp-content\/uploads\/Kep14-245x300.jpg 245w, http:\/\/altisk-szederkeny.edu.hu\/weboldal\/wp-content\/uploads\/Kep14-122x150.jpg 122w\" sizes=\"(max-width: 324px) 100vw, 324px\" \/><\/figure>\n\n\n\n<figure class=\"wp-block-image size-large\"><img decoding=\"async\" loading=\"lazy\" width=\"280\" height=\"423\" data-id=\"3675\"  src=\"http:\/\/altisk-szederkeny.edu.hu\/weboldal\/wp-content\/uploads\/Kep13.jpg\" alt=\"\" class=\"wp-image-3675\" srcset=\"http:\/\/altisk-szederkeny.edu.hu\/weboldal\/wp-content\/uploads\/Kep13.jpg 280w, http:\/\/altisk-szederkeny.edu.hu\/weboldal\/wp-content\/uploads\/Kep13-199x300.jpg 199w, http:\/\/altisk-szederkeny.edu.hu\/weboldal\/wp-content\/uploads\/Kep13-99x150.jpg 99w\" sizes=\"(max-width: 280px) 100vw, 280px\" \/><\/figure>\n<\/figure>\n","protected":false},"excerpt":{"rendered":"<p>Jov\u00e1novics Fanni 1. oszt\u00e1lyos tanul\u00f3 az \u00edj\u00e1szatban, Czigler Bella 1. oszt\u00e1lyos \u00e9s Scmidt Vikt\u00f3ria 4. oszt\u00e1lyos tanul\u00f3 ritmikus sportgimnasztik\u00e1ban, Holl\u00f3sy Luca \u00e9s Tak\u00e1cs L\u00e9na 7. oszt\u00e1lyos tanul\u00f3k pedig a t\u00e1nc ter\u00fclet\u00e9n \u00e9rtek el kimagasl\u00f3 eredm\u00e9nyeket.&nbsp;<\/p>\n","protected":false},"author":1,"featured_media":0,"comment_status":"closed","ping_status":"closed","sticky":false,"template":"","format":"standard","meta":{"ngg_post_thumbnail":0},"categories":[1],"tags":[],"_links":{"self":[{"href":"http:\/\/altisk-szederkeny.edu.hu\/weboldal\/index.php?rest_route=\/wp\/v2\/posts\/3672"}],"collection":[{"href":"http:\/\/altisk-szederkeny.edu.hu\/weboldal\/index.php?rest_route=\/wp\/v2\/posts"}],"about":[{"href":"http:\/\/altisk-szederkeny.edu.hu\/weboldal\/index.php?rest_route=\/wp\/v2\/types\/post"}],"author":[{"embeddable":true,"href":"http:\/\/altisk-szederkeny.edu.hu\/weboldal\/index.php?rest_route=\/wp\/v2\/users\/1"}],"replies":[{"embeddable":true,"href":"http:\/\/altisk-szederkeny.edu.hu\/weboldal\/index.php?rest_route=%2Fwp%2Fv2%2Fcomments&post=3672"}],"version-history":[{"count":3,"href":"http:\/\/altisk-szederkeny.edu.hu\/weboldal\/index.php?rest_route=\/wp\/v2\/posts\/3672\/revisions"}],"predecessor-version":[{"id":3678,"href":"http:\/\/altisk-szederkeny.edu.hu\/weboldal\/index.php?rest_route=\/wp\/v2\/posts\/3672\/revisions\/3678"}],"wp:attachment":[{"href":"http:\/\/altisk-szederkeny.edu.hu\/weboldal\/index.php?rest_route=%2Fwp%2Fv2%2Fmedia&parent=3672"}],"wp:term":[{"taxonomy":"category","embeddable":true,"href":"http:\/\/altisk-szederkeny.edu.hu\/weboldal\/index.php?rest_route=%2Fwp%2Fv2%2Fcategories&post=3672"},{"taxonomy":"post_tag","embeddable":true,"href":"http:\/\/altisk-szederkeny.edu.hu\/weboldal\/index.php?rest_route=%2Fwp%2Fv2%2Ftags&post=3672"}],"curies":[{"name":"wp","href":"https:\/\/api.w.org\/{rel}","templated":true}]}}