{"id":3663,"date":"2024-02-05T18:57:47","date_gmt":"2024-02-05T17:57:47","guid":{"rendered":"http:\/\/altisk-szederkeny.edu.hu\/weboldal\/?p=3663"},"modified":"2024-02-05T18:57:47","modified_gmt":"2024-02-05T17:57:47","slug":"mezes-reggeli-2023","status":"publish","type":"post","link":"http:\/\/altisk-szederkeny.edu.hu\/weboldal\/?p=3663","title":{"rendered":"M\u00e9zes Reggeli 2023."},"content":{"rendered":"\n<p>Iskol\u00e1nk az idei tan\u00e9vben is r\u00e9szt vett a M\u00e9zes Reggeli elnevez\u00e9s\u0171 programon. Beck L\u00e1szl\u00f3 igazgat\u00f3, &#8211; aki maga is m\u00e9h\u00e9szkedik &#8211;&nbsp; minden oszt\u00e1lyban kisel\u0151ad\u00e1st tartott a m\u00e9hek beporz\u00f3&nbsp;munk\u00e1j\u00e1r\u00f3l, a m\u00e9zfogyaszt\u00e1s eg\u00e9szs\u00e9g\u00fcgyi&nbsp;hat\u00e1sair\u00f3l.&nbsp;<\/p>\n<p>Kiemelte a m\u00e9h\u00e9szekt\u0151l, termel\u0151kt\u0151l&nbsp;v\u00e1s\u00e1rolt&nbsp;kiv\u00e1l\u00f3 fajta m\u00e9zek fogyaszt\u00e1s\u00e1t. Az iskol\u00e1ban a Beczenleitner, a Zsdr\u00e1lyevics \u00e9s a Beck m\u00e9h\u00e9szet m\u00e9zeit k\u00f3stolt\u00e1k a tanul\u00f3k. K\u00f6sz\u00f6nj\u00fck a felaj\u00e1nl\u00e1sokat!<\/p>\n<p>Az Orsz\u00e1gos Magyar M\u00e9h\u00e9szeti Egyes\u00fclet&nbsp;az idei \u00e9vben is, t\u00f6bbf\u00e9le seg\u00e9danyaggal seg\u00edtette a M\u00e9zes Reggeli Program sz\u00ednvonalas&nbsp;megjelen\u00e9s\u00e9t.<\/p>\n<p>A program v\u00e9g\u00e9n minden tanul\u00f3 az OMME felaj\u00e1nl\u00e1s\u00e1nak j\u00f3volt\u00e1b\u00f3l egy kis zacsk\u00f3 m\u00e9zet vihetett haza.<\/p>\n\n\n<div class=\"wp-block-image\">\n<figure class=\"aligncenter size-full is-resized\"><img decoding=\"async\" loading=\"lazy\" src=\"http:\/\/altisk-szederkeny.edu.hu\/weboldal\/wp-content\/uploads\/Kep9-edited.jpg\" alt=\"\" class=\"wp-image-3665\" width=\"611\" height=\"452\" srcset=\"http:\/\/altisk-szederkeny.edu.hu\/weboldal\/wp-content\/uploads\/Kep9-edited.jpg 814w, http:\/\/altisk-szederkeny.edu.hu\/weboldal\/wp-content\/uploads\/Kep9-edited-300x222.jpg 300w, http:\/\/altisk-szederkeny.edu.hu\/weboldal\/wp-content\/uploads\/Kep9-edited-768x568.jpg 768w, http:\/\/altisk-szederkeny.edu.hu\/weboldal\/wp-content\/uploads\/Kep9-edited-600x444.jpg 600w, http:\/\/altisk-szederkeny.edu.hu\/weboldal\/wp-content\/uploads\/Kep9-edited-150x111.jpg 150w, http:\/\/altisk-szederkeny.edu.hu\/weboldal\/wp-content\/uploads\/Kep9-edited-203x150.jpg 203w\" sizes=\"(max-width: 611px) 100vw, 611px\" \/><\/figure><\/div>","protected":false},"excerpt":{"rendered":"<p>Iskol\u00e1nk az idei tan\u00e9vben is r\u00e9szt vett a M\u00e9zes Reggeli elnevez\u00e9s\u0171 programon. Beck L\u00e1szl\u00f3 igazgat\u00f3, &#8211; aki maga is m\u00e9h\u00e9szkedik &#8211;&nbsp; minden oszt\u00e1lyban kisel\u0151ad\u00e1st tartott a m\u00e9hek beporz\u00f3&nbsp;munk\u00e1j\u00e1r\u00f3l, a m\u00e9zfogyaszt\u00e1s eg\u00e9szs\u00e9g\u00fcgyi&nbsp;hat\u00e1sair\u00f3l.&nbsp; Kiemelte a m\u00e9h\u00e9szekt\u0151l, termel\u0151kt\u0151l&nbsp;v\u00e1s\u00e1rolt&nbsp;kiv\u00e1l\u00f3 fajta m\u00e9zek fogyaszt\u00e1s\u00e1t. Az iskol\u00e1ban a Beczenleitner, a Zsdr\u00e1lyevics \u00e9s a Beck m\u00e9h\u00e9szet m\u00e9zeit k\u00f3stolt\u00e1k \u2026 <a class=\"continue-reading-link\" href=\"http:\/\/altisk-szederkeny.edu.hu\/weboldal\/?p=3663\"> Continue reading <span class=\"meta-nav\">&rarr; <\/span><\/a><\/p>\n","protected":false},"author":1,"featured_media":0,"comment_status":"closed","ping_status":"closed","sticky":false,"template":"","format":"standard","meta":{"ngg_post_thumbnail":0},"categories":[1],"tags":[],"_links":{"self":[{"href":"http:\/\/altisk-szederkeny.edu.hu\/weboldal\/index.php?rest_route=\/wp\/v2\/posts\/3663"}],"collection":[{"href":"http:\/\/altisk-szederkeny.edu.hu\/weboldal\/index.php?rest_route=\/wp\/v2\/posts"}],"about":[{"href":"http:\/\/altisk-szederkeny.edu.hu\/weboldal\/index.php?rest_route=\/wp\/v2\/types\/post"}],"author":[{"embeddable":true,"href":"http:\/\/altisk-szederkeny.edu.hu\/weboldal\/index.php?rest_route=\/wp\/v2\/users\/1"}],"replies":[{"embeddable":true,"href":"http:\/\/altisk-szederkeny.edu.hu\/weboldal\/index.php?rest_route=%2Fwp%2Fv2%2Fcomments&post=3663"}],"version-history":[{"count":2,"href":"http:\/\/altisk-szederkeny.edu.hu\/weboldal\/index.php?rest_route=\/wp\/v2\/posts\/3663\/revisions"}],"predecessor-version":[{"id":3667,"href":"http:\/\/altisk-szederkeny.edu.hu\/weboldal\/index.php?rest_route=\/wp\/v2\/posts\/3663\/revisions\/3667"}],"wp:attachment":[{"href":"http:\/\/altisk-szederkeny.edu.hu\/weboldal\/index.php?rest_route=%2Fwp%2Fv2%2Fmedia&parent=3663"}],"wp:term":[{"taxonomy":"category","embeddable":true,"href":"http:\/\/altisk-szederkeny.edu.hu\/weboldal\/index.php?rest_route=%2Fwp%2Fv2%2Fcategories&post=3663"},{"taxonomy":"post_tag","embeddable":true,"href":"http:\/\/altisk-szederkeny.edu.hu\/weboldal\/index.php?rest_route=%2Fwp%2Fv2%2Ftags&post=3663"}],"curies":[{"name":"wp","href":"https:\/\/api.w.org\/{rel}","templated":true}]}}