{"id":3660,"date":"2024-02-05T18:55:04","date_gmt":"2024-02-05T17:55:04","guid":{"rendered":"http:\/\/altisk-szederkeny.edu.hu\/weboldal\/?p=3660"},"modified":"2024-02-05T18:55:04","modified_gmt":"2024-02-05T17:55:04","slug":"magyarok-elnevezesu-masodik-vilaghaborus-tortenelmi-verseny","status":"publish","type":"post","link":"http:\/\/altisk-szederkeny.edu.hu\/weboldal\/?p=3660","title":{"rendered":"Magyarok elnevez\u00e9s\u0171 m\u00e1sodik vil\u00e1gh\u00e1bor\u00fas t\u00f6rt\u00e9nelmi verseny"},"content":{"rendered":"\n<p>November 22-\u00e9n a <a href=\"https:\/\/www.facebook.com\/profile.php?id=100011076483525&amp;__cft__%5b0%5d=AZWqnZocnAX2QjCk-eW25U_8eBQz1AQ_TqdCE_4WK_es7mY-RpcvV89ioIGZzM1Xlx9fmq6RiA8E6GYLkcWcE99iTsD9Ry6erEa1gBUuIm5RoCxQXKkMUUkQVInz9NCBF-w6kOmXcz1eG2eTq2xKNueMhxWuB_0qLqlD6Ga4X3VXzgSfgcBnwiLG0qfzPkZxJYk&amp;__tn__=-%5dK-R\">Szederk\u00e9nyi \u00c1ltal\u00e1nos Iskola<\/a> hatodikosai, hetedikesei \u00e9s nyolcadikosai a Magyarok elnevez\u00e9s\u0171 m\u00e1sodik vil\u00e1gh\u00e1bor\u00fas t\u00f6rt\u00e9nelmi verseny harmadik, egyben utols\u00f3 fordul\u00f3j\u00e1n vettek r\u00e9szt G\u00f6rcs\u00f6nyben.<\/p>\n<p>A \u201eNincs p\u00e9nz\u201d nev\u0171 csapat tagjai: Papp Hanna, Schalli Panni, Otterbein Krist\u00f3f, Farkas G\u00e1bor \u00e9s a \u201eLigerek\u201d: <a href=\"https:\/\/www.facebook.com\/profile.php?id=100077830702244&amp;__cft__%5b0%5d=AZWqnZocnAX2QjCk-eW25U_8eBQz1AQ_TqdCE_4WK_es7mY-RpcvV89ioIGZzM1Xlx9fmq6RiA8E6GYLkcWcE99iTsD9Ry6erEa1gBUuIm5RoCxQXKkMUUkQVInz9NCBF-w6kOmXcz1eG2eTq2xKNueMhxWuB_0qLqlD6Ga4X3VXzgSfgcBnwiLG0qfzPkZxJYk&amp;__tn__=-%5dK-R\">&nbsp;Fr\u00f6lich<\/a> Benj\u00e1min, Bal\u00e1zs Botond, Tok S\u00e1ra, Koz\u00e1ri Szid\u00f3nia.<\/p>\n\n\n<div class=\"wp-block-image\">\n<figure class=\"aligncenter size-full is-resized\"><img decoding=\"async\" loading=\"lazy\" src=\"http:\/\/altisk-szederkeny.edu.hu\/weboldal\/wp-content\/uploads\/Kep8.jpg\" alt=\"\" class=\"wp-image-3661\" width=\"403\" height=\"323\" srcset=\"http:\/\/altisk-szederkeny.edu.hu\/weboldal\/wp-content\/uploads\/Kep8.jpg 537w, http:\/\/altisk-szederkeny.edu.hu\/weboldal\/wp-content\/uploads\/Kep8-300x240.jpg 300w, http:\/\/altisk-szederkeny.edu.hu\/weboldal\/wp-content\/uploads\/Kep8-150x120.jpg 150w, http:\/\/altisk-szederkeny.edu.hu\/weboldal\/wp-content\/uploads\/Kep8-187x150.jpg 187w\" sizes=\"(max-width: 403px) 100vw, 403px\" \/><\/figure><\/div>","protected":false},"excerpt":{"rendered":"<p>November 22-\u00e9n a Szederk\u00e9nyi \u00c1ltal\u00e1nos Iskola hatodikosai, hetedikesei \u00e9s nyolcadikosai a Magyarok elnevez\u00e9s\u0171 m\u00e1sodik vil\u00e1gh\u00e1bor\u00fas t\u00f6rt\u00e9nelmi verseny harmadik, egyben utols\u00f3 fordul\u00f3j\u00e1n vettek r\u00e9szt G\u00f6rcs\u00f6nyben. A \u201eNincs p\u00e9nz\u201d nev\u0171 csapat tagjai: Papp Hanna, Schalli Panni, Otterbein Krist\u00f3f, Farkas G\u00e1bor \u00e9s a \u201eLigerek\u201d: &nbsp;Fr\u00f6lich Benj\u00e1min, Bal\u00e1zs Botond, Tok S\u00e1ra, Koz\u00e1ri Szid\u00f3nia.<\/p>\n","protected":false},"author":1,"featured_media":0,"comment_status":"closed","ping_status":"closed","sticky":false,"template":"","format":"standard","meta":{"ngg_post_thumbnail":0},"categories":[1],"tags":[],"_links":{"self":[{"href":"http:\/\/altisk-szederkeny.edu.hu\/weboldal\/index.php?rest_route=\/wp\/v2\/posts\/3660"}],"collection":[{"href":"http:\/\/altisk-szederkeny.edu.hu\/weboldal\/index.php?rest_route=\/wp\/v2\/posts"}],"about":[{"href":"http:\/\/altisk-szederkeny.edu.hu\/weboldal\/index.php?rest_route=\/wp\/v2\/types\/post"}],"author":[{"embeddable":true,"href":"http:\/\/altisk-szederkeny.edu.hu\/weboldal\/index.php?rest_route=\/wp\/v2\/users\/1"}],"replies":[{"embeddable":true,"href":"http:\/\/altisk-szederkeny.edu.hu\/weboldal\/index.php?rest_route=%2Fwp%2Fv2%2Fcomments&post=3660"}],"version-history":[{"count":1,"href":"http:\/\/altisk-szederkeny.edu.hu\/weboldal\/index.php?rest_route=\/wp\/v2\/posts\/3660\/revisions"}],"predecessor-version":[{"id":3662,"href":"http:\/\/altisk-szederkeny.edu.hu\/weboldal\/index.php?rest_route=\/wp\/v2\/posts\/3660\/revisions\/3662"}],"wp:attachment":[{"href":"http:\/\/altisk-szederkeny.edu.hu\/weboldal\/index.php?rest_route=%2Fwp%2Fv2%2Fmedia&parent=3660"}],"wp:term":[{"taxonomy":"category","embeddable":true,"href":"http:\/\/altisk-szederkeny.edu.hu\/weboldal\/index.php?rest_route=%2Fwp%2Fv2%2Fcategories&post=3660"},{"taxonomy":"post_tag","embeddable":true,"href":"http:\/\/altisk-szederkeny.edu.hu\/weboldal\/index.php?rest_route=%2Fwp%2Fv2%2Ftags&post=3660"}],"curies":[{"name":"wp","href":"https:\/\/api.w.org\/{rel}","templated":true}]}}