{"id":3656,"date":"2024-02-05T18:52:52","date_gmt":"2024-02-05T17:52:52","guid":{"rendered":"http:\/\/altisk-szederkeny.edu.hu\/weboldal\/?p=3656"},"modified":"2024-02-05T18:52:52","modified_gmt":"2024-02-05T17:52:52","slug":"bolyai-kupa-tersegi-szamolasi-verseny","status":"publish","type":"post","link":"http:\/\/altisk-szederkeny.edu.hu\/weboldal\/?p=3656","title":{"rendered":"Bolyai &#8211; Kupa T\u00e9rs\u00e9gi sz\u00e1mol\u00e1si verseny"},"content":{"rendered":"\n<p>November 22-\u00e9n a Bolyai &#8211; Kupa T\u00e9rs\u00e9gi sz\u00e1mol\u00e1si versenyen a 7-8. \u00e9vfolyamon Hafner M\u00e1rton 2. helyez\u00e9st \u00e9rt el.<\/p>\n\n\n\n<p>Csapatban is 2. helyez\u00e9st \u00e9rtek el Hafner M\u00e1rton, Cs\u00e9pl\u0151 Gerg\u0151 \u00e9s Beck Martin. K\u00f6sz\u00f6net a felk\u00e9sz\u00edt\u00e9s\u00e9rt Turi Zs\u00f3fia tan\u00e1rn\u0151nek!<\/p>\n\n\n\n<figure class=\"wp-block-gallery has-nested-images columns-default is-cropped wp-block-gallery-1 is-layout-flex\">\n<figure class=\"wp-block-image size-large\"><img decoding=\"async\" loading=\"lazy\" width=\"361\" height=\"492\" data-id=\"3658\"  src=\"http:\/\/altisk-szederkeny.edu.hu\/weboldal\/wp-content\/uploads\/Kep7.jpg\" alt=\"\" class=\"wp-image-3658\" srcset=\"http:\/\/altisk-szederkeny.edu.hu\/weboldal\/wp-content\/uploads\/Kep7.jpg 361w, http:\/\/altisk-szederkeny.edu.hu\/weboldal\/wp-content\/uploads\/Kep7-220x300.jpg 220w, http:\/\/altisk-szederkeny.edu.hu\/weboldal\/wp-content\/uploads\/Kep7-110x150.jpg 110w\" sizes=\"(max-width: 361px) 100vw, 361px\" \/><\/figure>\n\n\n\n<figure class=\"wp-block-image size-large\"><img decoding=\"async\" loading=\"lazy\" width=\"507\" height=\"720\" data-id=\"3657\"  src=\"http:\/\/altisk-szederkeny.edu.hu\/weboldal\/wp-content\/uploads\/Kep6.jpg\" alt=\"\" class=\"wp-image-3657\" srcset=\"http:\/\/altisk-szederkeny.edu.hu\/weboldal\/wp-content\/uploads\/Kep6.jpg 507w, http:\/\/altisk-szederkeny.edu.hu\/weboldal\/wp-content\/uploads\/Kep6-211x300.jpg 211w, http:\/\/altisk-szederkeny.edu.hu\/weboldal\/wp-content\/uploads\/Kep6-106x150.jpg 106w\" sizes=\"(max-width: 507px) 100vw, 507px\" \/><\/figure>\n<\/figure>\n","protected":false},"excerpt":{"rendered":"<p>November 22-\u00e9n a Bolyai &#8211; Kupa T\u00e9rs\u00e9gi sz\u00e1mol\u00e1si versenyen a 7-8. \u00e9vfolyamon Hafner M\u00e1rton 2. helyez\u00e9st \u00e9rt el. Csapatban is 2. helyez\u00e9st \u00e9rtek el Hafner M\u00e1rton, Cs\u00e9pl\u0151 Gerg\u0151 \u00e9s Beck Martin. K\u00f6sz\u00f6net a felk\u00e9sz\u00edt\u00e9s\u00e9rt Turi Zs\u00f3fia tan\u00e1rn\u0151nek!<\/p>\n","protected":false},"author":1,"featured_media":0,"comment_status":"closed","ping_status":"closed","sticky":false,"template":"","format":"standard","meta":{"ngg_post_thumbnail":0},"categories":[1],"tags":[],"_links":{"self":[{"href":"http:\/\/altisk-szederkeny.edu.hu\/weboldal\/index.php?rest_route=\/wp\/v2\/posts\/3656"}],"collection":[{"href":"http:\/\/altisk-szederkeny.edu.hu\/weboldal\/index.php?rest_route=\/wp\/v2\/posts"}],"about":[{"href":"http:\/\/altisk-szederkeny.edu.hu\/weboldal\/index.php?rest_route=\/wp\/v2\/types\/post"}],"author":[{"embeddable":true,"href":"http:\/\/altisk-szederkeny.edu.hu\/weboldal\/index.php?rest_route=\/wp\/v2\/users\/1"}],"replies":[{"embeddable":true,"href":"http:\/\/altisk-szederkeny.edu.hu\/weboldal\/index.php?rest_route=%2Fwp%2Fv2%2Fcomments&post=3656"}],"version-history":[{"count":1,"href":"http:\/\/altisk-szederkeny.edu.hu\/weboldal\/index.php?rest_route=\/wp\/v2\/posts\/3656\/revisions"}],"predecessor-version":[{"id":3659,"href":"http:\/\/altisk-szederkeny.edu.hu\/weboldal\/index.php?rest_route=\/wp\/v2\/posts\/3656\/revisions\/3659"}],"wp:attachment":[{"href":"http:\/\/altisk-szederkeny.edu.hu\/weboldal\/index.php?rest_route=%2Fwp%2Fv2%2Fmedia&parent=3656"}],"wp:term":[{"taxonomy":"category","embeddable":true,"href":"http:\/\/altisk-szederkeny.edu.hu\/weboldal\/index.php?rest_route=%2Fwp%2Fv2%2Fcategories&post=3656"},{"taxonomy":"post_tag","embeddable":true,"href":"http:\/\/altisk-szederkeny.edu.hu\/weboldal\/index.php?rest_route=%2Fwp%2Fv2%2Ftags&post=3656"}],"curies":[{"name":"wp","href":"https:\/\/api.w.org\/{rel}","templated":true}]}}