{"id":3652,"date":"2024-02-05T18:50:50","date_gmt":"2024-02-05T17:50:50","guid":{"rendered":"http:\/\/altisk-szederkeny.edu.hu\/weboldal\/?p=3652"},"modified":"2024-02-05T18:50:50","modified_gmt":"2024-02-05T17:50:50","slug":"labtoll-labda-xxvii-gyermek-orszagos-bajnoksaga","status":"publish","type":"post","link":"http:\/\/altisk-szederkeny.edu.hu\/weboldal\/?p=3652","title":{"rendered":"L\u00e1btoll-labda XXVII. gyermek orsz\u00e1gos bajnoks\u00e1ga."},"content":{"rendered":"\n<p>&nbsp;November 18-\u00e1n az iskolai tehets\u00e9ggondoz\u00f3 program keret\u00e9ben m\u0171k\u00f6d\u0151 l\u00e1btoll-labda csapatunk r\u00e9szt vett Duna\u00fajv\u00e1rosban, a sport\u00e1g XXVII. gyermek orsz\u00e1gos bajnoks\u00e1g\u00e1n.<\/p>\n<p>&nbsp;&nbsp; A hatodikosok csapata: K\u0151halmi K\u00e1roly, Lutz Levente, Otterbein Krist\u00f3f \u00e9s Quell Z\u00e9n\u00f3 az 5. helyet, m\u00edg az \u00f6t\u00f6dikesek &#8211; Balog Jusztin, Nagy Norbert \u00e9s Rupa Rokk\u00f3 &#8211; a 7. helyet szerezt\u00e9k meg.<\/p>\n<p>&nbsp;&nbsp; Egy\u00e9niben Nagy Norbert az el\u0151kel\u0151 6. helyen v\u00e9gzett, Quell Z\u00e9n\u00f3 pedig 9. lett.<\/p>\n<p>Gratul\u00e1lunk a sz\u00e9p eredm\u00e9nyekhez \u00e9s a felk\u00e9sz\u00edt\u00e9shez Orb\u00e1n Tibor tan\u00e1r \u00farnak!<\/p>\n\n\n\n<figure class=\"wp-block-gallery has-nested-images columns-default is-cropped wp-block-gallery-1 is-layout-flex\">\n<figure class=\"wp-block-image size-large\"><img decoding=\"async\" loading=\"lazy\" width=\"545\" height=\"409\" data-id=\"3653\"  src=\"http:\/\/altisk-szederkeny.edu.hu\/weboldal\/wp-content\/uploads\/Kep5.jpg\" alt=\"\" class=\"wp-image-3653\" srcset=\"http:\/\/altisk-szederkeny.edu.hu\/weboldal\/wp-content\/uploads\/Kep5.jpg 545w, http:\/\/altisk-szederkeny.edu.hu\/weboldal\/wp-content\/uploads\/Kep5-300x225.jpg 300w, http:\/\/altisk-szederkeny.edu.hu\/weboldal\/wp-content\/uploads\/Kep5-150x113.jpg 150w, http:\/\/altisk-szederkeny.edu.hu\/weboldal\/wp-content\/uploads\/Kep5-200x150.jpg 200w\" sizes=\"(max-width: 545px) 100vw, 545px\" \/><\/figure>\n\n\n\n<figure class=\"wp-block-image size-large\"><img decoding=\"async\" loading=\"lazy\" width=\"618\" height=\"413\" data-id=\"3654\"  src=\"http:\/\/altisk-szederkeny.edu.hu\/weboldal\/wp-content\/uploads\/Kep4.jpg\" alt=\"\" class=\"wp-image-3654\" srcset=\"http:\/\/altisk-szederkeny.edu.hu\/weboldal\/wp-content\/uploads\/Kep4.jpg 618w, http:\/\/altisk-szederkeny.edu.hu\/weboldal\/wp-content\/uploads\/Kep4-300x200.jpg 300w, http:\/\/altisk-szederkeny.edu.hu\/weboldal\/wp-content\/uploads\/Kep4-600x401.jpg 600w, http:\/\/altisk-szederkeny.edu.hu\/weboldal\/wp-content\/uploads\/Kep4-150x100.jpg 150w, http:\/\/altisk-szederkeny.edu.hu\/weboldal\/wp-content\/uploads\/Kep4-224x150.jpg 224w\" sizes=\"(max-width: 618px) 100vw, 618px\" \/><\/figure>\n<\/figure>\n","protected":false},"excerpt":{"rendered":"<p>&nbsp;November 18-\u00e1n az iskolai tehets\u00e9ggondoz\u00f3 program keret\u00e9ben m\u0171k\u00f6d\u0151 l\u00e1btoll-labda csapatunk r\u00e9szt vett Duna\u00fajv\u00e1rosban, a sport\u00e1g XXVII. gyermek orsz\u00e1gos bajnoks\u00e1g\u00e1n. &nbsp;&nbsp; A hatodikosok csapata: K\u0151halmi K\u00e1roly, Lutz Levente, Otterbein Krist\u00f3f \u00e9s Quell Z\u00e9n\u00f3 az 5. helyet, m\u00edg az \u00f6t\u00f6dikesek &#8211; Balog Jusztin, Nagy Norbert \u00e9s Rupa Rokk\u00f3 &#8211; a 7. helyet \u2026 <a class=\"continue-reading-link\" href=\"http:\/\/altisk-szederkeny.edu.hu\/weboldal\/?p=3652\"> Continue reading <span class=\"meta-nav\">&rarr; <\/span><\/a><\/p>\n","protected":false},"author":1,"featured_media":0,"comment_status":"closed","ping_status":"closed","sticky":false,"template":"","format":"standard","meta":{"ngg_post_thumbnail":0},"categories":[1],"tags":[],"_links":{"self":[{"href":"http:\/\/altisk-szederkeny.edu.hu\/weboldal\/index.php?rest_route=\/wp\/v2\/posts\/3652"}],"collection":[{"href":"http:\/\/altisk-szederkeny.edu.hu\/weboldal\/index.php?rest_route=\/wp\/v2\/posts"}],"about":[{"href":"http:\/\/altisk-szederkeny.edu.hu\/weboldal\/index.php?rest_route=\/wp\/v2\/types\/post"}],"author":[{"embeddable":true,"href":"http:\/\/altisk-szederkeny.edu.hu\/weboldal\/index.php?rest_route=\/wp\/v2\/users\/1"}],"replies":[{"embeddable":true,"href":"http:\/\/altisk-szederkeny.edu.hu\/weboldal\/index.php?rest_route=%2Fwp%2Fv2%2Fcomments&post=3652"}],"version-history":[{"count":1,"href":"http:\/\/altisk-szederkeny.edu.hu\/weboldal\/index.php?rest_route=\/wp\/v2\/posts\/3652\/revisions"}],"predecessor-version":[{"id":3655,"href":"http:\/\/altisk-szederkeny.edu.hu\/weboldal\/index.php?rest_route=\/wp\/v2\/posts\/3652\/revisions\/3655"}],"wp:attachment":[{"href":"http:\/\/altisk-szederkeny.edu.hu\/weboldal\/index.php?rest_route=%2Fwp%2Fv2%2Fmedia&parent=3652"}],"wp:term":[{"taxonomy":"category","embeddable":true,"href":"http:\/\/altisk-szederkeny.edu.hu\/weboldal\/index.php?rest_route=%2Fwp%2Fv2%2Fcategories&post=3652"},{"taxonomy":"post_tag","embeddable":true,"href":"http:\/\/altisk-szederkeny.edu.hu\/weboldal\/index.php?rest_route=%2Fwp%2Fv2%2Ftags&post=3652"}],"curies":[{"name":"wp","href":"https:\/\/api.w.org\/{rel}","templated":true}]}}