{"id":3647,"date":"2024-02-05T18:48:16","date_gmt":"2024-02-05T17:48:16","guid":{"rendered":"http:\/\/altisk-szederkeny.edu.hu\/weboldal\/?p=3647"},"modified":"2024-02-05T18:48:16","modified_gmt":"2024-02-05T17:48:16","slug":"mohacsi-kisfaludy-karoly-gimnazium-human-otproba-versenye","status":"publish","type":"post","link":"http:\/\/altisk-szederkeny.edu.hu\/weboldal\/?p=3647","title":{"rendered":"Moh\u00e1csi Kisfaludy K\u00e1roly Gimn\u00e1zium Hum\u00e1n \u00d6tpr\u00f3ba versenye"},"content":{"rendered":"\n<p>November 15-\u00e9n 6. \u00e9s 7. oszt\u00e1lyos tanul\u00f3ink r\u00e9szt vettek a <a href=\"https:\/\/www.facebook.com\/gimimohacs?__cft__%5b0%5d=AZUIwroGu1KErKtnhI98reSm5DLU2tZ7MRTsP21lo26ND_YoE3kdk4Pwvry2caqc04mBlarf9z3r4DwGSPx4wVN1N6xLxRIxG6Sc0DV1C3dLXiUS2kUFoNNGkkdD_R1BFEjHeYGxOz9JQgBTntXg8WDDsRHU9O-f8Pc-6cmKZNagkly9Kg_5K6RATPxUmgSv73o&amp;__tn__=-%5dK-R\">Moh\u00e1csi Kisfaludy K\u00e1roly Gimn\u00e1zium<\/a> Hum\u00e1n \u00d6tpr\u00f3ba verseny\u00e9n, ahol magyarb\u00f3l \u00e9s t\u00f6rt\u00e9nelemb\u0151l adhattak sz\u00e1mot tud\u00e1sukr\u00f3l.<\/p>\n<p>&nbsp;&nbsp; A hetedikesek &#8222;Igazs\u00e1gosok&#8221; csapata (Holl\u00f3sy Luca, Koz\u00e1ri Szid\u00f3nia, Tak\u00e1cs L\u00e9na) M\u00c1SODIK helyez\u00e9st, m\u00edg az hatodikosok &#8222;Nemesek&#8221; csapata (Pataki Hanna, Till Gr\u00e9ta, Otterbein Krist\u00f3f) \u00d6T\u00d6DIK helyez\u00e9st \u00e9rt el. Gratul\u00e1lunk \u00e9s k\u00f6sz\u00f6nj\u00fck a felk\u00e9sz\u00edt\u00e9st Leveles L\u00e1szl\u00f3, Bed\u0151 Ilona \u00e9s Papula Ir\u00e9n pedag\u00f3gusoknak!<\/p>\n\n\n\n<figure class=\"wp-block-gallery has-nested-images columns-default is-cropped wp-block-gallery-1 is-layout-flex\">\n<figure class=\"wp-block-image size-large\"><img decoding=\"async\" loading=\"lazy\" width=\"418\" height=\"509\" data-id=\"3648\"  src=\"http:\/\/altisk-szederkeny.edu.hu\/weboldal\/wp-content\/uploads\/Kep3.jpg\" alt=\"\" class=\"wp-image-3648\" srcset=\"http:\/\/altisk-szederkeny.edu.hu\/weboldal\/wp-content\/uploads\/Kep3.jpg 418w, http:\/\/altisk-szederkeny.edu.hu\/weboldal\/wp-content\/uploads\/Kep3-246x300.jpg 246w, http:\/\/altisk-szederkeny.edu.hu\/weboldal\/wp-content\/uploads\/Kep3-123x150.jpg 123w\" sizes=\"(max-width: 418px) 100vw, 418px\" \/><\/figure>\n\n\n\n<figure class=\"wp-block-image size-large\"><img decoding=\"async\" loading=\"lazy\" width=\"566\" height=\"424\" data-id=\"3649\"  src=\"http:\/\/altisk-szederkeny.edu.hu\/weboldal\/wp-content\/uploads\/Kep2.jpg\" alt=\"\" class=\"wp-image-3649\" srcset=\"http:\/\/altisk-szederkeny.edu.hu\/weboldal\/wp-content\/uploads\/Kep2.jpg 566w, http:\/\/altisk-szederkeny.edu.hu\/weboldal\/wp-content\/uploads\/Kep2-300x225.jpg 300w, http:\/\/altisk-szederkeny.edu.hu\/weboldal\/wp-content\/uploads\/Kep2-150x112.jpg 150w, http:\/\/altisk-szederkeny.edu.hu\/weboldal\/wp-content\/uploads\/Kep2-200x150.jpg 200w\" sizes=\"(max-width: 566px) 100vw, 566px\" \/><\/figure>\n<\/figure>\n","protected":false},"excerpt":{"rendered":"<p>November 15-\u00e9n 6. \u00e9s 7. oszt\u00e1lyos tanul\u00f3ink r\u00e9szt vettek a Moh\u00e1csi Kisfaludy K\u00e1roly Gimn\u00e1zium Hum\u00e1n \u00d6tpr\u00f3ba verseny\u00e9n, ahol magyarb\u00f3l \u00e9s t\u00f6rt\u00e9nelemb\u0151l adhattak sz\u00e1mot tud\u00e1sukr\u00f3l. &nbsp;&nbsp; A hetedikesek &#8222;Igazs\u00e1gosok&#8221; csapata (Holl\u00f3sy Luca, Koz\u00e1ri Szid\u00f3nia, Tak\u00e1cs L\u00e9na) M\u00c1SODIK helyez\u00e9st, m\u00edg az hatodikosok &#8222;Nemesek&#8221; csapata (Pataki Hanna, Till Gr\u00e9ta, Otterbein Krist\u00f3f) \u00d6T\u00d6DIK helyez\u00e9st \u2026 <a class=\"continue-reading-link\" href=\"http:\/\/altisk-szederkeny.edu.hu\/weboldal\/?p=3647\"> Continue reading <span class=\"meta-nav\">&rarr; <\/span><\/a><\/p>\n","protected":false},"author":1,"featured_media":0,"comment_status":"closed","ping_status":"closed","sticky":false,"template":"","format":"standard","meta":{"ngg_post_thumbnail":0},"categories":[1],"tags":[],"_links":{"self":[{"href":"http:\/\/altisk-szederkeny.edu.hu\/weboldal\/index.php?rest_route=\/wp\/v2\/posts\/3647"}],"collection":[{"href":"http:\/\/altisk-szederkeny.edu.hu\/weboldal\/index.php?rest_route=\/wp\/v2\/posts"}],"about":[{"href":"http:\/\/altisk-szederkeny.edu.hu\/weboldal\/index.php?rest_route=\/wp\/v2\/types\/post"}],"author":[{"embeddable":true,"href":"http:\/\/altisk-szederkeny.edu.hu\/weboldal\/index.php?rest_route=\/wp\/v2\/users\/1"}],"replies":[{"embeddable":true,"href":"http:\/\/altisk-szederkeny.edu.hu\/weboldal\/index.php?rest_route=%2Fwp%2Fv2%2Fcomments&post=3647"}],"version-history":[{"count":2,"href":"http:\/\/altisk-szederkeny.edu.hu\/weboldal\/index.php?rest_route=\/wp\/v2\/posts\/3647\/revisions"}],"predecessor-version":[{"id":3651,"href":"http:\/\/altisk-szederkeny.edu.hu\/weboldal\/index.php?rest_route=\/wp\/v2\/posts\/3647\/revisions\/3651"}],"wp:attachment":[{"href":"http:\/\/altisk-szederkeny.edu.hu\/weboldal\/index.php?rest_route=%2Fwp%2Fv2%2Fmedia&parent=3647"}],"wp:term":[{"taxonomy":"category","embeddable":true,"href":"http:\/\/altisk-szederkeny.edu.hu\/weboldal\/index.php?rest_route=%2Fwp%2Fv2%2Fcategories&post=3647"},{"taxonomy":"post_tag","embeddable":true,"href":"http:\/\/altisk-szederkeny.edu.hu\/weboldal\/index.php?rest_route=%2Fwp%2Fv2%2Ftags&post=3647"}],"curies":[{"name":"wp","href":"https:\/\/api.w.org\/{rel}","templated":true}]}}