{"id":3643,"date":"2024-02-05T18:44:57","date_gmt":"2024-02-05T17:44:57","guid":{"rendered":"http:\/\/altisk-szederkeny.edu.hu\/weboldal\/?p=3643"},"modified":"2024-02-05T18:44:57","modified_gmt":"2024-02-05T17:44:57","slug":"lep-6-osztaly","status":"publish","type":"post","link":"http:\/\/altisk-szederkeny.edu.hu\/weboldal\/?p=3643","title":{"rendered":"LEP 6. oszt\u00e1ly"},"content":{"rendered":"\n<p>November 7-\u00e9n a L\u00e1z\u00e1r Ervin Program keret\u00e9ben 6. oszt\u00e1lyos tanul\u00f3ink a b\u00f3lyi Erzs\u00e9bet Vigad\u00f3ban megtekintett\u00e9k a \u201eHull\u00e1mlovas R\u00e9zf\u00fav\u00f3sok\u201d c. el\u0151ad\u00e1st.<\/p>\n<p>&nbsp;&nbsp; A Brass Vibe nev\u0171, 6 tag\u00fa p\u00e9csi egy\u00fcttes el\u0151ad\u00e1s\u00e1ban felcsend\u00fcl\u0151 zenesz\u00e1mok tartalmas \u00e9lm\u00e9nyt biztos\u00edtottak gyereknek, pedag\u00f3gusnak egyar\u00e1nt.<\/p>\n<p>&nbsp;&nbsp; A zenesz\u00e1mok k\u00f6z\u00f6tt az egy\u00fcttes tagjai r\u00f6viden bemutatt\u00e1k hangszereiket: a trombit\u00e1t, harson\u00e1t, tub\u00e1t, szaxofont, dobot. \u00cdgy a zenei \u00e9lm\u00e9nyen k\u00edv\u00fcl ismeretekkel is gazdagodtak a tanul\u00f3k.<\/p>\n\n\n<div class=\"wp-block-image\">\n<figure class=\"aligncenter size-full is-resized\"><img decoding=\"async\" loading=\"lazy\" src=\"http:\/\/altisk-szederkeny.edu.hu\/weboldal\/wp-content\/uploads\/Kep1-2.jpg\" alt=\"\" class=\"wp-image-3644\" width=\"540\" height=\"405\" srcset=\"http:\/\/altisk-szederkeny.edu.hu\/weboldal\/wp-content\/uploads\/Kep1-2.jpg 720w, http:\/\/altisk-szederkeny.edu.hu\/weboldal\/wp-content\/uploads\/Kep1-2-300x225.jpg 300w, http:\/\/altisk-szederkeny.edu.hu\/weboldal\/wp-content\/uploads\/Kep1-2-600x450.jpg 600w, http:\/\/altisk-szederkeny.edu.hu\/weboldal\/wp-content\/uploads\/Kep1-2-150x113.jpg 150w, http:\/\/altisk-szederkeny.edu.hu\/weboldal\/wp-content\/uploads\/Kep1-2-200x150.jpg 200w\" sizes=\"(max-width: 540px) 100vw, 540px\" \/><\/figure><\/div>","protected":false},"excerpt":{"rendered":"<p>November 7-\u00e9n a L\u00e1z\u00e1r Ervin Program keret\u00e9ben 6. oszt\u00e1lyos tanul\u00f3ink a b\u00f3lyi Erzs\u00e9bet Vigad\u00f3ban megtekintett\u00e9k a \u201eHull\u00e1mlovas R\u00e9zf\u00fav\u00f3sok\u201d c. el\u0151ad\u00e1st. &nbsp;&nbsp; A Brass Vibe nev\u0171, 6 tag\u00fa p\u00e9csi egy\u00fcttes el\u0151ad\u00e1s\u00e1ban felcsend\u00fcl\u0151 zenesz\u00e1mok tartalmas \u00e9lm\u00e9nyt biztos\u00edtottak gyereknek, pedag\u00f3gusnak egyar\u00e1nt. &nbsp;&nbsp; A zenesz\u00e1mok k\u00f6z\u00f6tt az egy\u00fcttes tagjai r\u00f6viden bemutatt\u00e1k hangszereiket: a trombit\u00e1t, \u2026 <a class=\"continue-reading-link\" href=\"http:\/\/altisk-szederkeny.edu.hu\/weboldal\/?p=3643\"> Continue reading <span class=\"meta-nav\">&rarr; <\/span><\/a><\/p>\n","protected":false},"author":1,"featured_media":0,"comment_status":"closed","ping_status":"closed","sticky":false,"template":"","format":"standard","meta":{"ngg_post_thumbnail":0},"categories":[1],"tags":[],"_links":{"self":[{"href":"http:\/\/altisk-szederkeny.edu.hu\/weboldal\/index.php?rest_route=\/wp\/v2\/posts\/3643"}],"collection":[{"href":"http:\/\/altisk-szederkeny.edu.hu\/weboldal\/index.php?rest_route=\/wp\/v2\/posts"}],"about":[{"href":"http:\/\/altisk-szederkeny.edu.hu\/weboldal\/index.php?rest_route=\/wp\/v2\/types\/post"}],"author":[{"embeddable":true,"href":"http:\/\/altisk-szederkeny.edu.hu\/weboldal\/index.php?rest_route=\/wp\/v2\/users\/1"}],"replies":[{"embeddable":true,"href":"http:\/\/altisk-szederkeny.edu.hu\/weboldal\/index.php?rest_route=%2Fwp%2Fv2%2Fcomments&post=3643"}],"version-history":[{"count":2,"href":"http:\/\/altisk-szederkeny.edu.hu\/weboldal\/index.php?rest_route=\/wp\/v2\/posts\/3643\/revisions"}],"predecessor-version":[{"id":3646,"href":"http:\/\/altisk-szederkeny.edu.hu\/weboldal\/index.php?rest_route=\/wp\/v2\/posts\/3643\/revisions\/3646"}],"wp:attachment":[{"href":"http:\/\/altisk-szederkeny.edu.hu\/weboldal\/index.php?rest_route=%2Fwp%2Fv2%2Fmedia&parent=3643"}],"wp:term":[{"taxonomy":"category","embeddable":true,"href":"http:\/\/altisk-szederkeny.edu.hu\/weboldal\/index.php?rest_route=%2Fwp%2Fv2%2Fcategories&post=3643"},{"taxonomy":"post_tag","embeddable":true,"href":"http:\/\/altisk-szederkeny.edu.hu\/weboldal\/index.php?rest_route=%2Fwp%2Fv2%2Ftags&post=3643"}],"curies":[{"name":"wp","href":"https:\/\/api.w.org\/{rel}","templated":true}]}}