{"id":3600,"date":"2023-11-30T15:03:52","date_gmt":"2023-11-30T14:03:52","guid":{"rendered":"http:\/\/altisk-szederkeny.edu.hu\/weboldal\/?p=3600"},"modified":"2023-11-30T15:03:52","modified_gmt":"2023-11-30T14:03:52","slug":"ausztriai-kirandulas","status":"publish","type":"post","link":"http:\/\/altisk-szederkeny.edu.hu\/weboldal\/?p=3600","title":{"rendered":"Ausztriai kir\u00e1ndul\u00e1s"},"content":{"rendered":"\n<p><strong>Ausztriai kir\u00e1ndul\u00e1s &#8211; okt\u00f3ber <\/strong><strong>16-20<\/strong>: Az ERASMUS+ projekt keret\u00e9ben iskol\u00e1nk 30 fels\u0151s di\u00e1kja 4 k\u00eds\u00e9r\u0151tan\u00e1rral Ausztri\u00e1ban tanulm\u00e1nyi \u00faton vett r\u00e9szt. Angerben, Szederk\u00e9ny testv\u00e9rtelep\u00fcl\u00e9s\u00e9nek iskol\u00e1j\u00e1ban egy\u00fctt tanultak osztr\u00e1k di\u00e1kokkal, d\u00e9lut\u00e1n k\u00f6z\u00f6s programokon vettek r\u00e9szt. Az utaz\u00e1s sor\u00e1n di\u00e1kjainknak lehet\u0151s\u00e9ge volt a nyelvgyakorl\u00e1sra, a tanul\u00e1st seg\u00edt\u0151 digit\u00e1lis eszk\u00f6z\u00f6k \u00e9s m\u00f3dszerek megismer\u00e9s\u00e9re, bar\u00e1tok, tapasztalatok \u00e9s sz\u00e1mos \u00e9lm\u00e9ny szerz\u00e9s\u00e9re. Az utaz\u00e1s a Szederk\u00e9nyi N\u00e9met \u00d6nkorm\u00e1nyzat t\u00e1mogat\u00e1s\u00e1val val\u00f3sulhatott meg.<\/p>\n\n\n\n\n\n<div class=\"ngg-galleryoverview ngg-slideshow\"\n\t id=\"ngg-slideshow-69e9ca7d998295ce8d367ddcab905d5a-11422283750\"\n     data-gallery-id=\"69e9ca7d998295ce8d367ddcab905d5a\"\n     style=\"max-width: 600px; max-height: 400px;\">\n\n \t<div id=\"ngg-image-0\" class=\"ngg-gallery-slideshow-image\" style=\"height:400px\">\n\n        <a href=\"http:\/\/altisk-szederkeny.edu.hu\/weboldal\/wp-content\/gallery\/ausztriai-kirandulas-2023-oktober-16-20\/Kep19.png\"\n           title=\"\"\n           data-src=\"http:\/\/altisk-szederkeny.edu.hu\/weboldal\/wp-content\/gallery\/ausztriai-kirandulas-2023-oktober-16-20\/Kep19.png\"\n           data-thumbnail=\"http:\/\/altisk-szederkeny.edu.hu\/weboldal\/wp-content\/gallery\/ausztriai-kirandulas-2023-oktober-16-20\/thumbs\/thumbs_Kep19.png\"\n           data-image-id=\"1358\"\n           data-title=\"Kep19\"\n           data-description=\"\"\n           class=\"ngg-fancybox\" rel=\"69e9ca7d998295ce8d367ddcab905d5a\">\n\n            <img data-image-id='1358'\n                 title=\"\"\n                 alt=\"Kep19\"\n                 src=\"http:\/\/altisk-szederkeny.edu.hu\/weboldal\/wp-content\/gallery\/ausztriai-kirandulas-2023-oktober-16-20\/Kep19.png\"\n                 style=\"max-height: 380px;\"\/>\n        <\/a>\n\n        <\/div> \n<div id=\"ngg-image-1\" class=\"ngg-gallery-slideshow-image\" style=\"height:400px\">\n\n        <a href=\"http:\/\/altisk-szederkeny.edu.hu\/weboldal\/wp-content\/gallery\/ausztriai-kirandulas-2023-oktober-16-20\/Kep20.png\"\n           title=\"\"\n           data-src=\"http:\/\/altisk-szederkeny.edu.hu\/weboldal\/wp-content\/gallery\/ausztriai-kirandulas-2023-oktober-16-20\/Kep20.png\"\n           data-thumbnail=\"http:\/\/altisk-szederkeny.edu.hu\/weboldal\/wp-content\/gallery\/ausztriai-kirandulas-2023-oktober-16-20\/thumbs\/thumbs_Kep20.png\"\n           data-image-id=\"1359\"\n           data-title=\"Kep20\"\n           data-description=\"\"\n           class=\"ngg-fancybox\" rel=\"69e9ca7d998295ce8d367ddcab905d5a\">\n\n            <img data-image-id='1359'\n                 title=\"\"\n                 alt=\"Kep20\"\n                 src=\"http:\/\/altisk-szederkeny.edu.hu\/weboldal\/wp-content\/gallery\/ausztriai-kirandulas-2023-oktober-16-20\/Kep20.png\"\n                 style=\"max-height: 380px;\"\/>\n        <\/a>\n\n        <\/div> \n<div id=\"ngg-image-2\" class=\"ngg-gallery-slideshow-image\" style=\"height:400px\">\n\n        <a href=\"http:\/\/altisk-szederkeny.edu.hu\/weboldal\/wp-content\/gallery\/ausztriai-kirandulas-2023-oktober-16-20\/Kep18.png\"\n           title=\"\"\n           data-src=\"http:\/\/altisk-szederkeny.edu.hu\/weboldal\/wp-content\/gallery\/ausztriai-kirandulas-2023-oktober-16-20\/Kep18.png\"\n           data-thumbnail=\"http:\/\/altisk-szederkeny.edu.hu\/weboldal\/wp-content\/gallery\/ausztriai-kirandulas-2023-oktober-16-20\/thumbs\/thumbs_Kep18.png\"\n           data-image-id=\"1360\"\n           data-title=\"Kep18\"\n           data-description=\"\"\n           class=\"ngg-fancybox\" rel=\"69e9ca7d998295ce8d367ddcab905d5a\">\n\n            <img data-image-id='1360'\n                 title=\"\"\n                 alt=\"Kep18\"\n                 src=\"http:\/\/altisk-szederkeny.edu.hu\/weboldal\/wp-content\/gallery\/ausztriai-kirandulas-2023-oktober-16-20\/Kep18.png\"\n                 style=\"max-height: 380px;\"\/>\n        <\/a>\n\n        <\/div> \n<div id=\"ngg-image-3\" class=\"ngg-gallery-slideshow-image\" style=\"height:400px\">\n\n        <a href=\"http:\/\/altisk-szederkeny.edu.hu\/weboldal\/wp-content\/gallery\/ausztriai-kirandulas-2023-oktober-16-20\/Kep21.png\"\n           title=\"\"\n           data-src=\"http:\/\/altisk-szederkeny.edu.hu\/weboldal\/wp-content\/gallery\/ausztriai-kirandulas-2023-oktober-16-20\/Kep21.png\"\n           data-thumbnail=\"http:\/\/altisk-szederkeny.edu.hu\/weboldal\/wp-content\/gallery\/ausztriai-kirandulas-2023-oktober-16-20\/thumbs\/thumbs_Kep21.png\"\n           data-image-id=\"1357\"\n           data-title=\"Kep21\"\n           data-description=\"\"\n           class=\"ngg-fancybox\" rel=\"69e9ca7d998295ce8d367ddcab905d5a\">\n\n            <img data-image-id='1357'\n                 title=\"\"\n                 alt=\"Kep21\"\n                 src=\"http:\/\/altisk-szederkeny.edu.hu\/weboldal\/wp-content\/gallery\/ausztriai-kirandulas-2023-oktober-16-20\/Kep21.png\"\n                 style=\"max-height: 380px;\"\/>\n        <\/a>\n\n        <\/div> \n<div id=\"ngg-image-4\" class=\"ngg-gallery-slideshow-image\" style=\"height:400px\">\n\n        <a href=\"http:\/\/altisk-szederkeny.edu.hu\/weboldal\/wp-content\/gallery\/ausztriai-kirandulas-2023-oktober-16-20\/Kep22.png\"\n           title=\"\"\n           data-src=\"http:\/\/altisk-szederkeny.edu.hu\/weboldal\/wp-content\/gallery\/ausztriai-kirandulas-2023-oktober-16-20\/Kep22.png\"\n           data-thumbnail=\"http:\/\/altisk-szederkeny.edu.hu\/weboldal\/wp-content\/gallery\/ausztriai-kirandulas-2023-oktober-16-20\/thumbs\/thumbs_Kep22.png\"\n           data-image-id=\"1356\"\n           data-title=\"Kep22\"\n           data-description=\"\"\n           class=\"ngg-fancybox\" rel=\"69e9ca7d998295ce8d367ddcab905d5a\">\n\n            <img data-image-id='1356'\n                 title=\"\"\n                 alt=\"Kep22\"\n                 src=\"http:\/\/altisk-szederkeny.edu.hu\/weboldal\/wp-content\/gallery\/ausztriai-kirandulas-2023-oktober-16-20\/Kep22.png\"\n                 style=\"max-height: 380px;\"\/>\n        <\/a>\n\n        <\/div> \n<div id=\"ngg-image-5\" class=\"ngg-gallery-slideshow-image\" style=\"height:400px\">\n\n        <a href=\"http:\/\/altisk-szederkeny.edu.hu\/weboldal\/wp-content\/gallery\/ausztriai-kirandulas-2023-oktober-16-20\/Kep23.png\"\n           title=\"\"\n           data-src=\"http:\/\/altisk-szederkeny.edu.hu\/weboldal\/wp-content\/gallery\/ausztriai-kirandulas-2023-oktober-16-20\/Kep23.png\"\n           data-thumbnail=\"http:\/\/altisk-szederkeny.edu.hu\/weboldal\/wp-content\/gallery\/ausztriai-kirandulas-2023-oktober-16-20\/thumbs\/thumbs_Kep23.png\"\n           data-image-id=\"1353\"\n           data-title=\"Kep23\"\n           data-description=\"\"\n           class=\"ngg-fancybox\" rel=\"69e9ca7d998295ce8d367ddcab905d5a\">\n\n            <img data-image-id='1353'\n                 title=\"\"\n                 alt=\"Kep23\"\n                 src=\"http:\/\/altisk-szederkeny.edu.hu\/weboldal\/wp-content\/gallery\/ausztriai-kirandulas-2023-oktober-16-20\/Kep23.png\"\n                 style=\"max-height: 380px;\"\/>\n        <\/a>\n\n        <\/div> \n<div id=\"ngg-image-6\" class=\"ngg-gallery-slideshow-image\" style=\"height:400px\">\n\n        <a href=\"http:\/\/altisk-szederkeny.edu.hu\/weboldal\/wp-content\/gallery\/ausztriai-kirandulas-2023-oktober-16-20\/Kep27.png\"\n           title=\"\"\n           data-src=\"http:\/\/altisk-szederkeny.edu.hu\/weboldal\/wp-content\/gallery\/ausztriai-kirandulas-2023-oktober-16-20\/Kep27.png\"\n           data-thumbnail=\"http:\/\/altisk-szederkeny.edu.hu\/weboldal\/wp-content\/gallery\/ausztriai-kirandulas-2023-oktober-16-20\/thumbs\/thumbs_Kep27.png\"\n           data-image-id=\"1354\"\n           data-title=\"Kep27\"\n           data-description=\"\"\n           class=\"ngg-fancybox\" rel=\"69e9ca7d998295ce8d367ddcab905d5a\">\n\n            <img data-image-id='1354'\n                 title=\"\"\n                 alt=\"Kep27\"\n                 src=\"http:\/\/altisk-szederkeny.edu.hu\/weboldal\/wp-content\/gallery\/ausztriai-kirandulas-2023-oktober-16-20\/Kep27.png\"\n                 style=\"max-height: 380px;\"\/>\n        <\/a>\n\n        <\/div> \n<div id=\"ngg-image-7\" class=\"ngg-gallery-slideshow-image\" style=\"height:400px\">\n\n        <a href=\"http:\/\/altisk-szederkeny.edu.hu\/weboldal\/wp-content\/gallery\/ausztriai-kirandulas-2023-oktober-16-20\/Kep24.png\"\n           title=\"\"\n           data-src=\"http:\/\/altisk-szederkeny.edu.hu\/weboldal\/wp-content\/gallery\/ausztriai-kirandulas-2023-oktober-16-20\/Kep24.png\"\n           data-thumbnail=\"http:\/\/altisk-szederkeny.edu.hu\/weboldal\/wp-content\/gallery\/ausztriai-kirandulas-2023-oktober-16-20\/thumbs\/thumbs_Kep24.png\"\n           data-image-id=\"1355\"\n           data-title=\"Kep24\"\n           data-description=\"\"\n           class=\"ngg-fancybox\" rel=\"69e9ca7d998295ce8d367ddcab905d5a\">\n\n            <img data-image-id='1355'\n                 title=\"\"\n                 alt=\"Kep24\"\n                 src=\"http:\/\/altisk-szederkeny.edu.hu\/weboldal\/wp-content\/gallery\/ausztriai-kirandulas-2023-oktober-16-20\/Kep24.png\"\n                 style=\"max-height: 380px;\"\/>\n        <\/a>\n\n        <\/div> \n<div id=\"ngg-image-8\" class=\"ngg-gallery-slideshow-image\" style=\"height:400px\">\n\n        <a href=\"http:\/\/altisk-szederkeny.edu.hu\/weboldal\/wp-content\/gallery\/ausztriai-kirandulas-2023-oktober-16-20\/Kep26.png\"\n           title=\"\"\n           data-src=\"http:\/\/altisk-szederkeny.edu.hu\/weboldal\/wp-content\/gallery\/ausztriai-kirandulas-2023-oktober-16-20\/Kep26.png\"\n           data-thumbnail=\"http:\/\/altisk-szederkeny.edu.hu\/weboldal\/wp-content\/gallery\/ausztriai-kirandulas-2023-oktober-16-20\/thumbs\/thumbs_Kep26.png\"\n           data-image-id=\"1351\"\n           data-title=\"Kep26\"\n           data-description=\"\"\n           class=\"ngg-fancybox\" rel=\"69e9ca7d998295ce8d367ddcab905d5a\">\n\n            <img data-image-id='1351'\n                 title=\"\"\n                 alt=\"Kep26\"\n                 src=\"http:\/\/altisk-szederkeny.edu.hu\/weboldal\/wp-content\/gallery\/ausztriai-kirandulas-2023-oktober-16-20\/Kep26.png\"\n                 style=\"max-height: 380px;\"\/>\n        <\/a>\n\n        <\/div> \n<div id=\"ngg-image-9\" class=\"ngg-gallery-slideshow-image\" style=\"height:400px\">\n\n        <a href=\"http:\/\/altisk-szederkeny.edu.hu\/weboldal\/wp-content\/gallery\/ausztriai-kirandulas-2023-oktober-16-20\/Kep28.png\"\n           title=\"\"\n           data-src=\"http:\/\/altisk-szederkeny.edu.hu\/weboldal\/wp-content\/gallery\/ausztriai-kirandulas-2023-oktober-16-20\/Kep28.png\"\n           data-thumbnail=\"http:\/\/altisk-szederkeny.edu.hu\/weboldal\/wp-content\/gallery\/ausztriai-kirandulas-2023-oktober-16-20\/thumbs\/thumbs_Kep28.png\"\n           data-image-id=\"1352\"\n           data-title=\"Kep28\"\n           data-description=\"\"\n           class=\"ngg-fancybox\" rel=\"69e9ca7d998295ce8d367ddcab905d5a\">\n\n            <img data-image-id='1352'\n                 title=\"\"\n                 alt=\"Kep28\"\n                 src=\"http:\/\/altisk-szederkeny.edu.hu\/weboldal\/wp-content\/gallery\/ausztriai-kirandulas-2023-oktober-16-20\/Kep28.png\"\n                 style=\"max-height: 380px;\"\/>\n        <\/a>\n\n        <\/div> \n<div id=\"ngg-image-10\" class=\"ngg-gallery-slideshow-image\" style=\"height:400px\">\n\n        <a href=\"http:\/\/altisk-szederkeny.edu.hu\/weboldal\/wp-content\/gallery\/ausztriai-kirandulas-2023-oktober-16-20\/Kep25.png\"\n           title=\"\"\n           data-src=\"http:\/\/altisk-szederkeny.edu.hu\/weboldal\/wp-content\/gallery\/ausztriai-kirandulas-2023-oktober-16-20\/Kep25.png\"\n           data-thumbnail=\"http:\/\/altisk-szederkeny.edu.hu\/weboldal\/wp-content\/gallery\/ausztriai-kirandulas-2023-oktober-16-20\/thumbs\/thumbs_Kep25.png\"\n           data-image-id=\"1350\"\n           data-title=\"Kep25\"\n           data-description=\"\"\n           class=\"ngg-fancybox\" rel=\"69e9ca7d998295ce8d367ddcab905d5a\">\n\n            <img data-image-id='1350'\n                 title=\"\"\n                 alt=\"Kep25\"\n                 src=\"http:\/\/altisk-szederkeny.edu.hu\/weboldal\/wp-content\/gallery\/ausztriai-kirandulas-2023-oktober-16-20\/Kep25.png\"\n                 style=\"max-height: 380px;\"\/>\n        <\/a>\n\n        <\/div> \n<\/div>\n\n\n\n\n","protected":false},"excerpt":{"rendered":"<p>Ausztriai kir\u00e1ndul\u00e1s &#8211; okt\u00f3ber 16-20: Az ERASMUS+ projekt keret\u00e9ben iskol\u00e1nk 30 fels\u0151s di\u00e1kja 4 k\u00eds\u00e9r\u0151tan\u00e1rral Ausztri\u00e1ban tanulm\u00e1nyi \u00faton vett r\u00e9szt. Angerben, Szederk\u00e9ny testv\u00e9rtelep\u00fcl\u00e9s\u00e9nek iskol\u00e1j\u00e1ban egy\u00fctt tanultak osztr\u00e1k di\u00e1kokkal, d\u00e9lut\u00e1n k\u00f6z\u00f6s programokon vettek r\u00e9szt. Az utaz\u00e1s sor\u00e1n di\u00e1kjainknak lehet\u0151s\u00e9ge volt a nyelvgyakorl\u00e1sra, a tanul\u00e1st seg\u00edt\u0151 digit\u00e1lis eszk\u00f6z\u00f6k \u00e9s m\u00f3dszerek megismer\u00e9s\u00e9re, bar\u00e1tok, \u2026 <a class=\"continue-reading-link\" href=\"http:\/\/altisk-szederkeny.edu.hu\/weboldal\/?p=3600\"> Continue reading <span class=\"meta-nav\">&rarr; <\/span><\/a><\/p>\n","protected":false},"author":1,"featured_media":0,"comment_status":"closed","ping_status":"closed","sticky":false,"template":"","format":"standard","meta":{"ngg_post_thumbnail":0},"categories":[1],"tags":[],"_links":{"self":[{"href":"http:\/\/altisk-szederkeny.edu.hu\/weboldal\/index.php?rest_route=\/wp\/v2\/posts\/3600"}],"collection":[{"href":"http:\/\/altisk-szederkeny.edu.hu\/weboldal\/index.php?rest_route=\/wp\/v2\/posts"}],"about":[{"href":"http:\/\/altisk-szederkeny.edu.hu\/weboldal\/index.php?rest_route=\/wp\/v2\/types\/post"}],"author":[{"embeddable":true,"href":"http:\/\/altisk-szederkeny.edu.hu\/weboldal\/index.php?rest_route=\/wp\/v2\/users\/1"}],"replies":[{"embeddable":true,"href":"http:\/\/altisk-szederkeny.edu.hu\/weboldal\/index.php?rest_route=%2Fwp%2Fv2%2Fcomments&post=3600"}],"version-history":[{"count":1,"href":"http:\/\/altisk-szederkeny.edu.hu\/weboldal\/index.php?rest_route=\/wp\/v2\/posts\/3600\/revisions"}],"predecessor-version":[{"id":3613,"href":"http:\/\/altisk-szederkeny.edu.hu\/weboldal\/index.php?rest_route=\/wp\/v2\/posts\/3600\/revisions\/3613"}],"wp:attachment":[{"href":"http:\/\/altisk-szederkeny.edu.hu\/weboldal\/index.php?rest_route=%2Fwp%2Fv2%2Fmedia&parent=3600"}],"wp:term":[{"taxonomy":"category","embeddable":true,"href":"http:\/\/altisk-szederkeny.edu.hu\/weboldal\/index.php?rest_route=%2Fwp%2Fv2%2Fcategories&post=3600"},{"taxonomy":"post_tag","embeddable":true,"href":"http:\/\/altisk-szederkeny.edu.hu\/weboldal\/index.php?rest_route=%2Fwp%2Fv2%2Ftags&post=3600"}],"curies":[{"name":"wp","href":"https:\/\/api.w.org\/{rel}","templated":true}]}}