{"id":3595,"date":"2023-11-30T14:55:07","date_gmt":"2023-11-30T13:55:07","guid":{"rendered":"http:\/\/altisk-szederkeny.edu.hu\/weboldal\/?p=3595"},"modified":"2023-11-30T14:55:07","modified_gmt":"2023-11-30T13:55:07","slug":"magyarok-tortenelmi-versenye","status":"publish","type":"post","link":"http:\/\/altisk-szederkeny.edu.hu\/weboldal\/?p=3595","title":{"rendered":"Magyarok t\u00f6rt\u00e9nelmi versenye"},"content":{"rendered":"\n<p><strong>Okt\u00f3ber 12-\u00e9n<\/strong> iskol\u00e1nk hatodikos, hetedikes \u00e9s nyolcadikos di\u00e1kjai k\u00f6z\u00fcl n\u00e9gy csapat vett r\u00e9szt a G\u00f6rcs\u00f6nyi \u00c1ltal\u00e1nos Iskola szervez\u00e9s\u00e9ben zajlott <strong>Magyarok t\u00f6rt\u00e9nelmi verseny<\/strong>en, ahol Magyarorsz\u00e1g m\u00e1sodik vil\u00e1gh\u00e1bor\u00fas r\u00e9szv\u00e9tel\u00e9vel kapcsolatban kellett a tud\u00e1sukr\u00f3l sz\u00e1mot adniuk.<\/p>\n\n\n\n<figure class=\"wp-block-gallery alignwide has-nested-images columns-default is-cropped wp-block-gallery-1 is-layout-flex\">\n<figure class=\"wp-block-image size-full\"><img decoding=\"async\" loading=\"lazy\" width=\"163\" height=\"217\" data-id=\"3597\"  src=\"http:\/\/altisk-szederkeny.edu.hu\/weboldal\/wp-content\/uploads\/Kep16.png\" alt=\"\" class=\"wp-image-3597\" srcset=\"http:\/\/altisk-szederkeny.edu.hu\/weboldal\/wp-content\/uploads\/Kep16.png 163w, http:\/\/altisk-szederkeny.edu.hu\/weboldal\/wp-content\/uploads\/Kep16-113x150.png 113w\" sizes=\"(max-width: 163px) 100vw, 163px\" \/><\/figure>\n\n\n\n<figure class=\"wp-block-image size-full\"><img decoding=\"async\" loading=\"lazy\" width=\"163\" height=\"217\" data-id=\"3596\"  src=\"http:\/\/altisk-szederkeny.edu.hu\/weboldal\/wp-content\/uploads\/Kep15.png\" alt=\"\" class=\"wp-image-3596\" srcset=\"http:\/\/altisk-szederkeny.edu.hu\/weboldal\/wp-content\/uploads\/Kep15.png 163w, http:\/\/altisk-szederkeny.edu.hu\/weboldal\/wp-content\/uploads\/Kep15-113x150.png 113w\" sizes=\"(max-width: 163px) 100vw, 163px\" \/><\/figure>\n<\/figure>\n","protected":false},"excerpt":{"rendered":"<p>Okt\u00f3ber 12-\u00e9n iskol\u00e1nk hatodikos, hetedikes \u00e9s nyolcadikos di\u00e1kjai k\u00f6z\u00fcl n\u00e9gy csapat vett r\u00e9szt a G\u00f6rcs\u00f6nyi \u00c1ltal\u00e1nos Iskola szervez\u00e9s\u00e9ben zajlott Magyarok t\u00f6rt\u00e9nelmi versenyen, ahol Magyarorsz\u00e1g m\u00e1sodik vil\u00e1gh\u00e1bor\u00fas r\u00e9szv\u00e9tel\u00e9vel kapcsolatban kellett a tud\u00e1sukr\u00f3l sz\u00e1mot adniuk.<\/p>\n","protected":false},"author":1,"featured_media":0,"comment_status":"closed","ping_status":"closed","sticky":false,"template":"","format":"standard","meta":{"ngg_post_thumbnail":0},"categories":[1],"tags":[],"_links":{"self":[{"href":"http:\/\/altisk-szederkeny.edu.hu\/weboldal\/index.php?rest_route=\/wp\/v2\/posts\/3595"}],"collection":[{"href":"http:\/\/altisk-szederkeny.edu.hu\/weboldal\/index.php?rest_route=\/wp\/v2\/posts"}],"about":[{"href":"http:\/\/altisk-szederkeny.edu.hu\/weboldal\/index.php?rest_route=\/wp\/v2\/types\/post"}],"author":[{"embeddable":true,"href":"http:\/\/altisk-szederkeny.edu.hu\/weboldal\/index.php?rest_route=\/wp\/v2\/users\/1"}],"replies":[{"embeddable":true,"href":"http:\/\/altisk-szederkeny.edu.hu\/weboldal\/index.php?rest_route=%2Fwp%2Fv2%2Fcomments&post=3595"}],"version-history":[{"count":2,"href":"http:\/\/altisk-szederkeny.edu.hu\/weboldal\/index.php?rest_route=\/wp\/v2\/posts\/3595\/revisions"}],"predecessor-version":[{"id":3599,"href":"http:\/\/altisk-szederkeny.edu.hu\/weboldal\/index.php?rest_route=\/wp\/v2\/posts\/3595\/revisions\/3599"}],"wp:attachment":[{"href":"http:\/\/altisk-szederkeny.edu.hu\/weboldal\/index.php?rest_route=%2Fwp%2Fv2%2Fmedia&parent=3595"}],"wp:term":[{"taxonomy":"category","embeddable":true,"href":"http:\/\/altisk-szederkeny.edu.hu\/weboldal\/index.php?rest_route=%2Fwp%2Fv2%2Fcategories&post=3595"},{"taxonomy":"post_tag","embeddable":true,"href":"http:\/\/altisk-szederkeny.edu.hu\/weboldal\/index.php?rest_route=%2Fwp%2Fv2%2Ftags&post=3595"}],"curies":[{"name":"wp","href":"https:\/\/api.w.org\/{rel}","templated":true}]}}