{"id":3589,"date":"2023-11-30T14:49:44","date_gmt":"2023-11-30T13:49:44","guid":{"rendered":"http:\/\/altisk-szederkeny.edu.hu\/weboldal\/?p=3589"},"modified":"2023-11-30T14:49:44","modified_gmt":"2023-11-30T13:49:44","slug":"mezei-futas-diakolimpia-alapfoku-dontoje","status":"publish","type":"post","link":"http:\/\/altisk-szederkeny.edu.hu\/weboldal\/?p=3589","title":{"rendered":"Mezei fut\u00e1s di\u00e1kolimpia alapfok\u00fa d\u00f6nt\u0151je"},"content":{"rendered":"\n<p><strong>Okt\u00f3ber 5-\u00e9n<\/strong>, Moh\u00e1cson ker\u00fclt megrendez\u00e9sre a <strong>mezei fut\u00e1s di\u00e1kolimpia alapfok\u00fa d\u00f6nt\u0151je<\/strong>. Iskol\u00e1nkat m\u00e1sodik korcsoportban fi\u00fa \u00e9s l\u00e1ny csapat is k\u00e9pviselte. A fi\u00fa csapat 4. helyen, a l\u00e1ny csapat 7. helyen v\u00e9gzett.<\/p>\n<p>A csapatok tagjai:<\/p>\n<p>Holl\u00f3si Panna, Horv\u00e1th Bernadett, M\u00e9sz\u00e1ros Anna, Puszti Abig\u00e9l<\/p>\n<p>Gr\u00e1cz Zente, Illin Mil\u00e1n, Lutz Oliv\u00e9r, Quell Z\u00e9n\u00f3<\/p>\n<p>Illin Mil\u00e1n egy\u00e9niben harmadik helyez\u00e9st \u00e9rt el, mellyel tov\u00e1bbjutott a megyei d\u00f6nt\u0151re.&nbsp;<\/p>\n\n\n\n\n\n<div class=\"ngg-galleryoverview ngg-slideshow\"\n\t id=\"ngg-slideshow-6eb62c588ed10a6dc4ec8657d9acdf28-6727032710\"\n     data-gallery-id=\"6eb62c588ed10a6dc4ec8657d9acdf28\"\n     style=\"max-width: 300px; max-height: 300px;\">\n\n \t<div id=\"ngg-image-0\" class=\"ngg-gallery-slideshow-image\" style=\"height:300px\">\n\n        <a href=\"http:\/\/altisk-szederkeny.edu.hu\/weboldal\/wp-content\/gallery\/mezei-futas-diakolimpia-alapfoku-dontoje-2023\/Kep13.png\"\n           title=\"\"\n           data-src=\"http:\/\/altisk-szederkeny.edu.hu\/weboldal\/wp-content\/gallery\/mezei-futas-diakolimpia-alapfoku-dontoje-2023\/Kep13.png\"\n           data-thumbnail=\"http:\/\/altisk-szederkeny.edu.hu\/weboldal\/wp-content\/gallery\/mezei-futas-diakolimpia-alapfoku-dontoje-2023\/thumbs\/thumbs_Kep13.png\"\n           data-image-id=\"1347\"\n           data-title=\"Kep13\"\n           data-description=\"\"\n           class=\"ngg-fancybox\" rel=\"6eb62c588ed10a6dc4ec8657d9acdf28\">\n\n            <img data-image-id='1347'\n                 title=\"\"\n                 alt=\"Kep13\"\n                 src=\"http:\/\/altisk-szederkeny.edu.hu\/weboldal\/wp-content\/gallery\/mezei-futas-diakolimpia-alapfoku-dontoje-2023\/Kep13.png\"\n                 style=\"max-height: 280px;\"\/>\n        <\/a>\n\n        <\/div> \n<div id=\"ngg-image-1\" class=\"ngg-gallery-slideshow-image\" style=\"height:300px\">\n\n        <a href=\"http:\/\/altisk-szederkeny.edu.hu\/weboldal\/wp-content\/gallery\/mezei-futas-diakolimpia-alapfoku-dontoje-2023\/Kep12.png\"\n           title=\"\"\n           data-src=\"http:\/\/altisk-szederkeny.edu.hu\/weboldal\/wp-content\/gallery\/mezei-futas-diakolimpia-alapfoku-dontoje-2023\/Kep12.png\"\n           data-thumbnail=\"http:\/\/altisk-szederkeny.edu.hu\/weboldal\/wp-content\/gallery\/mezei-futas-diakolimpia-alapfoku-dontoje-2023\/thumbs\/thumbs_Kep12.png\"\n           data-image-id=\"1348\"\n           data-title=\"Kep12\"\n           data-description=\"\"\n           class=\"ngg-fancybox\" rel=\"6eb62c588ed10a6dc4ec8657d9acdf28\">\n\n            <img data-image-id='1348'\n                 title=\"\"\n                 alt=\"Kep12\"\n                 src=\"http:\/\/altisk-szederkeny.edu.hu\/weboldal\/wp-content\/gallery\/mezei-futas-diakolimpia-alapfoku-dontoje-2023\/Kep12.png\"\n                 style=\"max-height: 280px;\"\/>\n        <\/a>\n\n        <\/div> \n<div id=\"ngg-image-2\" class=\"ngg-gallery-slideshow-image\" style=\"height:300px\">\n\n        <a href=\"http:\/\/altisk-szederkeny.edu.hu\/weboldal\/wp-content\/gallery\/mezei-futas-diakolimpia-alapfoku-dontoje-2023\/Kep14.png\"\n           title=\"\"\n           data-src=\"http:\/\/altisk-szederkeny.edu.hu\/weboldal\/wp-content\/gallery\/mezei-futas-diakolimpia-alapfoku-dontoje-2023\/Kep14.png\"\n           data-thumbnail=\"http:\/\/altisk-szederkeny.edu.hu\/weboldal\/wp-content\/gallery\/mezei-futas-diakolimpia-alapfoku-dontoje-2023\/thumbs\/thumbs_Kep14.png\"\n           data-image-id=\"1349\"\n           data-title=\"Kep14\"\n           data-description=\"\"\n           class=\"ngg-fancybox\" rel=\"6eb62c588ed10a6dc4ec8657d9acdf28\">\n\n            <img data-image-id='1349'\n                 title=\"\"\n                 alt=\"Kep14\"\n                 src=\"http:\/\/altisk-szederkeny.edu.hu\/weboldal\/wp-content\/gallery\/mezei-futas-diakolimpia-alapfoku-dontoje-2023\/Kep14.png\"\n                 style=\"max-height: 280px;\"\/>\n        <\/a>\n\n        <\/div> \n<\/div>\n\n\n\n\n","protected":false},"excerpt":{"rendered":"<p>Okt\u00f3ber 5-\u00e9n, Moh\u00e1cson ker\u00fclt megrendez\u00e9sre a mezei fut\u00e1s di\u00e1kolimpia alapfok\u00fa d\u00f6nt\u0151je. Iskol\u00e1nkat m\u00e1sodik korcsoportban fi\u00fa \u00e9s l\u00e1ny csapat is k\u00e9pviselte. A fi\u00fa csapat 4. helyen, a l\u00e1ny csapat 7. helyen v\u00e9gzett. A csapatok tagjai: Holl\u00f3si Panna, Horv\u00e1th Bernadett, M\u00e9sz\u00e1ros Anna, Puszti Abig\u00e9l Gr\u00e1cz Zente, Illin Mil\u00e1n, Lutz Oliv\u00e9r, Quell Z\u00e9n\u00f3 \u2026 <a class=\"continue-reading-link\" href=\"http:\/\/altisk-szederkeny.edu.hu\/weboldal\/?p=3589\"> Continue reading <span class=\"meta-nav\">&rarr; <\/span><\/a><\/p>\n","protected":false},"author":1,"featured_media":0,"comment_status":"closed","ping_status":"closed","sticky":false,"template":"","format":"standard","meta":{"ngg_post_thumbnail":0},"categories":[1],"tags":[],"_links":{"self":[{"href":"http:\/\/altisk-szederkeny.edu.hu\/weboldal\/index.php?rest_route=\/wp\/v2\/posts\/3589"}],"collection":[{"href":"http:\/\/altisk-szederkeny.edu.hu\/weboldal\/index.php?rest_route=\/wp\/v2\/posts"}],"about":[{"href":"http:\/\/altisk-szederkeny.edu.hu\/weboldal\/index.php?rest_route=\/wp\/v2\/types\/post"}],"author":[{"embeddable":true,"href":"http:\/\/altisk-szederkeny.edu.hu\/weboldal\/index.php?rest_route=\/wp\/v2\/users\/1"}],"replies":[{"embeddable":true,"href":"http:\/\/altisk-szederkeny.edu.hu\/weboldal\/index.php?rest_route=%2Fwp%2Fv2%2Fcomments&post=3589"}],"version-history":[{"count":1,"href":"http:\/\/altisk-szederkeny.edu.hu\/weboldal\/index.php?rest_route=\/wp\/v2\/posts\/3589\/revisions"}],"predecessor-version":[{"id":3594,"href":"http:\/\/altisk-szederkeny.edu.hu\/weboldal\/index.php?rest_route=\/wp\/v2\/posts\/3589\/revisions\/3594"}],"wp:attachment":[{"href":"http:\/\/altisk-szederkeny.edu.hu\/weboldal\/index.php?rest_route=%2Fwp%2Fv2%2Fmedia&parent=3589"}],"wp:term":[{"taxonomy":"category","embeddable":true,"href":"http:\/\/altisk-szederkeny.edu.hu\/weboldal\/index.php?rest_route=%2Fwp%2Fv2%2Fcategories&post=3589"},{"taxonomy":"post_tag","embeddable":true,"href":"http:\/\/altisk-szederkeny.edu.hu\/weboldal\/index.php?rest_route=%2Fwp%2Fv2%2Ftags&post=3589"}],"curies":[{"name":"wp","href":"https:\/\/api.w.org\/{rel}","templated":true}]}}