{"id":3573,"date":"2023-11-30T14:39:36","date_gmt":"2023-11-30T13:39:36","guid":{"rendered":"http:\/\/altisk-szederkeny.edu.hu\/weboldal\/?p=3573"},"modified":"2023-11-30T15:30:08","modified_gmt":"2023-11-30T14:30:08","slug":"palyaorientacios-nap","status":"publish","type":"post","link":"http:\/\/altisk-szederkeny.edu.hu\/weboldal\/?p=3573","title":{"rendered":"P\u00e1lyaorient\u00e1ci\u00f3s nap"},"content":{"rendered":"\n<p><strong><u>P\u00e1lyaorient\u00e1ci\u00f3s nap (okt. 2.)<\/u><\/strong>: A sokf\u00e9le programot mag\u00e1ban foglal\u00f3 alkalommal a gyerekek t\u00e1j\u00e9koztat\u00f3kat hallgathattak meg \u2013 a fels\u0151s\u00f6k n\u00e9h\u00e1ny sz\u00f3baj\u00f6het\u0151 szakm\u00e1r\u00f3l, illetve szem\u00e9lyis\u00e9gteszt seg\u00edts\u00e9g\u00e9vel is felm\u00e9rhett\u00e9k, milyen \u00e1gazat \u00e1ll legk\u00f6zelebb hozz\u00e1juk, valamint n\u00e9h\u00e1ny sz\u00fcl\u0151 besz\u00e1mol\u00f3ja \u00e1ltal k\u00f6zvetlen\u00fcl is tehettek fel k\u00e9rd\u00e9seket az \u0151ket \u00e9rdekl\u0151 szakm\u00e1kr\u00f3l.<\/p>\n<p>Az als\u00f3 tagozatosok ezalatt felkereshett\u00e9k a T\u00e1rnoky Kert\u00e9szetet \u00e9s a S\u00fct\u00f6d\u00e9t, valamint hallhattak az eg\u00e9szs\u00e9ges t\u00e1pl\u00e1lkoz\u00e1sr\u00f3l \u00e9s k\u00e9zm\u0171ves foglalkoz\u00e1sokon vehettek r\u00e9szt.<\/p>\n\n\n\n\n\n<div class=\"ngg-galleryoverview ngg-slideshow\"\n\t id=\"ngg-slideshow-c8838fcea2626ad58ac332ee003cfeee-17578859020\"\n     data-gallery-id=\"c8838fcea2626ad58ac332ee003cfeee\"\n     style=\"max-width: 600px; max-height: 400px;\">\n\n \t<div id=\"ngg-image-0\" class=\"ngg-gallery-slideshow-image\" style=\"height:400px\">\n\n        <a href=\"http:\/\/altisk-szederkeny.edu.hu\/weboldal\/wp-content\/gallery\/palyaorientacios-nap-2023\/Kep30.png\"\n           title=\"\"\n           data-src=\"http:\/\/altisk-szederkeny.edu.hu\/weboldal\/wp-content\/gallery\/palyaorientacios-nap-2023\/Kep30.png\"\n           data-thumbnail=\"http:\/\/altisk-szederkeny.edu.hu\/weboldal\/wp-content\/gallery\/palyaorientacios-nap-2023\/thumbs\/thumbs_Kep30.png\"\n           data-image-id=\"1368\"\n           data-title=\"Kep30\"\n           data-description=\"\"\n           class=\"ngg-fancybox\" rel=\"c8838fcea2626ad58ac332ee003cfeee\">\n\n            <img data-image-id='1368'\n                 title=\"\"\n                 alt=\"Kep30\"\n                 src=\"http:\/\/altisk-szederkeny.edu.hu\/weboldal\/wp-content\/gallery\/palyaorientacios-nap-2023\/Kep30.png\"\n                 style=\"max-height: 380px;\"\/>\n        <\/a>\n\n        <\/div> \n<div id=\"ngg-image-1\" class=\"ngg-gallery-slideshow-image\" style=\"height:400px\">\n\n        <a href=\"http:\/\/altisk-szederkeny.edu.hu\/weboldal\/wp-content\/gallery\/palyaorientacios-nap-2023\/Kep29.png\"\n           title=\"\"\n           data-src=\"http:\/\/altisk-szederkeny.edu.hu\/weboldal\/wp-content\/gallery\/palyaorientacios-nap-2023\/Kep29.png\"\n           data-thumbnail=\"http:\/\/altisk-szederkeny.edu.hu\/weboldal\/wp-content\/gallery\/palyaorientacios-nap-2023\/thumbs\/thumbs_Kep29.png\"\n           data-image-id=\"1367\"\n           data-title=\"Kep29\"\n           data-description=\"\"\n           class=\"ngg-fancybox\" rel=\"c8838fcea2626ad58ac332ee003cfeee\">\n\n            <img data-image-id='1367'\n                 title=\"\"\n                 alt=\"Kep29\"\n                 src=\"http:\/\/altisk-szederkeny.edu.hu\/weboldal\/wp-content\/gallery\/palyaorientacios-nap-2023\/Kep29.png\"\n                 style=\"max-height: 380px;\"\/>\n        <\/a>\n\n        <\/div> \n<div id=\"ngg-image-2\" class=\"ngg-gallery-slideshow-image\" style=\"height:400px\">\n\n        <a href=\"http:\/\/altisk-szederkeny.edu.hu\/weboldal\/wp-content\/gallery\/palyaorientacios-nap-2023\/Kep31.png\"\n           title=\"\"\n           data-src=\"http:\/\/altisk-szederkeny.edu.hu\/weboldal\/wp-content\/gallery\/palyaorientacios-nap-2023\/Kep31.png\"\n           data-thumbnail=\"http:\/\/altisk-szederkeny.edu.hu\/weboldal\/wp-content\/gallery\/palyaorientacios-nap-2023\/thumbs\/thumbs_Kep31.png\"\n           data-image-id=\"1366\"\n           data-title=\"Kep31\"\n           data-description=\"\"\n           class=\"ngg-fancybox\" rel=\"c8838fcea2626ad58ac332ee003cfeee\">\n\n            <img data-image-id='1366'\n                 title=\"\"\n                 alt=\"Kep31\"\n                 src=\"http:\/\/altisk-szederkeny.edu.hu\/weboldal\/wp-content\/gallery\/palyaorientacios-nap-2023\/Kep31.png\"\n                 style=\"max-height: 380px;\"\/>\n        <\/a>\n\n        <\/div> \n<div id=\"ngg-image-3\" class=\"ngg-gallery-slideshow-image\" style=\"height:400px\">\n\n        <a href=\"http:\/\/altisk-szederkeny.edu.hu\/weboldal\/wp-content\/gallery\/palyaorientacios-nap-2023\/Kep32.png\"\n           title=\"\"\n           data-src=\"http:\/\/altisk-szederkeny.edu.hu\/weboldal\/wp-content\/gallery\/palyaorientacios-nap-2023\/Kep32.png\"\n           data-thumbnail=\"http:\/\/altisk-szederkeny.edu.hu\/weboldal\/wp-content\/gallery\/palyaorientacios-nap-2023\/thumbs\/thumbs_Kep32.png\"\n           data-image-id=\"1365\"\n           data-title=\"Kep32\"\n           data-description=\"\"\n           class=\"ngg-fancybox\" rel=\"c8838fcea2626ad58ac332ee003cfeee\">\n\n            <img data-image-id='1365'\n                 title=\"\"\n                 alt=\"Kep32\"\n                 src=\"http:\/\/altisk-szederkeny.edu.hu\/weboldal\/wp-content\/gallery\/palyaorientacios-nap-2023\/Kep32.png\"\n                 style=\"max-height: 380px;\"\/>\n        <\/a>\n\n        <\/div> \n<div id=\"ngg-image-4\" class=\"ngg-gallery-slideshow-image\" style=\"height:400px\">\n\n        <a href=\"http:\/\/altisk-szederkeny.edu.hu\/weboldal\/wp-content\/gallery\/palyaorientacios-nap-2023\/Kep36.png\"\n           title=\"\"\n           data-src=\"http:\/\/altisk-szederkeny.edu.hu\/weboldal\/wp-content\/gallery\/palyaorientacios-nap-2023\/Kep36.png\"\n           data-thumbnail=\"http:\/\/altisk-szederkeny.edu.hu\/weboldal\/wp-content\/gallery\/palyaorientacios-nap-2023\/thumbs\/thumbs_Kep36.png\"\n           data-image-id=\"1363\"\n           data-title=\"Kep36\"\n           data-description=\"\"\n           class=\"ngg-fancybox\" rel=\"c8838fcea2626ad58ac332ee003cfeee\">\n\n            <img data-image-id='1363'\n                 title=\"\"\n                 alt=\"Kep36\"\n                 src=\"http:\/\/altisk-szederkeny.edu.hu\/weboldal\/wp-content\/gallery\/palyaorientacios-nap-2023\/Kep36.png\"\n                 style=\"max-height: 380px;\"\/>\n        <\/a>\n\n        <\/div> \n<div id=\"ngg-image-5\" class=\"ngg-gallery-slideshow-image\" style=\"height:400px\">\n\n        <a href=\"http:\/\/altisk-szederkeny.edu.hu\/weboldal\/wp-content\/gallery\/palyaorientacios-nap-2023\/Kep34.png\"\n           title=\"\"\n           data-src=\"http:\/\/altisk-szederkeny.edu.hu\/weboldal\/wp-content\/gallery\/palyaorientacios-nap-2023\/Kep34.png\"\n           data-thumbnail=\"http:\/\/altisk-szederkeny.edu.hu\/weboldal\/wp-content\/gallery\/palyaorientacios-nap-2023\/thumbs\/thumbs_Kep34.png\"\n           data-image-id=\"1364\"\n           data-title=\"Kep34\"\n           data-description=\"\"\n           class=\"ngg-fancybox\" rel=\"c8838fcea2626ad58ac332ee003cfeee\">\n\n            <img data-image-id='1364'\n                 title=\"\"\n                 alt=\"Kep34\"\n                 src=\"http:\/\/altisk-szederkeny.edu.hu\/weboldal\/wp-content\/gallery\/palyaorientacios-nap-2023\/Kep34.png\"\n                 style=\"max-height: 380px;\"\/>\n        <\/a>\n\n        <\/div> \n<div id=\"ngg-image-6\" class=\"ngg-gallery-slideshow-image\" style=\"height:400px\">\n\n        <a href=\"http:\/\/altisk-szederkeny.edu.hu\/weboldal\/wp-content\/gallery\/palyaorientacios-nap-2023\/Kep33.png\"\n           title=\"\"\n           data-src=\"http:\/\/altisk-szederkeny.edu.hu\/weboldal\/wp-content\/gallery\/palyaorientacios-nap-2023\/Kep33.png\"\n           data-thumbnail=\"http:\/\/altisk-szederkeny.edu.hu\/weboldal\/wp-content\/gallery\/palyaorientacios-nap-2023\/thumbs\/thumbs_Kep33.png\"\n           data-image-id=\"1361\"\n           data-title=\"Kep33\"\n           data-description=\"\"\n           class=\"ngg-fancybox\" rel=\"c8838fcea2626ad58ac332ee003cfeee\">\n\n            <img data-image-id='1361'\n                 title=\"\"\n                 alt=\"Kep33\"\n                 src=\"http:\/\/altisk-szederkeny.edu.hu\/weboldal\/wp-content\/gallery\/palyaorientacios-nap-2023\/Kep33.png\"\n                 style=\"max-height: 380px;\"\/>\n        <\/a>\n\n        <\/div> \n<div id=\"ngg-image-7\" class=\"ngg-gallery-slideshow-image\" style=\"height:400px\">\n\n        <a href=\"http:\/\/altisk-szederkeny.edu.hu\/weboldal\/wp-content\/gallery\/palyaorientacios-nap-2023\/Kep35.png\"\n           title=\"\"\n           data-src=\"http:\/\/altisk-szederkeny.edu.hu\/weboldal\/wp-content\/gallery\/palyaorientacios-nap-2023\/Kep35.png\"\n           data-thumbnail=\"http:\/\/altisk-szederkeny.edu.hu\/weboldal\/wp-content\/gallery\/palyaorientacios-nap-2023\/thumbs\/thumbs_Kep35.png\"\n           data-image-id=\"1362\"\n           data-title=\"Kep35\"\n           data-description=\"\"\n           class=\"ngg-fancybox\" rel=\"c8838fcea2626ad58ac332ee003cfeee\">\n\n            <img data-image-id='1362'\n                 title=\"\"\n                 alt=\"Kep35\"\n                 src=\"http:\/\/altisk-szederkeny.edu.hu\/weboldal\/wp-content\/gallery\/palyaorientacios-nap-2023\/Kep35.png\"\n                 style=\"max-height: 380px;\"\/>\n        <\/a>\n\n        <\/div> \n<\/div>\n\n\n\n\n","protected":false},"excerpt":{"rendered":"<p>P\u00e1lyaorient\u00e1ci\u00f3s nap (okt. 2.): A sokf\u00e9le programot mag\u00e1ban foglal\u00f3 alkalommal a gyerekek t\u00e1j\u00e9koztat\u00f3kat hallgathattak meg \u2013 a fels\u0151s\u00f6k n\u00e9h\u00e1ny sz\u00f3baj\u00f6het\u0151 szakm\u00e1r\u00f3l, illetve szem\u00e9lyis\u00e9gteszt seg\u00edts\u00e9g\u00e9vel is felm\u00e9rhett\u00e9k, milyen \u00e1gazat \u00e1ll legk\u00f6zelebb hozz\u00e1juk, valamint n\u00e9h\u00e1ny sz\u00fcl\u0151 besz\u00e1mol\u00f3ja \u00e1ltal k\u00f6zvetlen\u00fcl is tehettek fel k\u00e9rd\u00e9seket az \u0151ket \u00e9rdekl\u0151 szakm\u00e1kr\u00f3l. Az als\u00f3 tagozatosok ezalatt felkereshett\u00e9k \u2026 <a class=\"continue-reading-link\" href=\"http:\/\/altisk-szederkeny.edu.hu\/weboldal\/?p=3573\"> Continue reading <span class=\"meta-nav\">&rarr; <\/span><\/a><\/p>\n","protected":false},"author":1,"featured_media":0,"comment_status":"closed","ping_status":"closed","sticky":false,"template":"","format":"standard","meta":{"ngg_post_thumbnail":0},"categories":[1],"tags":[],"_links":{"self":[{"href":"http:\/\/altisk-szederkeny.edu.hu\/weboldal\/index.php?rest_route=\/wp\/v2\/posts\/3573"}],"collection":[{"href":"http:\/\/altisk-szederkeny.edu.hu\/weboldal\/index.php?rest_route=\/wp\/v2\/posts"}],"about":[{"href":"http:\/\/altisk-szederkeny.edu.hu\/weboldal\/index.php?rest_route=\/wp\/v2\/types\/post"}],"author":[{"embeddable":true,"href":"http:\/\/altisk-szederkeny.edu.hu\/weboldal\/index.php?rest_route=\/wp\/v2\/users\/1"}],"replies":[{"embeddable":true,"href":"http:\/\/altisk-szederkeny.edu.hu\/weboldal\/index.php?rest_route=%2Fwp%2Fv2%2Fcomments&post=3573"}],"version-history":[{"count":4,"href":"http:\/\/altisk-szederkeny.edu.hu\/weboldal\/index.php?rest_route=\/wp\/v2\/posts\/3573\/revisions"}],"predecessor-version":[{"id":3623,"href":"http:\/\/altisk-szederkeny.edu.hu\/weboldal\/index.php?rest_route=\/wp\/v2\/posts\/3573\/revisions\/3623"}],"wp:attachment":[{"href":"http:\/\/altisk-szederkeny.edu.hu\/weboldal\/index.php?rest_route=%2Fwp%2Fv2%2Fmedia&parent=3573"}],"wp:term":[{"taxonomy":"category","embeddable":true,"href":"http:\/\/altisk-szederkeny.edu.hu\/weboldal\/index.php?rest_route=%2Fwp%2Fv2%2Fcategories&post=3573"},{"taxonomy":"post_tag","embeddable":true,"href":"http:\/\/altisk-szederkeny.edu.hu\/weboldal\/index.php?rest_route=%2Fwp%2Fv2%2Ftags&post=3573"}],"curies":[{"name":"wp","href":"https:\/\/api.w.org\/{rel}","templated":true}]}}