{"id":3562,"date":"2023-11-30T14:19:20","date_gmt":"2023-11-30T13:19:20","guid":{"rendered":"http:\/\/altisk-szederkeny.edu.hu\/weboldal\/?p=3562"},"modified":"2023-11-30T14:19:20","modified_gmt":"2023-11-30T13:19:20","slug":"millio-lepes-az-iskoladert","status":"publish","type":"post","link":"http:\/\/altisk-szederkeny.edu.hu\/weboldal\/?p=3562","title":{"rendered":"Milli\u00f3 l\u00e9p\u00e9s az iskol\u00e1d\u00e9rt"},"content":{"rendered":"\n<p>Szeptember 25-\u00e9n \u00fajraindult a &#8222;<strong>Milli\u00f3 l\u00e9p\u00e9s az iskol\u00e1d\u00e9rt&#8221;<\/strong> program, amiben tanint\u00e9zm\u00e9ny\u00fcnk \u00fajra r\u00e9szt vesz. A program c\u00e9lja a mozg\u00e1s megszerettet\u00e9se \u00e9s az orsz\u00e1gos K\u00e9k-t\u00fara \u00fatvonal virtu\u00e1lis megismer\u00e9se. Igyeksz\u00fcnk a l\u00e9p\u00e9seinkkel min\u00e9l t\u00f6bbsz\u00f6r megtenni ezt a k\u00f6rt, rem\u00e9lve, hogy a sorsol\u00e1s kedvez\u0151bb eredm\u00e9nyt hoz ki sz\u00e1munkra, mint tavaly.<\/p>\n\n\n<div class=\"wp-block-image is-style-default\">\n<figure class=\"aligncenter size-full is-resized\"><img decoding=\"async\" loading=\"lazy\" src=\"http:\/\/altisk-szederkeny.edu.hu\/weboldal\/wp-content\/uploads\/Kep1-1.jpg\" alt=\"\" class=\"wp-image-3567\" width=\"586\" height=\"345\" srcset=\"http:\/\/altisk-szederkeny.edu.hu\/weboldal\/wp-content\/uploads\/Kep1-1.jpg 781w, http:\/\/altisk-szederkeny.edu.hu\/weboldal\/wp-content\/uploads\/Kep1-1-300x177.jpg 300w, http:\/\/altisk-szederkeny.edu.hu\/weboldal\/wp-content\/uploads\/Kep1-1-768x452.jpg 768w, http:\/\/altisk-szederkeny.edu.hu\/weboldal\/wp-content\/uploads\/Kep1-1-600x353.jpg 600w, http:\/\/altisk-szederkeny.edu.hu\/weboldal\/wp-content\/uploads\/Kep1-1-150x88.jpg 150w, http:\/\/altisk-szederkeny.edu.hu\/weboldal\/wp-content\/uploads\/Kep1-1-250x147.jpg 250w\" sizes=\"(max-width: 586px) 100vw, 586px\" \/><\/figure><\/div>","protected":false},"excerpt":{"rendered":"<p>Szeptember 25-\u00e9n \u00fajraindult a &#8222;Milli\u00f3 l\u00e9p\u00e9s az iskol\u00e1d\u00e9rt&#8221; program, amiben tanint\u00e9zm\u00e9ny\u00fcnk \u00fajra r\u00e9szt vesz. A program c\u00e9lja a mozg\u00e1s megszerettet\u00e9se \u00e9s az orsz\u00e1gos K\u00e9k-t\u00fara \u00fatvonal virtu\u00e1lis megismer\u00e9se. Igyeksz\u00fcnk a l\u00e9p\u00e9seinkkel min\u00e9l t\u00f6bbsz\u00f6r megtenni ezt a k\u00f6rt, rem\u00e9lve, hogy a sorsol\u00e1s kedvez\u0151bb eredm\u00e9nyt hoz ki sz\u00e1munkra, mint tavaly.<\/p>\n","protected":false},"author":1,"featured_media":0,"comment_status":"closed","ping_status":"closed","sticky":false,"template":"","format":"standard","meta":{"ngg_post_thumbnail":0},"categories":[1],"tags":[],"_links":{"self":[{"href":"http:\/\/altisk-szederkeny.edu.hu\/weboldal\/index.php?rest_route=\/wp\/v2\/posts\/3562"}],"collection":[{"href":"http:\/\/altisk-szederkeny.edu.hu\/weboldal\/index.php?rest_route=\/wp\/v2\/posts"}],"about":[{"href":"http:\/\/altisk-szederkeny.edu.hu\/weboldal\/index.php?rest_route=\/wp\/v2\/types\/post"}],"author":[{"embeddable":true,"href":"http:\/\/altisk-szederkeny.edu.hu\/weboldal\/index.php?rest_route=\/wp\/v2\/users\/1"}],"replies":[{"embeddable":true,"href":"http:\/\/altisk-szederkeny.edu.hu\/weboldal\/index.php?rest_route=%2Fwp%2Fv2%2Fcomments&post=3562"}],"version-history":[{"count":5,"href":"http:\/\/altisk-szederkeny.edu.hu\/weboldal\/index.php?rest_route=\/wp\/v2\/posts\/3562\/revisions"}],"predecessor-version":[{"id":3569,"href":"http:\/\/altisk-szederkeny.edu.hu\/weboldal\/index.php?rest_route=\/wp\/v2\/posts\/3562\/revisions\/3569"}],"wp:attachment":[{"href":"http:\/\/altisk-szederkeny.edu.hu\/weboldal\/index.php?rest_route=%2Fwp%2Fv2%2Fmedia&parent=3562"}],"wp:term":[{"taxonomy":"category","embeddable":true,"href":"http:\/\/altisk-szederkeny.edu.hu\/weboldal\/index.php?rest_route=%2Fwp%2Fv2%2Fcategories&post=3562"},{"taxonomy":"post_tag","embeddable":true,"href":"http:\/\/altisk-szederkeny.edu.hu\/weboldal\/index.php?rest_route=%2Fwp%2Fv2%2Ftags&post=3562"}],"curies":[{"name":"wp","href":"https:\/\/api.w.org\/{rel}","templated":true}]}}