{"id":3525,"date":"2023-09-19T09:02:56","date_gmt":"2023-09-19T07:02:56","guid":{"rendered":"http:\/\/altisk-szederkeny.edu.hu\/weboldal\/?p=3525"},"modified":"2023-09-19T09:02:56","modified_gmt":"2023-09-19T07:02:56","slug":"hatartalanul-2023","status":"publish","type":"post","link":"http:\/\/altisk-szederkeny.edu.hu\/weboldal\/?p=3525","title":{"rendered":"HAT\u00c1RTALANUL 2023"},"content":{"rendered":"\n<p style=\"text-align: center;\">Magyar t\u00f6rt\u00e9nelmi \u00e9s kultur\u00e1lis kincsek nyom\u00e1ban, Szlov\u00e9ni\u00e1ban \u00e9s Horv\u00e1torsz\u00e1gban<\/p>\n<p>&nbsp;<\/p>\n<p style=\"text-align: center;\">2023. j\u00fanius 19. \u00e9s 23. k\u00f6z\u00f6tt fedezt\u00fck fel Szlov\u00e9nia \u00e9s Horv\u00e1torsz\u00e1g magyar eml\u00e9keit.<\/p>\n<p>&nbsp;<\/p>\n<p>Kir\u00e1ndul\u00e1s els\u0151 \u00e1llom\u00e1sa Lendva, ahol a B\u00e1nffy-Esterh\u00e1zy kast\u00e9ly ki\u00e1ll\u00edt\u00e1s\u00e1t tekintett\u00fck meg. A Magyar Nemzetis\u00e9gi M\u0171vel\u0151d\u00e9si Int\u00e9zetben a helyi magyars\u00e1g t\u00f6rt\u00e9net\u00e9vel ismerkedt\u00fcnk meg. Lendva v\u00e1ros k\u00f6zpontj\u00e1ban Szent Katalin pl\u00e9b\u00e1niatemplom mellett a Szent Istv\u00e1n szobrot, \u00e9s a Makovecz Imre \u00e1ltal \u00e9p\u00edtett kult\u00farpalot\u00e1t tekintett\u00fck meg. &nbsp;A lendvai sz\u0151l\u0151hegyen felkerest\u00fck a Szenth\u00e1roms\u00e1g k\u00e1poln\u00e1t, ahol Hadik Mih\u00e1ly t\u00f6r\u00f6kver\u0151 hadvez\u00e9r van eltemetve. Dobronak hat\u00e1r\u00e1ban K\u00f6z\u00e9p-Eur\u00f3pa legnagyobb orchidea farmj\u00e1ra l\u00e1togattunk. B\u00e1ntorny\u00e1n megn\u00e9zt\u00fck B\u00e1nffy-csal\u00e1dhoz f\u0171z\u0151d\u0151 \u00c1rp\u00e1d-kori templomot. Falain Aquila J\u00e1nos gy\u00f6ny\u00f6r\u0171 fresk\u00f3it l\u00e1thatjuk, k\u00f6zt\u00fck a Szent L\u00e1szl\u00f3 legend\u00e1t is.<\/p>\n<p>&nbsp;<\/p>\n<p>A m\u00e1sodik nap a h\u00e1rmashat\u00e1rra kir\u00e1ndultunk. Az eml\u00e9km\u0171vet k\u00f6rbes\u00e9t\u00e1lva 3 orsz\u00e1gban l\u00e9pkedt\u00fcnk szabadon. Muraszombaton megl\u00e1togattuk azt a v\u00e1rkast\u00e9lyt, amely a Sz\u00e9chy csal\u00e1d birtok\u00e1t k\u00e9pezte. Ma a Muravid\u00e9ki M\u00fazeum m\u0171k\u00f6dik benne. A d\u00e9lut\u00e1nt m\u00e1r Ptuj gy\u00f6ny\u00f6r\u0171 v\u00e1ros\u00e1ban t\u00f6lt\u00f6tt\u00fck, amely IV. B\u00e9la \u00e9s M\u00e1ty\u00e1s kir\u00e1ly idej\u00e9ben a Magyar Kir\u00e1lys\u00e1g r\u00e9sze volt. A r\u00e9gi v\u00e1roskapuk egyik\u00e9t Magyar Kapunak h\u00edvt\u00e1k. A Fl\u00f3ri\u00e1n t\u00e9ren l\u00e1thattuk az \u00faj v\u00e1rosh\u00e1z\u00e1t \u00e9s a Szent Fl\u00f3ri\u00e1n szobrot, a M\u00fazeum t\u00e9ren a r\u00e9gi v\u00e1rosh\u00e1z\u00e1t, mellette az Orpheus eml\u00e9km\u0171vet, a k\u00f6z\u00e9pkori V\u00e1rostornyot \u00e9s a Szent Gy\u00f6rgy pl\u00e9b\u00e1nia templomot. Este hangulatos s\u00e9t\u00e1t tett\u00fcnk Samobor v\u00e1ros\u00e1ban, amely sz\u00edntere volt V. Istv\u00e1n magyar \u00e9s Ottok\u00e1r cseh uralkod\u00f3 k\u00f6z\u00f6tti konfliktusnak.<\/p>\n<p>&nbsp;<\/p>\n<p>A harmadik napon v\u00e1rosn\u00e9z\u0151 s\u00e9t\u00e1ra indultunk Z\u00e1gr\u00e1bban. Bet\u00e9rt\u00fcnk a z\u00e1gr\u00e1bi Liszt Ferenc Int\u00e9zetbe, ahol megismerkedt\u00fcnk a munk\u00e1jukkal, azzal, hogy hogyan n\u00e9pszer\u0171s\u00edtik a magyars\u00e1got \u00e9s n\u00e9p\u00fcnk kult\u00far\u00e1j\u00e1t a szomsz\u00e9dos orsz\u00e1gokban \u00e9s szerte a vil\u00e1gban. Megl\u00e1togattuk a K\u00e1ptalandombon emelt sz\u00e9kesegyh\u00e1zat, benne a Szent Istv\u00e1n k\u00e1poln\u00e1val, ahol Szent L\u00e1szl\u00f3 koron\u00e1z\u00e1si pal\u00e1stj\u00e1t is l\u00e1tjuk. Itt nyugszik Erd\u0151dy Tam\u00e1s, Frangep\u00e1n Ferenc \u00e9s Zr\u00ednyi P\u00e9ter is. A Fels\u0151v\u00e1rosban tal\u00e1lhat\u00f3 a Jellasics t\u00e9r \u00e9s a Jellasics lovas szobor a f\u0151t\u00e9ren. A Szent M\u00e1rk t\u00e9ren tal\u00e1lhat\u00f3 a horv\u00e1t orsz\u00e1ggy\u0171l\u00e9s, amely a Szent M\u00e1rk templomra n\u00e9z, amelyen Horv\u00e1torsz\u00e1g \u00e9s Z\u00e1gr\u00e1b c\u00edmer\u00e9t Zsolnai cser\u00e9pb\u0151l rakt\u00e1k ki.<\/p>\n<p>&nbsp;<\/p>\n<p>A negyedik napon Fium\u00e9hez tartoz\u00f3 Tersattoba l\u00e1togattunk. A Tersattoi M\u00e1ria b\u00facs\u00faj\u00e1r\u00f3 templom k\u00e1poln\u00e1ja magyar hadihaj\u00f3k eml\u00e9k\u00e9t \u0151rzi. Megismerked\u00fcnk Fiume t\u00f6rt\u00e9nelmi belv\u00e1ros\u00e1val, a korz\u00f3n tal\u00e1lhat\u00f3 \u00d3ratoronnyal, a kik\u00f6t\u0151vel \u00e9s annak magyar felirataival. Megl\u00e1togattuk a magyar id\u0151ben \u00e9p\u00fclt piacot, a sz\u00ednh\u00e1zat, a Korm\u00e1nyz\u00f3i Palot\u00e1t, a Magyar Kir\u00e1lyi Tenger\u00e9szeti Hat\u00f3s\u00e1g \u00e9p\u00fclet\u00e9t, az Adria-palot\u00e1t \u00e9s az Adria Magyar Kir\u00e1lyi Tengerhaj\u00f3z\u00e1si Rt. sz\u00e9kh\u00e1z\u00e1t is. Felkerest\u00fck a magyar felirat\u00fa kik\u00f6t\u0151i b\u00f3j\u00e1kat \u00e9s a Baross eml\u00e9kt\u00e1bl\u00e1t. A d\u00e9lut\u00e1n folyam\u00e1n Lovranban tett\u00fcnk s\u00e9t\u00e1t, melynek \u00f3v\u00e1ros\u00e1ban tal\u00e1lhatjuk azt a vill\u00e1t, ahol Feszty \u00c1rp\u00e1d is elhunyt. S\u00e9t\u00e1ltunk a tengerparton a h\u00edres, szikl\u00e1ba v\u00e1jt s\u00e9t\u00e1nyon \u00e9s felkerest\u00fck a Hotel Palace Bellevue-t, amely Markusovszky Lajos 1848-49-es t\u00e1bori f\u0151orvos utols\u00f3 lakhelye volt. Eml\u00e9k\u00e9t t\u00e1bla \u0151rzi a sz\u00e1lloda fal\u00e1n.<\/p>\n<p>&nbsp;<\/p>\n<p>A hazautaz\u00e1s napj\u00e1n Varasdra l\u00e1togattunk. Felkerest\u00fck az Erd\u0151dyek v\u00e1rkast\u00e9ly\u00e1t \u00e9s Eur\u00f3pa tal\u00e1n legszebb barokk belv\u00e1ros\u00e1ban tett\u00fcnk egy s\u00e9t\u00e1t. Itt l\u00e1thattuk a Megyeh\u00e1z\u00e1t, a Draskovics Palot\u00e1t, a sz\u00e9kesegyh\u00e1zat \u00e9s a gy\u00f6ny\u00f6r\u0171 v\u00e1rosh\u00e1z\u00e1t is. Cs\u00e1ktorny\u00e1n tett\u00fcnk egy s\u00e9t\u00e1t a Zr\u00ednyiek v\u00e1r\u00e1n\u00e1l. Els\u00e9t\u00e1ltunk a Szent Jeromos szent\u00fcnk szobr\u00e1hoz, a Zr\u00ednyi f\u00e1hoz, Zr\u00ednyi teljes alakos szobr\u00e1hoz, a honv\u00e9d\u0151 h\u00e1bor\u00fa \u00e1ldozatainak eml\u00e9km\u0171v\u00e9hez \u00e9s a turulmadaras k\u00f6zponti eml\u00e9koszlophoz.<\/p>\n<p>&nbsp;<\/p>\n<p style=\"text-align: center;\">A program a \u201eMagyar Korm\u00e1ny t\u00e1mogat\u00e1s\u00e1val\u201d val\u00f3sult meg.<\/p>\n\n\n\n\n\n<div class=\"ngg-galleryoverview ngg-slideshow\"\n\t id=\"ngg-slideshow-bcbcf93c223517fd24781423b61bb92a-5356860360\"\n     data-gallery-id=\"bcbcf93c223517fd24781423b61bb92a\"\n     style=\"max-width: 600px; max-height: 400px;\">\n\n \t<div id=\"ngg-image-0\" class=\"ngg-gallery-slideshow-image\" style=\"height:400px\">\n\n        <a href=\"http:\/\/altisk-szederkeny.edu.hu\/weboldal\/wp-content\/gallery\/hatartalanul-2023\/received_648629890459934.jpeg\"\n           title=\"\"\n           data-src=\"http:\/\/altisk-szederkeny.edu.hu\/weboldal\/wp-content\/gallery\/hatartalanul-2023\/received_648629890459934.jpeg\"\n           data-thumbnail=\"http:\/\/altisk-szederkeny.edu.hu\/weboldal\/wp-content\/gallery\/hatartalanul-2023\/thumbs\/thumbs_received_648629890459934.jpeg\"\n           data-image-id=\"1337\"\n           data-title=\"received_648629890459934\"\n           data-description=\"\"\n           class=\"ngg-fancybox\" rel=\"bcbcf93c223517fd24781423b61bb92a\">\n\n            <img data-image-id='1337'\n                 title=\"\"\n                 alt=\"received_648629890459934\"\n                 src=\"http:\/\/altisk-szederkeny.edu.hu\/weboldal\/wp-content\/gallery\/hatartalanul-2023\/received_648629890459934.jpeg\"\n                 style=\"max-height: 380px;\"\/>\n        <\/a>\n\n        <\/div> \n<div id=\"ngg-image-1\" class=\"ngg-gallery-slideshow-image\" style=\"height:400px\">\n\n        <a href=\"http:\/\/altisk-szederkeny.edu.hu\/weboldal\/wp-content\/gallery\/hatartalanul-2023\/received_588985590024031.jpeg\"\n           title=\"\"\n           data-src=\"http:\/\/altisk-szederkeny.edu.hu\/weboldal\/wp-content\/gallery\/hatartalanul-2023\/received_588985590024031.jpeg\"\n           data-thumbnail=\"http:\/\/altisk-szederkeny.edu.hu\/weboldal\/wp-content\/gallery\/hatartalanul-2023\/thumbs\/thumbs_received_588985590024031.jpeg\"\n           data-image-id=\"1338\"\n           data-title=\"received_588985590024031\"\n           data-description=\"\"\n           class=\"ngg-fancybox\" rel=\"bcbcf93c223517fd24781423b61bb92a\">\n\n            <img data-image-id='1338'\n                 title=\"\"\n                 alt=\"received_588985590024031\"\n                 src=\"http:\/\/altisk-szederkeny.edu.hu\/weboldal\/wp-content\/gallery\/hatartalanul-2023\/received_588985590024031.jpeg\"\n                 style=\"max-height: 380px;\"\/>\n        <\/a>\n\n        <\/div> \n<div id=\"ngg-image-2\" class=\"ngg-gallery-slideshow-image\" style=\"height:400px\">\n\n        <a href=\"http:\/\/altisk-szederkeny.edu.hu\/weboldal\/wp-content\/gallery\/hatartalanul-2023\/received_215576908053986.jpeg\"\n           title=\"\"\n           data-src=\"http:\/\/altisk-szederkeny.edu.hu\/weboldal\/wp-content\/gallery\/hatartalanul-2023\/received_215576908053986.jpeg\"\n           data-thumbnail=\"http:\/\/altisk-szederkeny.edu.hu\/weboldal\/wp-content\/gallery\/hatartalanul-2023\/thumbs\/thumbs_received_215576908053986.jpeg\"\n           data-image-id=\"1334\"\n           data-title=\"received_215576908053986\"\n           data-description=\"\"\n           class=\"ngg-fancybox\" rel=\"bcbcf93c223517fd24781423b61bb92a\">\n\n            <img data-image-id='1334'\n                 title=\"\"\n                 alt=\"received_215576908053986\"\n                 src=\"http:\/\/altisk-szederkeny.edu.hu\/weboldal\/wp-content\/gallery\/hatartalanul-2023\/received_215576908053986.jpeg\"\n                 style=\"max-height: 380px;\"\/>\n        <\/a>\n\n        <\/div> \n<div id=\"ngg-image-3\" class=\"ngg-gallery-slideshow-image\" style=\"height:400px\">\n\n        <a href=\"http:\/\/altisk-szederkeny.edu.hu\/weboldal\/wp-content\/gallery\/hatartalanul-2023\/IMG_20230623_135209.jpg\"\n           title=\"\"\n           data-src=\"http:\/\/altisk-szederkeny.edu.hu\/weboldal\/wp-content\/gallery\/hatartalanul-2023\/IMG_20230623_135209.jpg\"\n           data-thumbnail=\"http:\/\/altisk-szederkeny.edu.hu\/weboldal\/wp-content\/gallery\/hatartalanul-2023\/thumbs\/thumbs_IMG_20230623_135209.jpg\"\n           data-image-id=\"1335\"\n           data-title=\"IMG_20230623_135209\"\n           data-description=\"\"\n           class=\"ngg-fancybox\" rel=\"bcbcf93c223517fd24781423b61bb92a\">\n\n            <img data-image-id='1335'\n                 title=\"\"\n                 alt=\"IMG_20230623_135209\"\n                 src=\"http:\/\/altisk-szederkeny.edu.hu\/weboldal\/wp-content\/gallery\/hatartalanul-2023\/IMG_20230623_135209.jpg\"\n                 style=\"max-height: 380px;\"\/>\n        <\/a>\n\n        <\/div> \n<div id=\"ngg-image-4\" class=\"ngg-gallery-slideshow-image\" style=\"height:400px\">\n\n        <a href=\"http:\/\/altisk-szederkeny.edu.hu\/weboldal\/wp-content\/gallery\/hatartalanul-2023\/IMG_20230623_130340.jpg\"\n           title=\"\"\n           data-src=\"http:\/\/altisk-szederkeny.edu.hu\/weboldal\/wp-content\/gallery\/hatartalanul-2023\/IMG_20230623_130340.jpg\"\n           data-thumbnail=\"http:\/\/altisk-szederkeny.edu.hu\/weboldal\/wp-content\/gallery\/hatartalanul-2023\/thumbs\/thumbs_IMG_20230623_130340.jpg\"\n           data-image-id=\"1336\"\n           data-title=\"IMG_20230623_130340\"\n           data-description=\"\"\n           class=\"ngg-fancybox\" rel=\"bcbcf93c223517fd24781423b61bb92a\">\n\n            <img data-image-id='1336'\n                 title=\"\"\n                 alt=\"IMG_20230623_130340\"\n                 src=\"http:\/\/altisk-szederkeny.edu.hu\/weboldal\/wp-content\/gallery\/hatartalanul-2023\/IMG_20230623_130340.jpg\"\n                 style=\"max-height: 380px;\"\/>\n        <\/a>\n\n        <\/div> \n<div id=\"ngg-image-5\" class=\"ngg-gallery-slideshow-image\" style=\"height:400px\">\n\n        <a href=\"http:\/\/altisk-szederkeny.edu.hu\/weboldal\/wp-content\/gallery\/hatartalanul-2023\/IMG_20230622_123851.jpg\"\n           title=\"\"\n           data-src=\"http:\/\/altisk-szederkeny.edu.hu\/weboldal\/wp-content\/gallery\/hatartalanul-2023\/IMG_20230622_123851.jpg\"\n           data-thumbnail=\"http:\/\/altisk-szederkeny.edu.hu\/weboldal\/wp-content\/gallery\/hatartalanul-2023\/thumbs\/thumbs_IMG_20230622_123851.jpg\"\n           data-image-id=\"1332\"\n           data-title=\"IMG_20230622_123851\"\n           data-description=\"\"\n           class=\"ngg-fancybox\" rel=\"bcbcf93c223517fd24781423b61bb92a\">\n\n            <img data-image-id='1332'\n                 title=\"\"\n                 alt=\"IMG_20230622_123851\"\n                 src=\"http:\/\/altisk-szederkeny.edu.hu\/weboldal\/wp-content\/gallery\/hatartalanul-2023\/IMG_20230622_123851.jpg\"\n                 style=\"max-height: 380px;\"\/>\n        <\/a>\n\n        <\/div> \n<div id=\"ngg-image-6\" class=\"ngg-gallery-slideshow-image\" style=\"height:400px\">\n\n        <a href=\"http:\/\/altisk-szederkeny.edu.hu\/weboldal\/wp-content\/gallery\/hatartalanul-2023\/IMG_20230622_103652.jpg\"\n           title=\"\"\n           data-src=\"http:\/\/altisk-szederkeny.edu.hu\/weboldal\/wp-content\/gallery\/hatartalanul-2023\/IMG_20230622_103652.jpg\"\n           data-thumbnail=\"http:\/\/altisk-szederkeny.edu.hu\/weboldal\/wp-content\/gallery\/hatartalanul-2023\/thumbs\/thumbs_IMG_20230622_103652.jpg\"\n           data-image-id=\"1331\"\n           data-title=\"IMG_20230622_103652\"\n           data-description=\"\"\n           class=\"ngg-fancybox\" rel=\"bcbcf93c223517fd24781423b61bb92a\">\n\n            <img data-image-id='1331'\n                 title=\"\"\n                 alt=\"IMG_20230622_103652\"\n                 src=\"http:\/\/altisk-szederkeny.edu.hu\/weboldal\/wp-content\/gallery\/hatartalanul-2023\/IMG_20230622_103652.jpg\"\n                 style=\"max-height: 380px;\"\/>\n        <\/a>\n\n        <\/div> \n<div id=\"ngg-image-7\" class=\"ngg-gallery-slideshow-image\" style=\"height:400px\">\n\n        <a href=\"http:\/\/altisk-szederkeny.edu.hu\/weboldal\/wp-content\/gallery\/hatartalanul-2023\/IMG_20230622_103610.jpg\"\n           title=\"\"\n           data-src=\"http:\/\/altisk-szederkeny.edu.hu\/weboldal\/wp-content\/gallery\/hatartalanul-2023\/IMG_20230622_103610.jpg\"\n           data-thumbnail=\"http:\/\/altisk-szederkeny.edu.hu\/weboldal\/wp-content\/gallery\/hatartalanul-2023\/thumbs\/thumbs_IMG_20230622_103610.jpg\"\n           data-image-id=\"1329\"\n           data-title=\"IMG_20230622_103610\"\n           data-description=\"\"\n           class=\"ngg-fancybox\" rel=\"bcbcf93c223517fd24781423b61bb92a\">\n\n            <img data-image-id='1329'\n                 title=\"\"\n                 alt=\"IMG_20230622_103610\"\n                 src=\"http:\/\/altisk-szederkeny.edu.hu\/weboldal\/wp-content\/gallery\/hatartalanul-2023\/IMG_20230622_103610.jpg\"\n                 style=\"max-height: 380px;\"\/>\n        <\/a>\n\n        <\/div> \n<div id=\"ngg-image-8\" class=\"ngg-gallery-slideshow-image\" style=\"height:400px\">\n\n        <a href=\"http:\/\/altisk-szederkeny.edu.hu\/weboldal\/wp-content\/gallery\/hatartalanul-2023\/IMG_20230622_092128.jpg\"\n           title=\"\"\n           data-src=\"http:\/\/altisk-szederkeny.edu.hu\/weboldal\/wp-content\/gallery\/hatartalanul-2023\/IMG_20230622_092128.jpg\"\n           data-thumbnail=\"http:\/\/altisk-szederkeny.edu.hu\/weboldal\/wp-content\/gallery\/hatartalanul-2023\/thumbs\/thumbs_IMG_20230622_092128.jpg\"\n           data-image-id=\"1333\"\n           data-title=\"IMG_20230622_092128\"\n           data-description=\"\"\n           class=\"ngg-fancybox\" rel=\"bcbcf93c223517fd24781423b61bb92a\">\n\n            <img data-image-id='1333'\n                 title=\"\"\n                 alt=\"IMG_20230622_092128\"\n                 src=\"http:\/\/altisk-szederkeny.edu.hu\/weboldal\/wp-content\/gallery\/hatartalanul-2023\/IMG_20230622_092128.jpg\"\n                 style=\"max-height: 380px;\"\/>\n        <\/a>\n\n        <\/div> \n<div id=\"ngg-image-9\" class=\"ngg-gallery-slideshow-image\" style=\"height:400px\">\n\n        <a href=\"http:\/\/altisk-szederkeny.edu.hu\/weboldal\/wp-content\/gallery\/hatartalanul-2023\/IMG_20230621_101218.jpg\"\n           title=\"\"\n           data-src=\"http:\/\/altisk-szederkeny.edu.hu\/weboldal\/wp-content\/gallery\/hatartalanul-2023\/IMG_20230621_101218.jpg\"\n           data-thumbnail=\"http:\/\/altisk-szederkeny.edu.hu\/weboldal\/wp-content\/gallery\/hatartalanul-2023\/thumbs\/thumbs_IMG_20230621_101218.jpg\"\n           data-image-id=\"1330\"\n           data-title=\"IMG_20230621_101218\"\n           data-description=\"\"\n           class=\"ngg-fancybox\" rel=\"bcbcf93c223517fd24781423b61bb92a\">\n\n            <img data-image-id='1330'\n                 title=\"\"\n                 alt=\"IMG_20230621_101218\"\n                 src=\"http:\/\/altisk-szederkeny.edu.hu\/weboldal\/wp-content\/gallery\/hatartalanul-2023\/IMG_20230621_101218.jpg\"\n                 style=\"max-height: 380px;\"\/>\n        <\/a>\n\n        <\/div> \n<div id=\"ngg-image-10\" class=\"ngg-gallery-slideshow-image\" style=\"height:400px\">\n\n        <a href=\"http:\/\/altisk-szederkeny.edu.hu\/weboldal\/wp-content\/gallery\/hatartalanul-2023\/IMG_20230621_094250.jpg\"\n           title=\"\"\n           data-src=\"http:\/\/altisk-szederkeny.edu.hu\/weboldal\/wp-content\/gallery\/hatartalanul-2023\/IMG_20230621_094250.jpg\"\n           data-thumbnail=\"http:\/\/altisk-szederkeny.edu.hu\/weboldal\/wp-content\/gallery\/hatartalanul-2023\/thumbs\/thumbs_IMG_20230621_094250.jpg\"\n           data-image-id=\"1328\"\n           data-title=\"IMG_20230621_094250\"\n           data-description=\"\"\n           class=\"ngg-fancybox\" rel=\"bcbcf93c223517fd24781423b61bb92a\">\n\n            <img data-image-id='1328'\n                 title=\"\"\n                 alt=\"IMG_20230621_094250\"\n                 src=\"http:\/\/altisk-szederkeny.edu.hu\/weboldal\/wp-content\/gallery\/hatartalanul-2023\/IMG_20230621_094250.jpg\"\n                 style=\"max-height: 380px;\"\/>\n        <\/a>\n\n        <\/div> \n<div id=\"ngg-image-11\" class=\"ngg-gallery-slideshow-image\" style=\"height:400px\">\n\n        <a href=\"http:\/\/altisk-szederkeny.edu.hu\/weboldal\/wp-content\/gallery\/hatartalanul-2023\/IMG_20230620_145057.jpg\"\n           title=\"\"\n           data-src=\"http:\/\/altisk-szederkeny.edu.hu\/weboldal\/wp-content\/gallery\/hatartalanul-2023\/IMG_20230620_145057.jpg\"\n           data-thumbnail=\"http:\/\/altisk-szederkeny.edu.hu\/weboldal\/wp-content\/gallery\/hatartalanul-2023\/thumbs\/thumbs_IMG_20230620_145057.jpg\"\n           data-image-id=\"1326\"\n           data-title=\"IMG_20230620_145057\"\n           data-description=\"\"\n           class=\"ngg-fancybox\" rel=\"bcbcf93c223517fd24781423b61bb92a\">\n\n            <img data-image-id='1326'\n                 title=\"\"\n                 alt=\"IMG_20230620_145057\"\n                 src=\"http:\/\/altisk-szederkeny.edu.hu\/weboldal\/wp-content\/gallery\/hatartalanul-2023\/IMG_20230620_145057.jpg\"\n                 style=\"max-height: 380px;\"\/>\n        <\/a>\n\n        <\/div> \n<div id=\"ngg-image-12\" class=\"ngg-gallery-slideshow-image\" style=\"height:400px\">\n\n        <a href=\"http:\/\/altisk-szederkeny.edu.hu\/weboldal\/wp-content\/gallery\/hatartalanul-2023\/IMG_20230620_130247.jpg\"\n           title=\"\"\n           data-src=\"http:\/\/altisk-szederkeny.edu.hu\/weboldal\/wp-content\/gallery\/hatartalanul-2023\/IMG_20230620_130247.jpg\"\n           data-thumbnail=\"http:\/\/altisk-szederkeny.edu.hu\/weboldal\/wp-content\/gallery\/hatartalanul-2023\/thumbs\/thumbs_IMG_20230620_130247.jpg\"\n           data-image-id=\"1323\"\n           data-title=\"IMG_20230620_130247\"\n           data-description=\"\"\n           class=\"ngg-fancybox\" rel=\"bcbcf93c223517fd24781423b61bb92a\">\n\n            <img data-image-id='1323'\n                 title=\"\"\n                 alt=\"IMG_20230620_130247\"\n                 src=\"http:\/\/altisk-szederkeny.edu.hu\/weboldal\/wp-content\/gallery\/hatartalanul-2023\/IMG_20230620_130247.jpg\"\n                 style=\"max-height: 380px;\"\/>\n        <\/a>\n\n        <\/div> \n<div id=\"ngg-image-13\" class=\"ngg-gallery-slideshow-image\" style=\"height:400px\">\n\n        <a href=\"http:\/\/altisk-szederkeny.edu.hu\/weboldal\/wp-content\/gallery\/hatartalanul-2023\/IMG_20230620_102715.jpg\"\n           title=\"\"\n           data-src=\"http:\/\/altisk-szederkeny.edu.hu\/weboldal\/wp-content\/gallery\/hatartalanul-2023\/IMG_20230620_102715.jpg\"\n           data-thumbnail=\"http:\/\/altisk-szederkeny.edu.hu\/weboldal\/wp-content\/gallery\/hatartalanul-2023\/thumbs\/thumbs_IMG_20230620_102715.jpg\"\n           data-image-id=\"1327\"\n           data-title=\"IMG_20230620_102715\"\n           data-description=\"\"\n           class=\"ngg-fancybox\" rel=\"bcbcf93c223517fd24781423b61bb92a\">\n\n            <img data-image-id='1327'\n                 title=\"\"\n                 alt=\"IMG_20230620_102715\"\n                 src=\"http:\/\/altisk-szederkeny.edu.hu\/weboldal\/wp-content\/gallery\/hatartalanul-2023\/IMG_20230620_102715.jpg\"\n                 style=\"max-height: 380px;\"\/>\n        <\/a>\n\n        <\/div> \n<div id=\"ngg-image-14\" class=\"ngg-gallery-slideshow-image\" style=\"height:400px\">\n\n        <a href=\"http:\/\/altisk-szederkeny.edu.hu\/weboldal\/wp-content\/gallery\/hatartalanul-2023\/IMG_20230619_164750.jpg\"\n           title=\"\"\n           data-src=\"http:\/\/altisk-szederkeny.edu.hu\/weboldal\/wp-content\/gallery\/hatartalanul-2023\/IMG_20230619_164750.jpg\"\n           data-thumbnail=\"http:\/\/altisk-szederkeny.edu.hu\/weboldal\/wp-content\/gallery\/hatartalanul-2023\/thumbs\/thumbs_IMG_20230619_164750.jpg\"\n           data-image-id=\"1321\"\n           data-title=\"IMG_20230619_164750\"\n           data-description=\"\"\n           class=\"ngg-fancybox\" rel=\"bcbcf93c223517fd24781423b61bb92a\">\n\n            <img data-image-id='1321'\n                 title=\"\"\n                 alt=\"IMG_20230619_164750\"\n                 src=\"http:\/\/altisk-szederkeny.edu.hu\/weboldal\/wp-content\/gallery\/hatartalanul-2023\/IMG_20230619_164750.jpg\"\n                 style=\"max-height: 380px;\"\/>\n        <\/a>\n\n        <\/div> \n<div id=\"ngg-image-15\" class=\"ngg-gallery-slideshow-image\" style=\"height:400px\">\n\n        <a href=\"http:\/\/altisk-szederkeny.edu.hu\/weboldal\/wp-content\/gallery\/hatartalanul-2023\/IMG_20230619_152805.jpg\"\n           title=\"\"\n           data-src=\"http:\/\/altisk-szederkeny.edu.hu\/weboldal\/wp-content\/gallery\/hatartalanul-2023\/IMG_20230619_152805.jpg\"\n           data-thumbnail=\"http:\/\/altisk-szederkeny.edu.hu\/weboldal\/wp-content\/gallery\/hatartalanul-2023\/thumbs\/thumbs_IMG_20230619_152805.jpg\"\n           data-image-id=\"1322\"\n           data-title=\"IMG_20230619_152805\"\n           data-description=\"\"\n           class=\"ngg-fancybox\" rel=\"bcbcf93c223517fd24781423b61bb92a\">\n\n            <img data-image-id='1322'\n                 title=\"\"\n                 alt=\"IMG_20230619_152805\"\n                 src=\"http:\/\/altisk-szederkeny.edu.hu\/weboldal\/wp-content\/gallery\/hatartalanul-2023\/IMG_20230619_152805.jpg\"\n                 style=\"max-height: 380px;\"\/>\n        <\/a>\n\n        <\/div> \n<div id=\"ngg-image-16\" class=\"ngg-gallery-slideshow-image\" style=\"height:400px\">\n\n        <a href=\"http:\/\/altisk-szederkeny.edu.hu\/weboldal\/wp-content\/gallery\/hatartalanul-2023\/IMG_20230619_133517.jpg\"\n           title=\"\"\n           data-src=\"http:\/\/altisk-szederkeny.edu.hu\/weboldal\/wp-content\/gallery\/hatartalanul-2023\/IMG_20230619_133517.jpg\"\n           data-thumbnail=\"http:\/\/altisk-szederkeny.edu.hu\/weboldal\/wp-content\/gallery\/hatartalanul-2023\/thumbs\/thumbs_IMG_20230619_133517.jpg\"\n           data-image-id=\"1325\"\n           data-title=\"IMG_20230619_133517\"\n           data-description=\"\"\n           class=\"ngg-fancybox\" rel=\"bcbcf93c223517fd24781423b61bb92a\">\n\n            <img data-image-id='1325'\n                 title=\"\"\n                 alt=\"IMG_20230619_133517\"\n                 src=\"http:\/\/altisk-szederkeny.edu.hu\/weboldal\/wp-content\/gallery\/hatartalanul-2023\/IMG_20230619_133517.jpg\"\n                 style=\"max-height: 380px;\"\/>\n        <\/a>\n\n        <\/div> \n<div id=\"ngg-image-17\" class=\"ngg-gallery-slideshow-image\" style=\"height:400px\">\n\n        <a href=\"http:\/\/altisk-szederkeny.edu.hu\/weboldal\/wp-content\/gallery\/hatartalanul-2023\/IMG_20230615_080525.jpg\"\n           title=\"\"\n           data-src=\"http:\/\/altisk-szederkeny.edu.hu\/weboldal\/wp-content\/gallery\/hatartalanul-2023\/IMG_20230615_080525.jpg\"\n           data-thumbnail=\"http:\/\/altisk-szederkeny.edu.hu\/weboldal\/wp-content\/gallery\/hatartalanul-2023\/thumbs\/thumbs_IMG_20230615_080525.jpg\"\n           data-image-id=\"1324\"\n           data-title=\"IMG_20230615_080525\"\n           data-description=\"\"\n           class=\"ngg-fancybox\" rel=\"bcbcf93c223517fd24781423b61bb92a\">\n\n            <img data-image-id='1324'\n                 title=\"\"\n                 alt=\"IMG_20230615_080525\"\n                 src=\"http:\/\/altisk-szederkeny.edu.hu\/weboldal\/wp-content\/gallery\/hatartalanul-2023\/IMG_20230615_080525.jpg\"\n                 style=\"max-height: 380px;\"\/>\n        <\/a>\n\n        <\/div> \n<\/div>\n\n\n\n\n","protected":false},"excerpt":{"rendered":"<p>Magyar t\u00f6rt\u00e9nelmi \u00e9s kultur\u00e1lis kincsek nyom\u00e1ban, Szlov\u00e9ni\u00e1ban \u00e9s Horv\u00e1torsz\u00e1gban &nbsp; 2023. j\u00fanius 19. \u00e9s 23. k\u00f6z\u00f6tt fedezt\u00fck fel Szlov\u00e9nia \u00e9s Horv\u00e1torsz\u00e1g magyar eml\u00e9keit. &nbsp; Kir\u00e1ndul\u00e1s els\u0151 \u00e1llom\u00e1sa Lendva, ahol a B\u00e1nffy-Esterh\u00e1zy kast\u00e9ly ki\u00e1ll\u00edt\u00e1s\u00e1t tekintett\u00fck meg. A Magyar Nemzetis\u00e9gi M\u0171vel\u0151d\u00e9si Int\u00e9zetben a helyi magyars\u00e1g t\u00f6rt\u00e9net\u00e9vel ismerkedt\u00fcnk meg. Lendva v\u00e1ros k\u00f6zpontj\u00e1ban Szent \u2026 <a class=\"continue-reading-link\" href=\"http:\/\/altisk-szederkeny.edu.hu\/weboldal\/?p=3525\"> Continue reading <span class=\"meta-nav\">&rarr; <\/span><\/a><\/p>\n","protected":false},"author":1,"featured_media":0,"comment_status":"closed","ping_status":"closed","sticky":false,"template":"","format":"standard","meta":{"ngg_post_thumbnail":0},"categories":[1],"tags":[],"_links":{"self":[{"href":"http:\/\/altisk-szederkeny.edu.hu\/weboldal\/index.php?rest_route=\/wp\/v2\/posts\/3525"}],"collection":[{"href":"http:\/\/altisk-szederkeny.edu.hu\/weboldal\/index.php?rest_route=\/wp\/v2\/posts"}],"about":[{"href":"http:\/\/altisk-szederkeny.edu.hu\/weboldal\/index.php?rest_route=\/wp\/v2\/types\/post"}],"author":[{"embeddable":true,"href":"http:\/\/altisk-szederkeny.edu.hu\/weboldal\/index.php?rest_route=\/wp\/v2\/users\/1"}],"replies":[{"embeddable":true,"href":"http:\/\/altisk-szederkeny.edu.hu\/weboldal\/index.php?rest_route=%2Fwp%2Fv2%2Fcomments&post=3525"}],"version-history":[{"count":7,"href":"http:\/\/altisk-szederkeny.edu.hu\/weboldal\/index.php?rest_route=\/wp\/v2\/posts\/3525\/revisions"}],"predecessor-version":[{"id":3551,"href":"http:\/\/altisk-szederkeny.edu.hu\/weboldal\/index.php?rest_route=\/wp\/v2\/posts\/3525\/revisions\/3551"}],"wp:attachment":[{"href":"http:\/\/altisk-szederkeny.edu.hu\/weboldal\/index.php?rest_route=%2Fwp%2Fv2%2Fmedia&parent=3525"}],"wp:term":[{"taxonomy":"category","embeddable":true,"href":"http:\/\/altisk-szederkeny.edu.hu\/weboldal\/index.php?rest_route=%2Fwp%2Fv2%2Fcategories&post=3525"},{"taxonomy":"post_tag","embeddable":true,"href":"http:\/\/altisk-szederkeny.edu.hu\/weboldal\/index.php?rest_route=%2Fwp%2Fv2%2Ftags&post=3525"}],"curies":[{"name":"wp","href":"https:\/\/api.w.org\/{rel}","templated":true}]}}