{"id":3477,"date":"2023-08-31T14:00:17","date_gmt":"2023-08-31T12:00:17","guid":{"rendered":"http:\/\/altisk-szederkeny.edu.hu\/weboldal\/?p=3477"},"modified":"2023-08-31T14:01:42","modified_gmt":"2023-08-31T12:01:42","slug":"tanevnyito","status":"publish","type":"post","link":"http:\/\/altisk-szederkeny.edu.hu\/weboldal\/?p=3477","title":{"rendered":"Tan\u00e9vnyit\u00f3"},"content":{"rendered":"\n<p style=\"text-align: left;\"><strong>Tisztelt Sz\u00fcl\u0151k!<\/strong><\/p>\n<div style=\"text-align: left;\">&nbsp;<\/div>\n<div style=\"text-align: left;\">T\u00e1j\u00e9koztatom, hogy szeptember elsej\u00e9n iskol\u00e1nkban is elkezd\u0151dik az \u00faj tan\u00e9v.<\/div>\n<div style=\"text-align: left;\">Az els\u0151 nap menete:<\/div>\n<div style=\"text-align: left;\">1 \u00f3ra&nbsp;oszt\u00e1lyf\u0151n\u00f6ki \u00f3ra<\/div>\n<div style=\"text-align: left;\">2. \u00f3ra \u00dcnnep\u00e9lyes tan\u00e9vnyit\u00f3<\/div>\n<div style=\"text-align: left;\">3. \u00f3ra oszt\u00e1lyf\u0151n\u00f6ki \u00f3ra<\/div>\n<div style=\"text-align: left;\">4. \u00f3ra oszt\u00e1lyf\u0151n\u00f6ki. \u00f3ra<\/div>\n<div style=\"text-align: left;\">5. \u00f3ra Eb\u00e9d, hazamenetel ( indokolt esetben \u00fcgyeletet biztos\u00edtunk-k\u00e9rem jelezzenek az oszt\u00e1lyf\u0151n\u00f6knek!)&nbsp;<\/div>\n<div style=\"text-align: left;\">&nbsp;<\/div>\n<div style=\"text-align: left;\">Ezen a napon kapj\u00e1k a tanul\u00f3k az ingyenes tank\u00f6nyvcsomagot, a bej\u00e1r\u00f3k a b\u00e9rleteket, \u00f3rarend ismertet\u00e9s, baleset \u00e9s t\u0171zv\u00e9delmi oktat\u00e1s&#8230;lesz..<br clear=\"all\">\n<div style=\"text-align: center;\"><strong>Szeptember 4-t\u0151l \u00f3rarend szerinti tan\u00edt\u00e1s. Becsenget\u00e9s 8:00<\/strong><\/div>\n<\/div>\n","protected":false},"excerpt":{"rendered":"<p>Tisztelt Sz\u00fcl\u0151k! &nbsp; T\u00e1j\u00e9koztatom, hogy szeptember elsej\u00e9n iskol\u00e1nkban is elkezd\u0151dik az \u00faj tan\u00e9v. Az els\u0151 nap menete: 1 \u00f3ra&nbsp;oszt\u00e1lyf\u0151n\u00f6ki \u00f3ra 2. \u00f3ra \u00dcnnep\u00e9lyes tan\u00e9vnyit\u00f3 3. \u00f3ra oszt\u00e1lyf\u0151n\u00f6ki \u00f3ra 4. \u00f3ra oszt\u00e1lyf\u0151n\u00f6ki. \u00f3ra 5. \u00f3ra Eb\u00e9d, hazamenetel ( indokolt esetben \u00fcgyeletet biztos\u00edtunk-k\u00e9rem jelezzenek az oszt\u00e1lyf\u0151n\u00f6knek!)&nbsp; &nbsp; Ezen a napon kapj\u00e1k a \u2026 <a class=\"continue-reading-link\" href=\"http:\/\/altisk-szederkeny.edu.hu\/weboldal\/?p=3477\"> Continue reading <span class=\"meta-nav\">&rarr; <\/span><\/a><\/p>\n","protected":false},"author":1,"featured_media":0,"comment_status":"closed","ping_status":"closed","sticky":false,"template":"","format":"standard","meta":{"ngg_post_thumbnail":0},"categories":[1],"tags":[],"_links":{"self":[{"href":"http:\/\/altisk-szederkeny.edu.hu\/weboldal\/index.php?rest_route=\/wp\/v2\/posts\/3477"}],"collection":[{"href":"http:\/\/altisk-szederkeny.edu.hu\/weboldal\/index.php?rest_route=\/wp\/v2\/posts"}],"about":[{"href":"http:\/\/altisk-szederkeny.edu.hu\/weboldal\/index.php?rest_route=\/wp\/v2\/types\/post"}],"author":[{"embeddable":true,"href":"http:\/\/altisk-szederkeny.edu.hu\/weboldal\/index.php?rest_route=\/wp\/v2\/users\/1"}],"replies":[{"embeddable":true,"href":"http:\/\/altisk-szederkeny.edu.hu\/weboldal\/index.php?rest_route=%2Fwp%2Fv2%2Fcomments&post=3477"}],"version-history":[{"count":4,"href":"http:\/\/altisk-szederkeny.edu.hu\/weboldal\/index.php?rest_route=\/wp\/v2\/posts\/3477\/revisions"}],"predecessor-version":[{"id":3481,"href":"http:\/\/altisk-szederkeny.edu.hu\/weboldal\/index.php?rest_route=\/wp\/v2\/posts\/3477\/revisions\/3481"}],"wp:attachment":[{"href":"http:\/\/altisk-szederkeny.edu.hu\/weboldal\/index.php?rest_route=%2Fwp%2Fv2%2Fmedia&parent=3477"}],"wp:term":[{"taxonomy":"category","embeddable":true,"href":"http:\/\/altisk-szederkeny.edu.hu\/weboldal\/index.php?rest_route=%2Fwp%2Fv2%2Fcategories&post=3477"},{"taxonomy":"post_tag","embeddable":true,"href":"http:\/\/altisk-szederkeny.edu.hu\/weboldal\/index.php?rest_route=%2Fwp%2Fv2%2Ftags&post=3477"}],"curies":[{"name":"wp","href":"https:\/\/api.w.org\/{rel}","templated":true}]}}