{"id":3185,"date":"2022-10-10T09:36:19","date_gmt":"2022-10-10T07:36:19","guid":{"rendered":"http:\/\/altisk-szederkeny.edu.hu\/weboldal\/?p=3185"},"modified":"2022-10-10T09:36:19","modified_gmt":"2022-10-10T07:36:19","slug":"magyar-tortenelmi-es-kulturalis-kincsek-nyomaban-horvatorszagban","status":"publish","type":"post","link":"http:\/\/altisk-szederkeny.edu.hu\/weboldal\/?p=3185","title":{"rendered":"Magyar t\u00f6rt\u00e9nelmi \u00e9s kultur\u00e1lis kincsek nyom\u00e1ban, Horv\u00e1torsz\u00e1gban"},"content":{"rendered":"\n<p>A ny\u00e1ri sz\u00fcnetben iskol\u00e1nk 22 7. \u00e9s n\u00e9h\u00e1ny 8. oszt\u00e1lyos tanul\u00f3ja 5 napos kir\u00e1ndul\u00e1son vehetett r\u00e9szt a \u201e<strong>Hat\u00e1rtalanul<\/strong>\u201d program keret\u00e9n bel\u00fcl elnyert p\u00e1ly\u00e1zatnak k\u00f6sz\u00f6nhet\u0151en Horv\u00e1torsz\u00e1gban.<\/p>\n<p>A program megval\u00f3sult a \u201e<strong>Magyar korm\u00e1ny t\u00e1mogat\u00e1s\u00e1val<\/strong>.\u201d<\/p>\n<p>Magyar t\u00f6rt\u00e9nelmi \u00e9s kultur\u00e1lis kincsek nyom\u00e1ban indultunk \u00fatnak. Barany\u00e1t\u00f3l eg\u00e9szen az Adri\u00e1ig k\u00f6vett\u00fck a magyars\u00e1g kultur\u00e1lis \u00e9s t\u00f6rt\u00e9nelmi l\u00e1bnyomait. Megismerkedt\u00fcnk hat\u00e1ron t\u00fali magyarokkal, felfedezt\u00fck Zr\u00ednyi, R\u00e1k\u00f3czi \u00e9s Frangep\u00e1n csal\u00e1d gy\u00f6kereit t\u00f6rt\u00e9nelmi D\u00e9lvid\u00e9k\u00fcnk\u00f6n.<\/p>\n<p>D\u00e9l Barany\u00e1ban \u00e9s a Dr\u00e1vasz\u00f6gben kir\u00e1ndultunk. S\u00e9t\u00e1ltunk a Kop\u00e1csi-r\u00e9t Nemzeti Parkban, majd V\u00e1rdar\u00f3c k\u00f6zs\u00e9gbe l\u00e1togattunk. P\u00e1rhuzamot vontunk a k\u00fclhoni \u00e9s a baranyai n\u00e9pszok\u00e1sok tekintet\u00e9ben. A moh\u00e1csi bus\u00f3j\u00e1r\u00e1s \u00e9s a v\u00e1rdar\u00f3ci kakasfesztiv\u00e1l k\u00f6z\u00f6s vonatkoz\u00e1sait is megbesz\u00e9lt\u00fck. A ny\u00e1ri vak\u00e1ci\u00f3 \u00e9s a magyarorsz\u00e1gi csoportok nagy sz\u00e1ma miatt a lask\u00f3i iskolal\u00e1togat\u00e1s helyett a v\u00e1rdar\u00f3ci iskolam\u00fazeumot tekintett\u00fck meg, ahol a helyi magyar szakos tan\u00e1rn\u0151 seg\u00edts\u00e9g\u00e9vel kaptunk inform\u00e1ci\u00f3t a k\u00fclhoni magyar iskol\u00e1sok magyar nyelv\u0171 oktat\u00e1s\u00e1val \u00e9s lehet\u0151s\u00e9geivel kapcsolatban.<\/p>\n<p>Esz\u00e9ken az \u00f3v\u00e1rost, annak magyar vonatkoz\u00e1s\u00fa nevezetess\u00e9geit n\u00e9zt\u00fck meg.<\/p>\n<p>Vukov\u00e1ron szembes\u00fclt\u00fcnk a d\u00e9lszl\u00e1v h\u00e1bor\u00fa szomor\u00fa esem\u00e9nyeivel, melyben a magyar lakoss\u00e1g is szenved\u0151 szerepl\u0151 volt. Az ovcsarai eml\u00e9khely ut\u00e1n \u00dajlakra ment\u00fcnk, ahol a nagy nemesi csal\u00e1dok ma is l\u00e1that\u00f3 hagyat\u00e9kait tekintett\u00fck meg a helyi m\u00fazeumban.<\/p>\n<p>Z\u00e1gr\u00e1bban, a f\u0151v\u00e1rosban v\u00e1rosn\u00e9z\u0151 nap volt. Szent Istv\u00e1n k\u00e1polna. Megn\u00e9zt\u00fck Erd\u0151dy Tam\u00e1s, Frangep\u00e1n Ferenc, Zr\u00ednyi P\u00e9ter nyugv\u00f3hely\u00e9t. L\u00e1ttuk a szabads\u00e1gharcunk ellens\u00e9g\u00e9nek, Jellasics lovasszobr\u00e1t.<\/p>\n<p>Lovran, Abb\u00e1zia \u00e9s a \u201emagyar tengerpart\u201d. S\u00e9ta a legszebb helyeken. Magyar vonatkoz\u00e1s\u00fa eml\u00e9kt\u00e1bl\u00e1kat kerest\u00fcnk. Fium\u00e9ben megkoszor\u00faztuk a Baross eml\u00e9kt\u00e1bl\u00e1t. Megn\u00e9zt\u00fck a programban jelzett fontosabb \u00e9p\u00fcleteket (Korm\u00e1nyz\u00f3i Palota, a Magyar Kir\u00e1lyi Tenger\u00e9szeti Hat\u00f3s\u00e1g \u00e9p\u00fclete, az Adria-palota \u00e9s az Adria Magyar Kir\u00e1lyi Tengerhaj\u00f3z\u00e1si Rt. sz\u00e9kh\u00e1za.) A kik\u00f6t\u0151ben a magyar felirat\u00fa kik\u00f6t\u0151i bakokat. A crikvenicai sz\u00e1ll\u00e1shely\u00fcnk\u00f6n megejtett\u00fcnk egy f\u00fcrd\u00e9st is a tengerben.<\/p>\n<p>A hazafel\u00e9 \u00fat is rengeteg \u00e9rt\u00e9kes l\u00e1tnival\u00f3t aj\u00e1nd\u00e9kozott nek\u00fcnk. Varasd magyar vonatkoz\u00e1s\u00fa nevezetess\u00e9gei. Cs\u00e1ktorny\u00e1n a Zr\u00ednyiek sz\u00e9khely\u00e9n tett\u00fcnk nagy s\u00e9t\u00e1t. A Murak\u00f6zi M\u00fazeum udvar\u00e1n megkoszor\u00faztuk a Zr\u00ednyi obeliszket. Felid\u00e9zzt\u00fck a Wessel\u00e9nyi-f\u00e9le \u00f6sszeesk\u00fcv\u00e9s t\u00f6rt\u00e9net\u00e9t, amely Zr\u00ednyi P\u00e9ter \u00e9s Frangep\u00e1n Ferenc kiv\u00e9gz\u00e9s\u00e9hez is vezetett.<\/p>\n<p>\u00d6sszes\u00e9g\u00e9ben sok magyar vonatkoz\u00e1s\u00fa \u00faj ismeretekben, felejthetetlen \u00e9lm\u00e9nyekben gazdagon t\u00e9rt\u00fcnk haza.<\/p>\n\n\n\n<figure class=\"wp-block-image size-large is-resized\"><img decoding=\"async\" loading=\"lazy\" src=\"http:\/\/altisk-szederkeny.edu.hu\/weboldal\/wp-content\/uploads\/hatartalanul-1024x628.jpg\" alt=\"\" class=\"wp-image-3221\" width=\"256\" height=\"157\" srcset=\"http:\/\/altisk-szederkeny.edu.hu\/weboldal\/wp-content\/uploads\/hatartalanul-1024x628.jpg 1024w, http:\/\/altisk-szederkeny.edu.hu\/weboldal\/wp-content\/uploads\/hatartalanul-300x184.jpg 300w, http:\/\/altisk-szederkeny.edu.hu\/weboldal\/wp-content\/uploads\/hatartalanul-768x471.jpg 768w, http:\/\/altisk-szederkeny.edu.hu\/weboldal\/wp-content\/uploads\/hatartalanul-600x368.jpg 600w, http:\/\/altisk-szederkeny.edu.hu\/weboldal\/wp-content\/uploads\/hatartalanul-150x92.jpg 150w, http:\/\/altisk-szederkeny.edu.hu\/weboldal\/wp-content\/uploads\/hatartalanul-245x150.jpg 245w, http:\/\/altisk-szederkeny.edu.hu\/weboldal\/wp-content\/uploads\/hatartalanul.jpg 1385w\" sizes=\"(max-width: 256px) 100vw, 256px\" \/><\/figure>\n\n\n\n\n\n<div class=\"ngg-galleryoverview ngg-slideshow\"\n\t id=\"ngg-slideshow-f4219c74053c3231919eedf940f519d5-6258801830\"\n     data-gallery-id=\"f4219c74053c3231919eedf940f519d5\"\n     style=\"max-width: 600px; max-height: 400px;\">\n\n \t<div id=\"ngg-image-0\" class=\"ngg-gallery-slideshow-image\" style=\"height:400px\">\n\n        <a href=\"http:\/\/altisk-szederkeny.edu.hu\/weboldal\/wp-content\/gallery\/hatartalanul-program-2022\/elokeszuleti-tori-ora-1.jpg\"\n           title=\"\"\n           data-src=\"http:\/\/altisk-szederkeny.edu.hu\/weboldal\/wp-content\/gallery\/hatartalanul-program-2022\/elokeszuleti-tori-ora-1.jpg\"\n           data-thumbnail=\"http:\/\/altisk-szederkeny.edu.hu\/weboldal\/wp-content\/gallery\/hatartalanul-program-2022\/thumbs\/thumbs_elokeszuleti-tori-ora-1.jpg\"\n           data-image-id=\"1193\"\n           data-title=\"elokeszuleti-tori-ora-1\"\n           data-description=\"\"\n           class=\"ngg-fancybox\" rel=\"f4219c74053c3231919eedf940f519d5\">\n\n            <img data-image-id='1193'\n                 title=\"\"\n                 alt=\"elokeszuleti-tori-ora-1\"\n                 src=\"http:\/\/altisk-szederkeny.edu.hu\/weboldal\/wp-content\/gallery\/hatartalanul-program-2022\/elokeszuleti-tori-ora-1.jpg\"\n                 style=\"max-height: 380px;\"\/>\n        <\/a>\n\n        <\/div> \n<div id=\"ngg-image-1\" class=\"ngg-gallery-slideshow-image\" style=\"height:400px\">\n\n        <a href=\"http:\/\/altisk-szederkeny.edu.hu\/weboldal\/wp-content\/gallery\/hatartalanul-program-2022\/17.jpg\"\n           title=\"\"\n           data-src=\"http:\/\/altisk-szederkeny.edu.hu\/weboldal\/wp-content\/gallery\/hatartalanul-program-2022\/17.jpg\"\n           data-thumbnail=\"http:\/\/altisk-szederkeny.edu.hu\/weboldal\/wp-content\/gallery\/hatartalanul-program-2022\/thumbs\/thumbs_17.jpg\"\n           data-image-id=\"1184\"\n           data-title=\"smart\"\n           data-description=\"\"\n           class=\"ngg-fancybox\" rel=\"f4219c74053c3231919eedf940f519d5\">\n\n            <img data-image-id='1184'\n                 title=\"\"\n                 alt=\"smart\"\n                 src=\"http:\/\/altisk-szederkeny.edu.hu\/weboldal\/wp-content\/gallery\/hatartalanul-program-2022\/17.jpg\"\n                 style=\"max-height: 380px;\"\/>\n        <\/a>\n\n        <\/div> \n<div id=\"ngg-image-2\" class=\"ngg-gallery-slideshow-image\" style=\"height:400px\">\n\n        <a href=\"http:\/\/altisk-szederkeny.edu.hu\/weboldal\/wp-content\/gallery\/hatartalanul-program-2022\/16.jpg\"\n           title=\"\"\n           data-src=\"http:\/\/altisk-szederkeny.edu.hu\/weboldal\/wp-content\/gallery\/hatartalanul-program-2022\/16.jpg\"\n           data-thumbnail=\"http:\/\/altisk-szederkeny.edu.hu\/weboldal\/wp-content\/gallery\/hatartalanul-program-2022\/thumbs\/thumbs_16.jpg\"\n           data-image-id=\"1183\"\n           data-title=\"smart\"\n           data-description=\"\"\n           class=\"ngg-fancybox\" rel=\"f4219c74053c3231919eedf940f519d5\">\n\n            <img data-image-id='1183'\n                 title=\"\"\n                 alt=\"smart\"\n                 src=\"http:\/\/altisk-szederkeny.edu.hu\/weboldal\/wp-content\/gallery\/hatartalanul-program-2022\/16.jpg\"\n                 style=\"max-height: 380px;\"\/>\n        <\/a>\n\n        <\/div> \n<div id=\"ngg-image-3\" class=\"ngg-gallery-slideshow-image\" style=\"height:400px\">\n\n        <a href=\"http:\/\/altisk-szederkeny.edu.hu\/weboldal\/wp-content\/gallery\/hatartalanul-program-2022\/15.jpg\"\n           title=\"\"\n           data-src=\"http:\/\/altisk-szederkeny.edu.hu\/weboldal\/wp-content\/gallery\/hatartalanul-program-2022\/15.jpg\"\n           data-thumbnail=\"http:\/\/altisk-szederkeny.edu.hu\/weboldal\/wp-content\/gallery\/hatartalanul-program-2022\/thumbs\/thumbs_15.jpg\"\n           data-image-id=\"1180\"\n           data-title=\"smart\"\n           data-description=\"\"\n           class=\"ngg-fancybox\" rel=\"f4219c74053c3231919eedf940f519d5\">\n\n            <img data-image-id='1180'\n                 title=\"\"\n                 alt=\"smart\"\n                 src=\"http:\/\/altisk-szederkeny.edu.hu\/weboldal\/wp-content\/gallery\/hatartalanul-program-2022\/15.jpg\"\n                 style=\"max-height: 380px;\"\/>\n        <\/a>\n\n        <\/div> \n<div id=\"ngg-image-4\" class=\"ngg-gallery-slideshow-image\" style=\"height:400px\">\n\n        <a href=\"http:\/\/altisk-szederkeny.edu.hu\/weboldal\/wp-content\/gallery\/hatartalanul-program-2022\/14.jpg\"\n           title=\"\"\n           data-src=\"http:\/\/altisk-szederkeny.edu.hu\/weboldal\/wp-content\/gallery\/hatartalanul-program-2022\/14.jpg\"\n           data-thumbnail=\"http:\/\/altisk-szederkeny.edu.hu\/weboldal\/wp-content\/gallery\/hatartalanul-program-2022\/thumbs\/thumbs_14.jpg\"\n           data-image-id=\"1179\"\n           data-title=\"smart\"\n           data-description=\"\"\n           class=\"ngg-fancybox\" rel=\"f4219c74053c3231919eedf940f519d5\">\n\n            <img data-image-id='1179'\n                 title=\"\"\n                 alt=\"smart\"\n                 src=\"http:\/\/altisk-szederkeny.edu.hu\/weboldal\/wp-content\/gallery\/hatartalanul-program-2022\/14.jpg\"\n                 style=\"max-height: 380px;\"\/>\n        <\/a>\n\n        <\/div> \n<div id=\"ngg-image-5\" class=\"ngg-gallery-slideshow-image\" style=\"height:400px\">\n\n        <a href=\"http:\/\/altisk-szederkeny.edu.hu\/weboldal\/wp-content\/gallery\/hatartalanul-program-2022\/13.jpg\"\n           title=\"\"\n           data-src=\"http:\/\/altisk-szederkeny.edu.hu\/weboldal\/wp-content\/gallery\/hatartalanul-program-2022\/13.jpg\"\n           data-thumbnail=\"http:\/\/altisk-szederkeny.edu.hu\/weboldal\/wp-content\/gallery\/hatartalanul-program-2022\/thumbs\/thumbs_13.jpg\"\n           data-image-id=\"1178\"\n           data-title=\"smart\"\n           data-description=\"\"\n           class=\"ngg-fancybox\" rel=\"f4219c74053c3231919eedf940f519d5\">\n\n            <img data-image-id='1178'\n                 title=\"\"\n                 alt=\"smart\"\n                 src=\"http:\/\/altisk-szederkeny.edu.hu\/weboldal\/wp-content\/gallery\/hatartalanul-program-2022\/13.jpg\"\n                 style=\"max-height: 380px;\"\/>\n        <\/a>\n\n        <\/div> \n<div id=\"ngg-image-6\" class=\"ngg-gallery-slideshow-image\" style=\"height:400px\">\n\n        <a href=\"http:\/\/altisk-szederkeny.edu.hu\/weboldal\/wp-content\/gallery\/hatartalanul-program-2022\/12.jpg\"\n           title=\"\"\n           data-src=\"http:\/\/altisk-szederkeny.edu.hu\/weboldal\/wp-content\/gallery\/hatartalanul-program-2022\/12.jpg\"\n           data-thumbnail=\"http:\/\/altisk-szederkeny.edu.hu\/weboldal\/wp-content\/gallery\/hatartalanul-program-2022\/thumbs\/thumbs_12.jpg\"\n           data-image-id=\"1175\"\n           data-title=\"smart\"\n           data-description=\"\"\n           class=\"ngg-fancybox\" rel=\"f4219c74053c3231919eedf940f519d5\">\n\n            <img data-image-id='1175'\n                 title=\"\"\n                 alt=\"smart\"\n                 src=\"http:\/\/altisk-szederkeny.edu.hu\/weboldal\/wp-content\/gallery\/hatartalanul-program-2022\/12.jpg\"\n                 style=\"max-height: 380px;\"\/>\n        <\/a>\n\n        <\/div> \n<div id=\"ngg-image-7\" class=\"ngg-gallery-slideshow-image\" style=\"height:400px\">\n\n        <a href=\"http:\/\/altisk-szederkeny.edu.hu\/weboldal\/wp-content\/gallery\/hatartalanul-program-2022\/11.jpg\"\n           title=\"\"\n           data-src=\"http:\/\/altisk-szederkeny.edu.hu\/weboldal\/wp-content\/gallery\/hatartalanul-program-2022\/11.jpg\"\n           data-thumbnail=\"http:\/\/altisk-szederkeny.edu.hu\/weboldal\/wp-content\/gallery\/hatartalanul-program-2022\/thumbs\/thumbs_11.jpg\"\n           data-image-id=\"1182\"\n           data-title=\"smart\"\n           data-description=\"\"\n           class=\"ngg-fancybox\" rel=\"f4219c74053c3231919eedf940f519d5\">\n\n            <img data-image-id='1182'\n                 title=\"\"\n                 alt=\"smart\"\n                 src=\"http:\/\/altisk-szederkeny.edu.hu\/weboldal\/wp-content\/gallery\/hatartalanul-program-2022\/11.jpg\"\n                 style=\"max-height: 380px;\"\/>\n        <\/a>\n\n        <\/div> \n<div id=\"ngg-image-8\" class=\"ngg-gallery-slideshow-image\" style=\"height:400px\">\n\n        <a href=\"http:\/\/altisk-szederkeny.edu.hu\/weboldal\/wp-content\/gallery\/hatartalanul-program-2022\/25.JPG\"\n           title=\"\"\n           data-src=\"http:\/\/altisk-szederkeny.edu.hu\/weboldal\/wp-content\/gallery\/hatartalanul-program-2022\/25.JPG\"\n           data-thumbnail=\"http:\/\/altisk-szederkeny.edu.hu\/weboldal\/wp-content\/gallery\/hatartalanul-program-2022\/thumbs\/thumbs_25.JPG\"\n           data-image-id=\"1191\"\n           data-title=\"25\"\n           data-description=\"\"\n           class=\"ngg-fancybox\" rel=\"f4219c74053c3231919eedf940f519d5\">\n\n            <img data-image-id='1191'\n                 title=\"\"\n                 alt=\"25\"\n                 src=\"http:\/\/altisk-szederkeny.edu.hu\/weboldal\/wp-content\/gallery\/hatartalanul-program-2022\/25.JPG\"\n                 style=\"max-height: 380px;\"\/>\n        <\/a>\n\n        <\/div> \n<div id=\"ngg-image-9\" class=\"ngg-gallery-slideshow-image\" style=\"height:400px\">\n\n        <a href=\"http:\/\/altisk-szederkeny.edu.hu\/weboldal\/wp-content\/gallery\/hatartalanul-program-2022\/10.jpg\"\n           title=\"\"\n           data-src=\"http:\/\/altisk-szederkeny.edu.hu\/weboldal\/wp-content\/gallery\/hatartalanul-program-2022\/10.jpg\"\n           data-thumbnail=\"http:\/\/altisk-szederkeny.edu.hu\/weboldal\/wp-content\/gallery\/hatartalanul-program-2022\/thumbs\/thumbs_10.jpg\"\n           data-image-id=\"1176\"\n           data-title=\"smart\"\n           data-description=\"\"\n           class=\"ngg-fancybox\" rel=\"f4219c74053c3231919eedf940f519d5\">\n\n            <img data-image-id='1176'\n                 title=\"\"\n                 alt=\"smart\"\n                 src=\"http:\/\/altisk-szederkeny.edu.hu\/weboldal\/wp-content\/gallery\/hatartalanul-program-2022\/10.jpg\"\n                 style=\"max-height: 380px;\"\/>\n        <\/a>\n\n        <\/div> \n<div id=\"ngg-image-10\" class=\"ngg-gallery-slideshow-image\" style=\"height:400px\">\n\n        <a href=\"http:\/\/altisk-szederkeny.edu.hu\/weboldal\/wp-content\/gallery\/hatartalanul-program-2022\/9.jpg\"\n           title=\"\"\n           data-src=\"http:\/\/altisk-szederkeny.edu.hu\/weboldal\/wp-content\/gallery\/hatartalanul-program-2022\/9.jpg\"\n           data-thumbnail=\"http:\/\/altisk-szederkeny.edu.hu\/weboldal\/wp-content\/gallery\/hatartalanul-program-2022\/thumbs\/thumbs_9.jpg\"\n           data-image-id=\"1177\"\n           data-title=\"smart\"\n           data-description=\"\"\n           class=\"ngg-fancybox\" rel=\"f4219c74053c3231919eedf940f519d5\">\n\n            <img data-image-id='1177'\n                 title=\"\"\n                 alt=\"smart\"\n                 src=\"http:\/\/altisk-szederkeny.edu.hu\/weboldal\/wp-content\/gallery\/hatartalanul-program-2022\/9.jpg\"\n                 style=\"max-height: 380px;\"\/>\n        <\/a>\n\n        <\/div> \n<div id=\"ngg-image-11\" class=\"ngg-gallery-slideshow-image\" style=\"height:400px\">\n\n        <a href=\"http:\/\/altisk-szederkeny.edu.hu\/weboldal\/wp-content\/gallery\/hatartalanul-program-2022\/8.jpg\"\n           title=\"\"\n           data-src=\"http:\/\/altisk-szederkeny.edu.hu\/weboldal\/wp-content\/gallery\/hatartalanul-program-2022\/8.jpg\"\n           data-thumbnail=\"http:\/\/altisk-szederkeny.edu.hu\/weboldal\/wp-content\/gallery\/hatartalanul-program-2022\/thumbs\/thumbs_8.jpg\"\n           data-image-id=\"1181\"\n           data-title=\"smart\"\n           data-description=\"\"\n           class=\"ngg-fancybox\" rel=\"f4219c74053c3231919eedf940f519d5\">\n\n            <img data-image-id='1181'\n                 title=\"\"\n                 alt=\"smart\"\n                 src=\"http:\/\/altisk-szederkeny.edu.hu\/weboldal\/wp-content\/gallery\/hatartalanul-program-2022\/8.jpg\"\n                 style=\"max-height: 380px;\"\/>\n        <\/a>\n\n        <\/div> \n<div id=\"ngg-image-12\" class=\"ngg-gallery-slideshow-image\" style=\"height:400px\">\n\n        <a href=\"http:\/\/altisk-szederkeny.edu.hu\/weboldal\/wp-content\/gallery\/hatartalanul-program-2022\/7.jpg\"\n           title=\"\"\n           data-src=\"http:\/\/altisk-szederkeny.edu.hu\/weboldal\/wp-content\/gallery\/hatartalanul-program-2022\/7.jpg\"\n           data-thumbnail=\"http:\/\/altisk-szederkeny.edu.hu\/weboldal\/wp-content\/gallery\/hatartalanul-program-2022\/thumbs\/thumbs_7.jpg\"\n           data-image-id=\"1174\"\n           data-title=\"smart\"\n           data-description=\"\"\n           class=\"ngg-fancybox\" rel=\"f4219c74053c3231919eedf940f519d5\">\n\n            <img data-image-id='1174'\n                 title=\"\"\n                 alt=\"smart\"\n                 src=\"http:\/\/altisk-szederkeny.edu.hu\/weboldal\/wp-content\/gallery\/hatartalanul-program-2022\/7.jpg\"\n                 style=\"max-height: 380px;\"\/>\n        <\/a>\n\n        <\/div> \n<div id=\"ngg-image-13\" class=\"ngg-gallery-slideshow-image\" style=\"height:400px\">\n\n        <a href=\"http:\/\/altisk-szederkeny.edu.hu\/weboldal\/wp-content\/gallery\/hatartalanul-program-2022\/24.JPG\"\n           title=\"\"\n           data-src=\"http:\/\/altisk-szederkeny.edu.hu\/weboldal\/wp-content\/gallery\/hatartalanul-program-2022\/24.JPG\"\n           data-thumbnail=\"http:\/\/altisk-szederkeny.edu.hu\/weboldal\/wp-content\/gallery\/hatartalanul-program-2022\/thumbs\/thumbs_24.JPG\"\n           data-image-id=\"1190\"\n           data-title=\"24\"\n           data-description=\"\"\n           class=\"ngg-fancybox\" rel=\"f4219c74053c3231919eedf940f519d5\">\n\n            <img data-image-id='1190'\n                 title=\"\"\n                 alt=\"24\"\n                 src=\"http:\/\/altisk-szederkeny.edu.hu\/weboldal\/wp-content\/gallery\/hatartalanul-program-2022\/24.JPG\"\n                 style=\"max-height: 380px;\"\/>\n        <\/a>\n\n        <\/div> \n<div id=\"ngg-image-14\" class=\"ngg-gallery-slideshow-image\" style=\"height:400px\">\n\n        <a href=\"http:\/\/altisk-szederkeny.edu.hu\/weboldal\/wp-content\/gallery\/hatartalanul-program-2022\/6.jpg\"\n           title=\"\"\n           data-src=\"http:\/\/altisk-szederkeny.edu.hu\/weboldal\/wp-content\/gallery\/hatartalanul-program-2022\/6.jpg\"\n           data-thumbnail=\"http:\/\/altisk-szederkeny.edu.hu\/weboldal\/wp-content\/gallery\/hatartalanul-program-2022\/thumbs\/thumbs_6.jpg\"\n           data-image-id=\"1173\"\n           data-title=\"smart\"\n           data-description=\"\"\n           class=\"ngg-fancybox\" rel=\"f4219c74053c3231919eedf940f519d5\">\n\n            <img data-image-id='1173'\n                 title=\"\"\n                 alt=\"smart\"\n                 src=\"http:\/\/altisk-szederkeny.edu.hu\/weboldal\/wp-content\/gallery\/hatartalanul-program-2022\/6.jpg\"\n                 style=\"max-height: 380px;\"\/>\n        <\/a>\n\n        <\/div> \n<div id=\"ngg-image-15\" class=\"ngg-gallery-slideshow-image\" style=\"height:400px\">\n\n        <a href=\"http:\/\/altisk-szederkeny.edu.hu\/weboldal\/wp-content\/gallery\/hatartalanul-program-2022\/5.jpg\"\n           title=\"\"\n           data-src=\"http:\/\/altisk-szederkeny.edu.hu\/weboldal\/wp-content\/gallery\/hatartalanul-program-2022\/5.jpg\"\n           data-thumbnail=\"http:\/\/altisk-szederkeny.edu.hu\/weboldal\/wp-content\/gallery\/hatartalanul-program-2022\/thumbs\/thumbs_5.jpg\"\n           data-image-id=\"1172\"\n           data-title=\"smart\"\n           data-description=\"\"\n           class=\"ngg-fancybox\" rel=\"f4219c74053c3231919eedf940f519d5\">\n\n            <img data-image-id='1172'\n                 title=\"\"\n                 alt=\"smart\"\n                 src=\"http:\/\/altisk-szederkeny.edu.hu\/weboldal\/wp-content\/gallery\/hatartalanul-program-2022\/5.jpg\"\n                 style=\"max-height: 380px;\"\/>\n        <\/a>\n\n        <\/div> \n<div id=\"ngg-image-16\" class=\"ngg-gallery-slideshow-image\" style=\"height:400px\">\n\n        <a href=\"http:\/\/altisk-szederkeny.edu.hu\/weboldal\/wp-content\/gallery\/hatartalanul-program-2022\/4.jpg\"\n           title=\"\"\n           data-src=\"http:\/\/altisk-szederkeny.edu.hu\/weboldal\/wp-content\/gallery\/hatartalanul-program-2022\/4.jpg\"\n           data-thumbnail=\"http:\/\/altisk-szederkeny.edu.hu\/weboldal\/wp-content\/gallery\/hatartalanul-program-2022\/thumbs\/thumbs_4.jpg\"\n           data-image-id=\"1171\"\n           data-title=\"smart\"\n           data-description=\"\"\n           class=\"ngg-fancybox\" rel=\"f4219c74053c3231919eedf940f519d5\">\n\n            <img data-image-id='1171'\n                 title=\"\"\n                 alt=\"smart\"\n                 src=\"http:\/\/altisk-szederkeny.edu.hu\/weboldal\/wp-content\/gallery\/hatartalanul-program-2022\/4.jpg\"\n                 style=\"max-height: 380px;\"\/>\n        <\/a>\n\n        <\/div> \n<div id=\"ngg-image-17\" class=\"ngg-gallery-slideshow-image\" style=\"height:400px\">\n\n        <a href=\"http:\/\/altisk-szederkeny.edu.hu\/weboldal\/wp-content\/gallery\/hatartalanul-program-2022\/3.jpg\"\n           title=\"\"\n           data-src=\"http:\/\/altisk-szederkeny.edu.hu\/weboldal\/wp-content\/gallery\/hatartalanul-program-2022\/3.jpg\"\n           data-thumbnail=\"http:\/\/altisk-szederkeny.edu.hu\/weboldal\/wp-content\/gallery\/hatartalanul-program-2022\/thumbs\/thumbs_3.jpg\"\n           data-image-id=\"1168\"\n           data-title=\"smart\"\n           data-description=\"\"\n           class=\"ngg-fancybox\" rel=\"f4219c74053c3231919eedf940f519d5\">\n\n            <img data-image-id='1168'\n                 title=\"\"\n                 alt=\"smart\"\n                 src=\"http:\/\/altisk-szederkeny.edu.hu\/weboldal\/wp-content\/gallery\/hatartalanul-program-2022\/3.jpg\"\n                 style=\"max-height: 380px;\"\/>\n        <\/a>\n\n        <\/div> \n<div id=\"ngg-image-18\" class=\"ngg-gallery-slideshow-image\" style=\"height:400px\">\n\n        <a href=\"http:\/\/altisk-szederkeny.edu.hu\/weboldal\/wp-content\/gallery\/hatartalanul-program-2022\/23.JPG\"\n           title=\"\"\n           data-src=\"http:\/\/altisk-szederkeny.edu.hu\/weboldal\/wp-content\/gallery\/hatartalanul-program-2022\/23.JPG\"\n           data-thumbnail=\"http:\/\/altisk-szederkeny.edu.hu\/weboldal\/wp-content\/gallery\/hatartalanul-program-2022\/thumbs\/thumbs_23.JPG\"\n           data-image-id=\"1189\"\n           data-title=\"23\"\n           data-description=\"\"\n           class=\"ngg-fancybox\" rel=\"f4219c74053c3231919eedf940f519d5\">\n\n            <img data-image-id='1189'\n                 title=\"\"\n                 alt=\"23\"\n                 src=\"http:\/\/altisk-szederkeny.edu.hu\/weboldal\/wp-content\/gallery\/hatartalanul-program-2022\/23.JPG\"\n                 style=\"max-height: 380px;\"\/>\n        <\/a>\n\n        <\/div> \n<div id=\"ngg-image-19\" class=\"ngg-gallery-slideshow-image\" style=\"height:400px\">\n\n        <a href=\"http:\/\/altisk-szederkeny.edu.hu\/weboldal\/wp-content\/gallery\/hatartalanul-program-2022\/2.jpg\"\n           title=\"\"\n           data-src=\"http:\/\/altisk-szederkeny.edu.hu\/weboldal\/wp-content\/gallery\/hatartalanul-program-2022\/2.jpg\"\n           data-thumbnail=\"http:\/\/altisk-szederkeny.edu.hu\/weboldal\/wp-content\/gallery\/hatartalanul-program-2022\/thumbs\/thumbs_2.jpg\"\n           data-image-id=\"1170\"\n           data-title=\"smart\"\n           data-description=\"\"\n           class=\"ngg-fancybox\" rel=\"f4219c74053c3231919eedf940f519d5\">\n\n            <img data-image-id='1170'\n                 title=\"\"\n                 alt=\"smart\"\n                 src=\"http:\/\/altisk-szederkeny.edu.hu\/weboldal\/wp-content\/gallery\/hatartalanul-program-2022\/2.jpg\"\n                 style=\"max-height: 380px;\"\/>\n        <\/a>\n\n        <\/div> \n<div id=\"ngg-image-20\" class=\"ngg-gallery-slideshow-image\" style=\"height:400px\">\n\n        <a href=\"http:\/\/altisk-szederkeny.edu.hu\/weboldal\/wp-content\/gallery\/hatartalanul-program-2022\/22.JPG\"\n           title=\"\"\n           data-src=\"http:\/\/altisk-szederkeny.edu.hu\/weboldal\/wp-content\/gallery\/hatartalanul-program-2022\/22.JPG\"\n           data-thumbnail=\"http:\/\/altisk-szederkeny.edu.hu\/weboldal\/wp-content\/gallery\/hatartalanul-program-2022\/thumbs\/thumbs_22.JPG\"\n           data-image-id=\"1188\"\n           data-title=\"22\"\n           data-description=\"\"\n           class=\"ngg-fancybox\" rel=\"f4219c74053c3231919eedf940f519d5\">\n\n            <img data-image-id='1188'\n                 title=\"\"\n                 alt=\"22\"\n                 src=\"http:\/\/altisk-szederkeny.edu.hu\/weboldal\/wp-content\/gallery\/hatartalanul-program-2022\/22.JPG\"\n                 style=\"max-height: 380px;\"\/>\n        <\/a>\n\n        <\/div> \n<div id=\"ngg-image-21\" class=\"ngg-gallery-slideshow-image\" style=\"height:400px\">\n\n        <a href=\"http:\/\/altisk-szederkeny.edu.hu\/weboldal\/wp-content\/gallery\/hatartalanul-program-2022\/20.JPG\"\n           title=\"\"\n           data-src=\"http:\/\/altisk-szederkeny.edu.hu\/weboldal\/wp-content\/gallery\/hatartalanul-program-2022\/20.JPG\"\n           data-thumbnail=\"http:\/\/altisk-szederkeny.edu.hu\/weboldal\/wp-content\/gallery\/hatartalanul-program-2022\/thumbs\/thumbs_20.JPG\"\n           data-image-id=\"1187\"\n           data-title=\"20\"\n           data-description=\"\"\n           class=\"ngg-fancybox\" rel=\"f4219c74053c3231919eedf940f519d5\">\n\n            <img data-image-id='1187'\n                 title=\"\"\n                 alt=\"20\"\n                 src=\"http:\/\/altisk-szederkeny.edu.hu\/weboldal\/wp-content\/gallery\/hatartalanul-program-2022\/20.JPG\"\n                 style=\"max-height: 380px;\"\/>\n        <\/a>\n\n        <\/div> \n<div id=\"ngg-image-22\" class=\"ngg-gallery-slideshow-image\" style=\"height:400px\">\n\n        <a href=\"http:\/\/altisk-szederkeny.edu.hu\/weboldal\/wp-content\/gallery\/hatartalanul-program-2022\/1.jpg\"\n           title=\"\"\n           data-src=\"http:\/\/altisk-szederkeny.edu.hu\/weboldal\/wp-content\/gallery\/hatartalanul-program-2022\/1.jpg\"\n           data-thumbnail=\"http:\/\/altisk-szederkeny.edu.hu\/weboldal\/wp-content\/gallery\/hatartalanul-program-2022\/thumbs\/thumbs_1.jpg\"\n           data-image-id=\"1169\"\n           data-title=\"smart\"\n           data-description=\"\"\n           class=\"ngg-fancybox\" rel=\"f4219c74053c3231919eedf940f519d5\">\n\n            <img data-image-id='1169'\n                 title=\"\"\n                 alt=\"smart\"\n                 src=\"http:\/\/altisk-szederkeny.edu.hu\/weboldal\/wp-content\/gallery\/hatartalanul-program-2022\/1.jpg\"\n                 style=\"max-height: 380px;\"\/>\n        <\/a>\n\n        <\/div> \n<div id=\"ngg-image-23\" class=\"ngg-gallery-slideshow-image\" style=\"height:400px\">\n\n        <a href=\"http:\/\/altisk-szederkeny.edu.hu\/weboldal\/wp-content\/gallery\/hatartalanul-program-2022\/A-kopacsi-nemzeti-parkban.jpg\"\n           title=\"\"\n           data-src=\"http:\/\/altisk-szederkeny.edu.hu\/weboldal\/wp-content\/gallery\/hatartalanul-program-2022\/A-kopacsi-nemzeti-parkban.jpg\"\n           data-thumbnail=\"http:\/\/altisk-szederkeny.edu.hu\/weboldal\/wp-content\/gallery\/hatartalanul-program-2022\/thumbs\/thumbs_A-kopacsi-nemzeti-parkban.jpg\"\n           data-image-id=\"1192\"\n           data-title=\"smart\"\n           data-description=\"\"\n           class=\"ngg-fancybox\" rel=\"f4219c74053c3231919eedf940f519d5\">\n\n            <img data-image-id='1192'\n                 title=\"\"\n                 alt=\"smart\"\n                 src=\"http:\/\/altisk-szederkeny.edu.hu\/weboldal\/wp-content\/gallery\/hatartalanul-program-2022\/A-kopacsi-nemzeti-parkban.jpg\"\n                 style=\"max-height: 380px;\"\/>\n        <\/a>\n\n        <\/div> \n<div id=\"ngg-image-24\" class=\"ngg-gallery-slideshow-image\" style=\"height:400px\">\n\n        <a href=\"http:\/\/altisk-szederkeny.edu.hu\/weboldal\/wp-content\/gallery\/hatartalanul-program-2022\/kakasfesztival.jpg\"\n           title=\"\"\n           data-src=\"http:\/\/altisk-szederkeny.edu.hu\/weboldal\/wp-content\/gallery\/hatartalanul-program-2022\/kakasfesztival.jpg\"\n           data-thumbnail=\"http:\/\/altisk-szederkeny.edu.hu\/weboldal\/wp-content\/gallery\/hatartalanul-program-2022\/thumbs\/thumbs_kakasfesztival.jpg\"\n           data-image-id=\"1195\"\n           data-title=\"smart\"\n           data-description=\"\"\n           class=\"ngg-fancybox\" rel=\"f4219c74053c3231919eedf940f519d5\">\n\n            <img data-image-id='1195'\n                 title=\"\"\n                 alt=\"smart\"\n                 src=\"http:\/\/altisk-szederkeny.edu.hu\/weboldal\/wp-content\/gallery\/hatartalanul-program-2022\/kakasfesztival.jpg\"\n                 style=\"max-height: 380px;\"\/>\n        <\/a>\n\n        <\/div> \n<div id=\"ngg-image-25\" class=\"ngg-gallery-slideshow-image\" style=\"height:400px\">\n\n        <a href=\"http:\/\/altisk-szederkeny.edu.hu\/weboldal\/wp-content\/gallery\/hatartalanul-program-2022\/19.JPG\"\n           title=\"\"\n           data-src=\"http:\/\/altisk-szederkeny.edu.hu\/weboldal\/wp-content\/gallery\/hatartalanul-program-2022\/19.JPG\"\n           data-thumbnail=\"http:\/\/altisk-szederkeny.edu.hu\/weboldal\/wp-content\/gallery\/hatartalanul-program-2022\/thumbs\/thumbs_19.JPG\"\n           data-image-id=\"1186\"\n           data-title=\"19\"\n           data-description=\"\"\n           class=\"ngg-fancybox\" rel=\"f4219c74053c3231919eedf940f519d5\">\n\n            <img data-image-id='1186'\n                 title=\"\"\n                 alt=\"19\"\n                 src=\"http:\/\/altisk-szederkeny.edu.hu\/weboldal\/wp-content\/gallery\/hatartalanul-program-2022\/19.JPG\"\n                 style=\"max-height: 380px;\"\/>\n        <\/a>\n\n        <\/div> \n<div id=\"ngg-image-26\" class=\"ngg-gallery-slideshow-image\" style=\"height:400px\">\n\n        <a href=\"http:\/\/altisk-szederkeny.edu.hu\/weboldal\/wp-content\/gallery\/hatartalanul-program-2022\/18.JPG\"\n           title=\"\"\n           data-src=\"http:\/\/altisk-szederkeny.edu.hu\/weboldal\/wp-content\/gallery\/hatartalanul-program-2022\/18.JPG\"\n           data-thumbnail=\"http:\/\/altisk-szederkeny.edu.hu\/weboldal\/wp-content\/gallery\/hatartalanul-program-2022\/thumbs\/thumbs_18.JPG\"\n           data-image-id=\"1185\"\n           data-title=\"18\"\n           data-description=\"\"\n           class=\"ngg-fancybox\" rel=\"f4219c74053c3231919eedf940f519d5\">\n\n            <img data-image-id='1185'\n                 title=\"\"\n                 alt=\"18\"\n                 src=\"http:\/\/altisk-szederkeny.edu.hu\/weboldal\/wp-content\/gallery\/hatartalanul-program-2022\/18.JPG\"\n                 style=\"max-height: 380px;\"\/>\n        <\/a>\n\n        <\/div> \n<div id=\"ngg-image-27\" class=\"ngg-gallery-slideshow-image\" style=\"height:400px\">\n\n        <a href=\"http:\/\/altisk-szederkeny.edu.hu\/weboldal\/wp-content\/gallery\/hatartalanul-program-2022\/elokeszuleti-tori-ora-2.jpg\"\n           title=\"\"\n           data-src=\"http:\/\/altisk-szederkeny.edu.hu\/weboldal\/wp-content\/gallery\/hatartalanul-program-2022\/elokeszuleti-tori-ora-2.jpg\"\n           data-thumbnail=\"http:\/\/altisk-szederkeny.edu.hu\/weboldal\/wp-content\/gallery\/hatartalanul-program-2022\/thumbs\/thumbs_elokeszuleti-tori-ora-2.jpg\"\n           data-image-id=\"1194\"\n           data-title=\"smart\"\n           data-description=\"\"\n           class=\"ngg-fancybox\" rel=\"f4219c74053c3231919eedf940f519d5\">\n\n            <img data-image-id='1194'\n                 title=\"\"\n                 alt=\"smart\"\n                 src=\"http:\/\/altisk-szederkeny.edu.hu\/weboldal\/wp-content\/gallery\/hatartalanul-program-2022\/elokeszuleti-tori-ora-2.jpg\"\n                 style=\"max-height: 380px;\"\/>\n        <\/a>\n\n        <\/div> \n<\/div>\n\n\n\n\n\n\n\n<figure class=\"wp-block-image size-large is-resized\"><img decoding=\"async\" loading=\"lazy\" src=\"http:\/\/altisk-szederkeny.edu.hu\/weboldal\/wp-content\/uploads\/mini-1024x910.jpg\" alt=\"\" class=\"wp-image-3216\" width=\"512\" height=\"455\" srcset=\"http:\/\/altisk-szederkeny.edu.hu\/weboldal\/wp-content\/uploads\/mini-1024x910.jpg 1024w, http:\/\/altisk-szederkeny.edu.hu\/weboldal\/wp-content\/uploads\/mini-300x267.jpg 300w, http:\/\/altisk-szederkeny.edu.hu\/weboldal\/wp-content\/uploads\/mini-768x683.jpg 768w, http:\/\/altisk-szederkeny.edu.hu\/weboldal\/wp-content\/uploads\/mini-600x533.jpg 600w, http:\/\/altisk-szederkeny.edu.hu\/weboldal\/wp-content\/uploads\/mini-150x133.jpg 150w, http:\/\/altisk-szederkeny.edu.hu\/weboldal\/wp-content\/uploads\/mini-169x150.jpg 169w, http:\/\/altisk-szederkeny.edu.hu\/weboldal\/wp-content\/uploads\/mini.jpg 1429w\" sizes=\"(max-width: 512px) 100vw, 512px\" \/><\/figure>\n","protected":false},"excerpt":{"rendered":"<p>A ny\u00e1ri sz\u00fcnetben iskol\u00e1nk 22 7. \u00e9s n\u00e9h\u00e1ny 8. oszt\u00e1lyos tanul\u00f3ja 5 napos kir\u00e1ndul\u00e1son vehetett r\u00e9szt a \u201eHat\u00e1rtalanul\u201d program keret\u00e9n bel\u00fcl elnyert p\u00e1ly\u00e1zatnak k\u00f6sz\u00f6nhet\u0151en Horv\u00e1torsz\u00e1gban. A program megval\u00f3sult a \u201eMagyar korm\u00e1ny t\u00e1mogat\u00e1s\u00e1val.\u201d Magyar t\u00f6rt\u00e9nelmi \u00e9s kultur\u00e1lis kincsek nyom\u00e1ban indultunk \u00fatnak. Barany\u00e1t\u00f3l eg\u00e9szen az Adri\u00e1ig k\u00f6vett\u00fck a magyars\u00e1g kultur\u00e1lis \u00e9s t\u00f6rt\u00e9nelmi \u2026 <a class=\"continue-reading-link\" href=\"http:\/\/altisk-szederkeny.edu.hu\/weboldal\/?p=3185\"> Continue reading <span class=\"meta-nav\">&rarr; <\/span><\/a><\/p>\n","protected":false},"author":1,"featured_media":0,"comment_status":"closed","ping_status":"closed","sticky":false,"template":"","format":"standard","meta":{"ngg_post_thumbnail":0},"categories":[1],"tags":[],"_links":{"self":[{"href":"http:\/\/altisk-szederkeny.edu.hu\/weboldal\/index.php?rest_route=\/wp\/v2\/posts\/3185"}],"collection":[{"href":"http:\/\/altisk-szederkeny.edu.hu\/weboldal\/index.php?rest_route=\/wp\/v2\/posts"}],"about":[{"href":"http:\/\/altisk-szederkeny.edu.hu\/weboldal\/index.php?rest_route=\/wp\/v2\/types\/post"}],"author":[{"embeddable":true,"href":"http:\/\/altisk-szederkeny.edu.hu\/weboldal\/index.php?rest_route=\/wp\/v2\/users\/1"}],"replies":[{"embeddable":true,"href":"http:\/\/altisk-szederkeny.edu.hu\/weboldal\/index.php?rest_route=%2Fwp%2Fv2%2Fcomments&post=3185"}],"version-history":[{"count":16,"href":"http:\/\/altisk-szederkeny.edu.hu\/weboldal\/index.php?rest_route=\/wp\/v2\/posts\/3185\/revisions"}],"predecessor-version":[{"id":3232,"href":"http:\/\/altisk-szederkeny.edu.hu\/weboldal\/index.php?rest_route=\/wp\/v2\/posts\/3185\/revisions\/3232"}],"wp:attachment":[{"href":"http:\/\/altisk-szederkeny.edu.hu\/weboldal\/index.php?rest_route=%2Fwp%2Fv2%2Fmedia&parent=3185"}],"wp:term":[{"taxonomy":"category","embeddable":true,"href":"http:\/\/altisk-szederkeny.edu.hu\/weboldal\/index.php?rest_route=%2Fwp%2Fv2%2Fcategories&post=3185"},{"taxonomy":"post_tag","embeddable":true,"href":"http:\/\/altisk-szederkeny.edu.hu\/weboldal\/index.php?rest_route=%2Fwp%2Fv2%2Ftags&post=3185"}],"curies":[{"name":"wp","href":"https:\/\/api.w.org\/{rel}","templated":true}]}}