{"id":3172,"date":"2022-08-31T08:28:52","date_gmt":"2022-08-31T06:28:52","guid":{"rendered":"http:\/\/altisk-szederkeny.edu.hu\/weboldal\/?p=3172"},"modified":"2022-08-31T08:29:36","modified_gmt":"2022-08-31T06:29:36","slug":"3172","status":"publish","type":"post","link":"http:\/\/altisk-szederkeny.edu.hu\/weboldal\/?p=3172","title":{"rendered":"Tan\u00e9vkezd\u00e9s"},"content":{"rendered":"\n\n\n<div style=\"text-align: center;\"><b>Tisztelt Sz\u00fcl\u0151!<\/b><\/div>\n<div style=\"text-align: center;\"><b>Kedves Tanul\u00f3!<\/b><\/div>\n<div><b>&nbsp;<\/b><\/div>\n<div style=\"text-align: left;\"><b>Iskol\u00e1nkban a 2022-2023-s tan\u00e9v szeptember elsej\u00e9n kezd\u0151dik. Az nap&nbsp;4 \u00f3r\u00e1t tartunk, ahol a legsz\u00fcks\u00e9gesebb&nbsp;dolgok lesznek \u00e1tbesz\u00e9lve, pontos\u00edtva.&nbsp;<\/b><\/div>\n<div style=\"text-align: left;\"><b>Az \u00fcnnep\u00e9lyes tan\u00e9vnyit\u00f3 terveink szerint az udvaron, rossz id\u0151 eset\u00e9n a tornacsarnokban 9:00-kor kezd\u0151dik. Term\u00e9szetesen v\u00e1rjuk az els\u0151s di\u00e1kjainkat \u00e9s minden \u00e9rdekl\u0151d\u0151t. Ezen a napon lesz tank\u00f6nyvoszt\u00e1s is \u00e9s eb\u00e9d ut\u00e1n a tanul\u00f3k hazamehetnek.&nbsp;<\/b><\/div>\n<div style=\"text-align: left;\"><b>Aki ig\u00e9nyli az \u00fcgyeletet, annak biztos\u00edtjuk. K\u00f6sz\u00f6n\u00f6m.<\/b><\/div>\n<div style=\"text-align: left;\"><b>&nbsp;<\/b><\/div>\n<div style=\"text-align: right;\"><b>Beck L\u00e1szl\u00f3<\/b><\/div>\n<div style=\"text-align: right;\"><b>int\u00e9zm\u00e9nyvezet\u0151<\/b><\/div>\n","protected":false},"excerpt":{"rendered":"<p>Tisztelt Sz\u00fcl\u0151! Kedves Tanul\u00f3! &nbsp; Iskol\u00e1nkban a 2022-2023-s tan\u00e9v szeptember elsej\u00e9n kezd\u0151dik. Az nap&nbsp;4 \u00f3r\u00e1t tartunk, ahol a legsz\u00fcks\u00e9gesebb&nbsp;dolgok lesznek \u00e1tbesz\u00e9lve, pontos\u00edtva.&nbsp; Az \u00fcnnep\u00e9lyes tan\u00e9vnyit\u00f3 terveink szerint az udvaron, rossz id\u0151 eset\u00e9n a tornacsarnokban 9:00-kor kezd\u0151dik. Term\u00e9szetesen v\u00e1rjuk az els\u0151s di\u00e1kjainkat \u00e9s minden \u00e9rdekl\u0151d\u0151t. Ezen a napon lesz tank\u00f6nyvoszt\u00e1s is \u2026 <a class=\"continue-reading-link\" href=\"http:\/\/altisk-szederkeny.edu.hu\/weboldal\/?p=3172\"> Continue reading <span class=\"meta-nav\">&rarr; <\/span><\/a><\/p>\n","protected":false},"author":1,"featured_media":0,"comment_status":"closed","ping_status":"closed","sticky":false,"template":"","format":"standard","meta":{"ngg_post_thumbnail":0},"categories":[1],"tags":[],"_links":{"self":[{"href":"http:\/\/altisk-szederkeny.edu.hu\/weboldal\/index.php?rest_route=\/wp\/v2\/posts\/3172"}],"collection":[{"href":"http:\/\/altisk-szederkeny.edu.hu\/weboldal\/index.php?rest_route=\/wp\/v2\/posts"}],"about":[{"href":"http:\/\/altisk-szederkeny.edu.hu\/weboldal\/index.php?rest_route=\/wp\/v2\/types\/post"}],"author":[{"embeddable":true,"href":"http:\/\/altisk-szederkeny.edu.hu\/weboldal\/index.php?rest_route=\/wp\/v2\/users\/1"}],"replies":[{"embeddable":true,"href":"http:\/\/altisk-szederkeny.edu.hu\/weboldal\/index.php?rest_route=%2Fwp%2Fv2%2Fcomments&post=3172"}],"version-history":[{"count":4,"href":"http:\/\/altisk-szederkeny.edu.hu\/weboldal\/index.php?rest_route=\/wp\/v2\/posts\/3172\/revisions"}],"predecessor-version":[{"id":3176,"href":"http:\/\/altisk-szederkeny.edu.hu\/weboldal\/index.php?rest_route=\/wp\/v2\/posts\/3172\/revisions\/3176"}],"wp:attachment":[{"href":"http:\/\/altisk-szederkeny.edu.hu\/weboldal\/index.php?rest_route=%2Fwp%2Fv2%2Fmedia&parent=3172"}],"wp:term":[{"taxonomy":"category","embeddable":true,"href":"http:\/\/altisk-szederkeny.edu.hu\/weboldal\/index.php?rest_route=%2Fwp%2Fv2%2Fcategories&post=3172"},{"taxonomy":"post_tag","embeddable":true,"href":"http:\/\/altisk-szederkeny.edu.hu\/weboldal\/index.php?rest_route=%2Fwp%2Fv2%2Ftags&post=3172"}],"curies":[{"name":"wp","href":"https:\/\/api.w.org\/{rel}","templated":true}]}}