{"id":3143,"date":"2022-06-15T21:23:39","date_gmt":"2022-06-15T19:23:39","guid":{"rendered":"http:\/\/altisk-szederkeny.edu.hu\/weboldal\/?p=3143"},"modified":"2022-06-15T21:23:39","modified_gmt":"2022-06-15T19:23:39","slug":"dijatado","status":"publish","type":"post","link":"http:\/\/altisk-szederkeny.edu.hu\/weboldal\/?p=3143","title":{"rendered":"D\u00edj\u00e1tad\u00f3"},"content":{"rendered":"\n<div dir=\"auto\">A Moh\u00e1csi Tanker\u00fcleti K\u00f6zpont Pedag\u00f3gus napi \u00fcnneps\u00e9g\u00e9n, <strong>Bernhardt J\u00e1nos<\/strong> a Szederk\u00e9nyi \u00c1ltal\u00e1nos Iskola nyugd\u00edjba vonul\u00f3 tan\u00e1ra, &#8222;Pedag\u00f3gus \u00e9letm\u0171 d\u00edj&#8221;-ban r\u00e9szes\u00fclt. Gratul\u00e1lok a koll\u00e9g\u00e1k, dolgoz\u00f3k \u00e9s di\u00e1kok nev\u00e9ben.&nbsp;<\/div>\n<div dir=\"auto\">&nbsp;<\/div>\n<div dir=\"auto\">J\u00f3 eg\u00e9szs\u00e9get, tartalmas nyugd\u00edjas \u00e9veket k\u00edv\u00e1n:<\/div>\n<div dir=\"auto\" style=\"text-align: center;\">Beck L\u00e1szl\u00f3<\/div>\n<div dir=\"auto\" style=\"text-align: center;\">int\u00e9zm\u00e9nyvezet\u0151<\/div>\n\n\n\n<div class=\"wp-block-image\"><figure class=\"aligncenter size-medium\"><a href=\"http:\/\/altisk-szederkeny.edu.hu\/weboldal\/wp-content\/uploads\/FB_IMG_1655287733804.jpg\"><img decoding=\"async\" loading=\"lazy\" width=\"240\" height=\"300\" src=\"http:\/\/altisk-szederkeny.edu.hu\/weboldal\/wp-content\/uploads\/FB_IMG_1655287733804-240x300.jpg\" alt=\"\" class=\"wp-image-3144\" srcset=\"http:\/\/altisk-szederkeny.edu.hu\/weboldal\/wp-content\/uploads\/FB_IMG_1655287733804-240x300.jpg 240w, http:\/\/altisk-szederkeny.edu.hu\/weboldal\/wp-content\/uploads\/FB_IMG_1655287733804-600x749.jpg 600w, http:\/\/altisk-szederkeny.edu.hu\/weboldal\/wp-content\/uploads\/FB_IMG_1655287733804-120x150.jpg 120w, http:\/\/altisk-szederkeny.edu.hu\/weboldal\/wp-content\/uploads\/FB_IMG_1655287733804.jpg 720w\" sizes=\"(max-width: 240px) 100vw, 240px\" \/><\/a><\/figure><\/div>\n\n\n\n<hr class=\"wp-block-separator is-style-wide\"\/>\n\n\n\n<div dir=\"auto\"><strong>Izs\u00e1kn\u00e9 H\u00e1rich Anik\u00f3<\/strong> a&nbsp; Szederk\u00e9nyi \u00c1ltal\u00e1nos Iskola Babarci Tagiskol\u00e1j\u00e1nak tan\u00edt\u00f3ja, a fenntart\u00f3 Moh\u00e1csi Tanker\u00fcleti K\u00f6zpont, Pedag\u00f3gus napi \u00fcnneps\u00e9g\u00e9n &#8222;Tanker\u00fcleti igazgat\u00f3 elismer\u0151 oklev\u00e9l d\u00edj&#8221;-ban r\u00e9szes\u00fclt.&nbsp;<\/div>\n<div dir=\"auto\">Gratul\u00e1lok a koll\u00e9g\u00e1k, di\u00e1kok nev\u00e9ben.<\/div>\n<div dir=\"auto\">&nbsp;<\/div>\n<div dir=\"auto\">J\u00f3 eg\u00e9szs\u00e9get, testi-lelki felt\u00f6lt\u0151d\u00e9st k\u00edv\u00e1nok a ny\u00e1ri sz\u00fcnetben.<\/div>\n<div dir=\"auto\" style=\"text-align: right;\">Beck L\u00e1szl\u00f3&nbsp;<br>int\u00e9zm\u00e9nyvezet\u0151<\/div>\n\n\n\n<div class=\"wp-block-image\"><figure class=\"aligncenter size-medium\"><a href=\"http:\/\/altisk-szederkeny.edu.hu\/weboldal\/wp-content\/uploads\/FB_IMG_1655287697748.jpg\"><img decoding=\"async\" loading=\"lazy\" width=\"300\" height=\"199\" src=\"http:\/\/altisk-szederkeny.edu.hu\/weboldal\/wp-content\/uploads\/FB_IMG_1655287697748-300x199.jpg\" alt=\"\" class=\"wp-image-3145\" srcset=\"http:\/\/altisk-szederkeny.edu.hu\/weboldal\/wp-content\/uploads\/FB_IMG_1655287697748-300x199.jpg 300w, http:\/\/altisk-szederkeny.edu.hu\/weboldal\/wp-content\/uploads\/FB_IMG_1655287697748-600x398.jpg 600w, http:\/\/altisk-szederkeny.edu.hu\/weboldal\/wp-content\/uploads\/FB_IMG_1655287697748-150x99.jpg 150w, http:\/\/altisk-szederkeny.edu.hu\/weboldal\/wp-content\/uploads\/FB_IMG_1655287697748-226x150.jpg 226w, http:\/\/altisk-szederkeny.edu.hu\/weboldal\/wp-content\/uploads\/FB_IMG_1655287697748.jpg 720w\" sizes=\"(max-width: 300px) 100vw, 300px\" \/><\/a><\/figure><\/div>\n","protected":false},"excerpt":{"rendered":"<p>A Moh\u00e1csi Tanker\u00fcleti K\u00f6zpont Pedag\u00f3gus napi \u00fcnneps\u00e9g\u00e9n, Bernhardt J\u00e1nos a Szederk\u00e9nyi \u00c1ltal\u00e1nos Iskola nyugd\u00edjba vonul\u00f3 tan\u00e1ra, &#8222;Pedag\u00f3gus \u00e9letm\u0171 d\u00edj&#8221;-ban r\u00e9szes\u00fclt. Gratul\u00e1lok a koll\u00e9g\u00e1k, dolgoz\u00f3k \u00e9s di\u00e1kok nev\u00e9ben.&nbsp; &nbsp; J\u00f3 eg\u00e9szs\u00e9get, tartalmas nyugd\u00edjas \u00e9veket k\u00edv\u00e1n: Beck L\u00e1szl\u00f3 int\u00e9zm\u00e9nyvezet\u0151 Izs\u00e1kn\u00e9 H\u00e1rich Anik\u00f3 a&nbsp; Szederk\u00e9nyi \u00c1ltal\u00e1nos Iskola Babarci Tagiskol\u00e1j\u00e1nak tan\u00edt\u00f3ja, a fenntart\u00f3 Moh\u00e1csi \u2026 <a class=\"continue-reading-link\" href=\"http:\/\/altisk-szederkeny.edu.hu\/weboldal\/?p=3143\"> Continue reading <span class=\"meta-nav\">&rarr; <\/span><\/a><\/p>\n","protected":false},"author":1,"featured_media":0,"comment_status":"closed","ping_status":"closed","sticky":false,"template":"","format":"standard","meta":{"ngg_post_thumbnail":0},"categories":[1],"tags":[],"_links":{"self":[{"href":"http:\/\/altisk-szederkeny.edu.hu\/weboldal\/index.php?rest_route=\/wp\/v2\/posts\/3143"}],"collection":[{"href":"http:\/\/altisk-szederkeny.edu.hu\/weboldal\/index.php?rest_route=\/wp\/v2\/posts"}],"about":[{"href":"http:\/\/altisk-szederkeny.edu.hu\/weboldal\/index.php?rest_route=\/wp\/v2\/types\/post"}],"author":[{"embeddable":true,"href":"http:\/\/altisk-szederkeny.edu.hu\/weboldal\/index.php?rest_route=\/wp\/v2\/users\/1"}],"replies":[{"embeddable":true,"href":"http:\/\/altisk-szederkeny.edu.hu\/weboldal\/index.php?rest_route=%2Fwp%2Fv2%2Fcomments&post=3143"}],"version-history":[{"count":7,"href":"http:\/\/altisk-szederkeny.edu.hu\/weboldal\/index.php?rest_route=\/wp\/v2\/posts\/3143\/revisions"}],"predecessor-version":[{"id":3152,"href":"http:\/\/altisk-szederkeny.edu.hu\/weboldal\/index.php?rest_route=\/wp\/v2\/posts\/3143\/revisions\/3152"}],"wp:attachment":[{"href":"http:\/\/altisk-szederkeny.edu.hu\/weboldal\/index.php?rest_route=%2Fwp%2Fv2%2Fmedia&parent=3143"}],"wp:term":[{"taxonomy":"category","embeddable":true,"href":"http:\/\/altisk-szederkeny.edu.hu\/weboldal\/index.php?rest_route=%2Fwp%2Fv2%2Fcategories&post=3143"},{"taxonomy":"post_tag","embeddable":true,"href":"http:\/\/altisk-szederkeny.edu.hu\/weboldal\/index.php?rest_route=%2Fwp%2Fv2%2Ftags&post=3143"}],"curies":[{"name":"wp","href":"https:\/\/api.w.org\/{rel}","templated":true}]}}