{"id":3115,"date":"2022-05-16T13:30:59","date_gmt":"2022-05-16T11:30:59","guid":{"rendered":"http:\/\/altisk-szederkeny.edu.hu\/weboldal\/?p=3115"},"modified":"2022-05-16T13:30:59","modified_gmt":"2022-05-16T11:30:59","slug":"erasmus-program","status":"publish","type":"post","link":"http:\/\/altisk-szederkeny.edu.hu\/weboldal\/?p=3115","title":{"rendered":"ERASMUS+ program"},"content":{"rendered":"\n<p style=\"text-align: left;\">Az ERASMUS+ program keret\u00e9ben 2022. \u00c1prilis 25-29-ig iskol\u00e1nk 34 di\u00e1kja egy hetes tanulm\u00e1ny\u00fatra utazott Ausztri\u00e1ba. Anger telep\u00fcl\u00e9s k\u00e9t iskol\u00e1j\u00e1nak di\u00e1kjaival tartott\u00e1k a szederk\u00e9nyi gyerekek a kapcsolatot: leveleztek \u00e9s skypoltak egym\u00e1ssal. Sajnos a Covid-j\u00e1rv\u00e1ny miatt k\u00e9t \u00e9vet kellett v\u00e1rnunk erre a szem\u00e9lyes tal\u00e1lkoz\u00f3ra.<\/p>\n<p>&nbsp;<\/p>\n<p style=\"text-align: left;\">Az 5. \u00e9s 6. oszt\u00e1lyosok a baierdorfi Volksschule di\u00e1kjaival k\u00f6z\u00f6sen a k\u00f6rny\u00e9kre jellemz\u0151 almatermeszt\u00e9st \u00e9s az alma feldolgoz\u00e1s\u00e1t tanulm\u00e1nyozt\u00e1k. K\u00f6z\u00f6sen kir\u00e1ndultak az \u00e9ppen vir\u00e1gz\u00f3 alma\u00fcltetv\u00e9nyen, illetve megl\u00e1togattak n\u00e9h\u00e1ny gazdas\u00e1got, ahol az alma t\u00e1rol\u00e1s\u00e1t \u00e9s feldolgoz\u00e1s\u00e1t figyelhett\u00e9k meg. A l\u00e1tottakr\u00f3l felv\u00e9teleket k\u00e9sz\u00edtettek, amit azt\u00e1n csapatmunk\u00e1ban dolgoztak fel digit\u00e1lisan.<\/p>\n<p>&nbsp;<\/p>\n<p style=\"text-align: left;\">A 7. oszt\u00e1lyos tanul\u00f3k az angeri Neue Mittelschul\u00e9ba l\u00e1togattak, ahol egy\u00fctt tanultak levelez\u0151 partnereikkel matematika, angol \u00e9s \u00e9nek\u00f3r\u00e1n. Megismertett\u00e9k az osztr\u00e1k gyerekekkel a l\u00e1btoll-labda j\u00e1t\u00e9kot, illetve j\u00e1t\u00e9kos form\u00e1ban ismerkedtek az iskol\u00e1val.<\/p>\n<p>&nbsp;<\/p>\n<p style=\"text-align: left;\">Ell\u00e1togattunk Grazba, ahol a v\u00e1ros nevezetess\u00e9geit tekintett\u00fck meg.<\/p>\n<p>&nbsp;<\/p>\n<p style=\"text-align: left;\">A tanulm\u00e1nyutat egy k\u00f6z\u00f6s rendezv\u00e9nnyel z\u00e1rtuk, ahol Anger telep\u00fcl\u00e9s polg\u00e1rmestere, Szederk\u00e9ny alpolg\u00e1rmestere \u00e9s k\u00e9pvisel\u0151je, az iskol\u00e1k igazgat\u00f3i, az osztr\u00e1k gyerekek sz\u00fclei el\u0151tt mutathattuk be a k\u00f6z\u00f6s munka eredm\u00e9nyeit. Magyar \u00e9s osztr\u00e1k gyerekek k\u00f6z\u00f6sen \u00e9nekeltek, zen\u00e9ltek, szavaltak. Itt l\u00e1thattuk az alma feldolgoz\u00e1s\u00e1r\u00f3l k\u00e9sz\u00edtett digit\u00e1lis anyagokat is. V\u00e9gezet\u00fcl a polg\u00e1rmester \u00far tan\u00fas\u00edtv\u00e1nyt ny\u00fajtott \u00e1t tanul\u00f3inknak a projektben val\u00f3 sikeres r\u00e9szv\u00e9telr\u0151l. A vid\u00e1m hangulat\u00fa estet k\u00f6z\u00f6s j\u00e1t\u00e9kkal z\u00e1rtuk.<\/p>\n<p>&nbsp;<\/p>\n<p style=\"text-align: left;\">Igaz\u00e1n \u00e9lm\u00e9nygazdag hetet t\u00f6lthett\u00fcnk el Ausztri\u00e1ban!<\/p>\n\n\n\n\n\n<div class=\"ngg-galleryoverview ngg-slideshow\"\n\t id=\"ngg-slideshow-6b50f5af897cb711fecb07ce1186fad8-11440081560\"\n     data-gallery-id=\"6b50f5af897cb711fecb07ce1186fad8\"\n     style=\"max-width: 600px; max-height: 400px;\">\n\n \t<div id=\"ngg-image-0\" class=\"ngg-gallery-slideshow-image\" style=\"height:400px\">\n\n        <a href=\"http:\/\/altisk-szederkeny.edu.hu\/weboldal\/wp-content\/gallery\/erasmus-program\/278959717_3215822501996824_9025636524909340982_n.jpg\"\n           title=\"\"\n           data-src=\"http:\/\/altisk-szederkeny.edu.hu\/weboldal\/wp-content\/gallery\/erasmus-program\/278959717_3215822501996824_9025636524909340982_n.jpg\"\n           data-thumbnail=\"http:\/\/altisk-szederkeny.edu.hu\/weboldal\/wp-content\/gallery\/erasmus-program\/thumbs\/thumbs_278959717_3215822501996824_9025636524909340982_n.jpg\"\n           data-image-id=\"1162\"\n           data-title=\"278959717_3215822501996824_9025636524909340982_n\"\n           data-description=\"\"\n           class=\"ngg-fancybox\" rel=\"6b50f5af897cb711fecb07ce1186fad8\">\n\n            <img data-image-id='1162'\n                 title=\"\"\n                 alt=\"278959717_3215822501996824_9025636524909340982_n\"\n                 src=\"http:\/\/altisk-szederkeny.edu.hu\/weboldal\/wp-content\/gallery\/erasmus-program\/278959717_3215822501996824_9025636524909340982_n.jpg\"\n                 style=\"max-height: 380px;\"\/>\n        <\/a>\n\n        <\/div> \n<div id=\"ngg-image-1\" class=\"ngg-gallery-slideshow-image\" style=\"height:400px\">\n\n        <a href=\"http:\/\/altisk-szederkeny.edu.hu\/weboldal\/wp-content\/gallery\/erasmus-program\/20220428_102312.jpg\"\n           title=\"\"\n           data-src=\"http:\/\/altisk-szederkeny.edu.hu\/weboldal\/wp-content\/gallery\/erasmus-program\/20220428_102312.jpg\"\n           data-thumbnail=\"http:\/\/altisk-szederkeny.edu.hu\/weboldal\/wp-content\/gallery\/erasmus-program\/thumbs\/thumbs_20220428_102312.jpg\"\n           data-image-id=\"1157\"\n           data-title=\"20220428_102312\"\n           data-description=\"\"\n           class=\"ngg-fancybox\" rel=\"6b50f5af897cb711fecb07ce1186fad8\">\n\n            <img data-image-id='1157'\n                 title=\"\"\n                 alt=\"20220428_102312\"\n                 src=\"http:\/\/altisk-szederkeny.edu.hu\/weboldal\/wp-content\/gallery\/erasmus-program\/20220428_102312.jpg\"\n                 style=\"max-height: 380px;\"\/>\n        <\/a>\n\n        <\/div> \n<div id=\"ngg-image-2\" class=\"ngg-gallery-slideshow-image\" style=\"height:400px\">\n\n        <a href=\"http:\/\/altisk-szederkeny.edu.hu\/weboldal\/wp-content\/gallery\/erasmus-program\/20220428_200721.jpg\"\n           title=\"\"\n           data-src=\"http:\/\/altisk-szederkeny.edu.hu\/weboldal\/wp-content\/gallery\/erasmus-program\/20220428_200721.jpg\"\n           data-thumbnail=\"http:\/\/altisk-szederkeny.edu.hu\/weboldal\/wp-content\/gallery\/erasmus-program\/thumbs\/thumbs_20220428_200721.jpg\"\n           data-image-id=\"1158\"\n           data-title=\"20220428_200721\"\n           data-description=\"\"\n           class=\"ngg-fancybox\" rel=\"6b50f5af897cb711fecb07ce1186fad8\">\n\n            <img data-image-id='1158'\n                 title=\"\"\n                 alt=\"20220428_200721\"\n                 src=\"http:\/\/altisk-szederkeny.edu.hu\/weboldal\/wp-content\/gallery\/erasmus-program\/20220428_200721.jpg\"\n                 style=\"max-height: 380px;\"\/>\n        <\/a>\n\n        <\/div> \n<div id=\"ngg-image-3\" class=\"ngg-gallery-slideshow-image\" style=\"height:400px\">\n\n        <a href=\"http:\/\/altisk-szederkeny.edu.hu\/weboldal\/wp-content\/gallery\/erasmus-program\/20220428_190307.jpg\"\n           title=\"\"\n           data-src=\"http:\/\/altisk-szederkeny.edu.hu\/weboldal\/wp-content\/gallery\/erasmus-program\/20220428_190307.jpg\"\n           data-thumbnail=\"http:\/\/altisk-szederkeny.edu.hu\/weboldal\/wp-content\/gallery\/erasmus-program\/thumbs\/thumbs_20220428_190307.jpg\"\n           data-image-id=\"1159\"\n           data-title=\"20220428_190307\"\n           data-description=\"\"\n           class=\"ngg-fancybox\" rel=\"6b50f5af897cb711fecb07ce1186fad8\">\n\n            <img data-image-id='1159'\n                 title=\"\"\n                 alt=\"20220428_190307\"\n                 src=\"http:\/\/altisk-szederkeny.edu.hu\/weboldal\/wp-content\/gallery\/erasmus-program\/20220428_190307.jpg\"\n                 style=\"max-height: 380px;\"\/>\n        <\/a>\n\n        <\/div> \n<div id=\"ngg-image-4\" class=\"ngg-gallery-slideshow-image\" style=\"height:400px\">\n\n        <a href=\"http:\/\/altisk-szederkeny.edu.hu\/weboldal\/wp-content\/gallery\/erasmus-program\/20220428_130003.jpg\"\n           title=\"\"\n           data-src=\"http:\/\/altisk-szederkeny.edu.hu\/weboldal\/wp-content\/gallery\/erasmus-program\/20220428_130003.jpg\"\n           data-thumbnail=\"http:\/\/altisk-szederkeny.edu.hu\/weboldal\/wp-content\/gallery\/erasmus-program\/thumbs\/thumbs_20220428_130003.jpg\"\n           data-image-id=\"1160\"\n           data-title=\"20220428_130003\"\n           data-description=\"\"\n           class=\"ngg-fancybox\" rel=\"6b50f5af897cb711fecb07ce1186fad8\">\n\n            <img data-image-id='1160'\n                 title=\"\"\n                 alt=\"20220428_130003\"\n                 src=\"http:\/\/altisk-szederkeny.edu.hu\/weboldal\/wp-content\/gallery\/erasmus-program\/20220428_130003.jpg\"\n                 style=\"max-height: 380px;\"\/>\n        <\/a>\n\n        <\/div> \n<div id=\"ngg-image-5\" class=\"ngg-gallery-slideshow-image\" style=\"height:400px\">\n\n        <a href=\"http:\/\/altisk-szederkeny.edu.hu\/weboldal\/wp-content\/gallery\/erasmus-program\/20220428_201932.jpg\"\n           title=\"\"\n           data-src=\"http:\/\/altisk-szederkeny.edu.hu\/weboldal\/wp-content\/gallery\/erasmus-program\/20220428_201932.jpg\"\n           data-thumbnail=\"http:\/\/altisk-szederkeny.edu.hu\/weboldal\/wp-content\/gallery\/erasmus-program\/thumbs\/thumbs_20220428_201932.jpg\"\n           data-image-id=\"1161\"\n           data-title=\"20220428_201932\"\n           data-description=\"\"\n           class=\"ngg-fancybox\" rel=\"6b50f5af897cb711fecb07ce1186fad8\">\n\n            <img data-image-id='1161'\n                 title=\"\"\n                 alt=\"20220428_201932\"\n                 src=\"http:\/\/altisk-szederkeny.edu.hu\/weboldal\/wp-content\/gallery\/erasmus-program\/20220428_201932.jpg\"\n                 style=\"max-height: 380px;\"\/>\n        <\/a>\n\n        <\/div> \n<div id=\"ngg-image-6\" class=\"ngg-gallery-slideshow-image\" style=\"height:400px\">\n\n        <a href=\"http:\/\/altisk-szederkeny.edu.hu\/weboldal\/wp-content\/gallery\/erasmus-program\/20220427_115450.jpg\"\n           title=\"\"\n           data-src=\"http:\/\/altisk-szederkeny.edu.hu\/weboldal\/wp-content\/gallery\/erasmus-program\/20220427_115450.jpg\"\n           data-thumbnail=\"http:\/\/altisk-szederkeny.edu.hu\/weboldal\/wp-content\/gallery\/erasmus-program\/thumbs\/thumbs_20220427_115450.jpg\"\n           data-image-id=\"1150\"\n           data-title=\"20220427_115450\"\n           data-description=\"\"\n           class=\"ngg-fancybox\" rel=\"6b50f5af897cb711fecb07ce1186fad8\">\n\n            <img data-image-id='1150'\n                 title=\"\"\n                 alt=\"20220427_115450\"\n                 src=\"http:\/\/altisk-szederkeny.edu.hu\/weboldal\/wp-content\/gallery\/erasmus-program\/20220427_115450.jpg\"\n                 style=\"max-height: 380px;\"\/>\n        <\/a>\n\n        <\/div> \n<div id=\"ngg-image-7\" class=\"ngg-gallery-slideshow-image\" style=\"height:400px\">\n\n        <a href=\"http:\/\/altisk-szederkeny.edu.hu\/weboldal\/wp-content\/gallery\/erasmus-program\/20220426_091625.jpg\"\n           title=\"\"\n           data-src=\"http:\/\/altisk-szederkeny.edu.hu\/weboldal\/wp-content\/gallery\/erasmus-program\/20220426_091625.jpg\"\n           data-thumbnail=\"http:\/\/altisk-szederkeny.edu.hu\/weboldal\/wp-content\/gallery\/erasmus-program\/thumbs\/thumbs_20220426_091625.jpg\"\n           data-image-id=\"1151\"\n           data-title=\"20220426_091625\"\n           data-description=\"\"\n           class=\"ngg-fancybox\" rel=\"6b50f5af897cb711fecb07ce1186fad8\">\n\n            <img data-image-id='1151'\n                 title=\"\"\n                 alt=\"20220426_091625\"\n                 src=\"http:\/\/altisk-szederkeny.edu.hu\/weboldal\/wp-content\/gallery\/erasmus-program\/20220426_091625.jpg\"\n                 style=\"max-height: 380px;\"\/>\n        <\/a>\n\n        <\/div> \n<div id=\"ngg-image-8\" class=\"ngg-gallery-slideshow-image\" style=\"height:400px\">\n\n        <a href=\"http:\/\/altisk-szederkeny.edu.hu\/weboldal\/wp-content\/gallery\/erasmus-program\/20220426_094812.jpg\"\n           title=\"\"\n           data-src=\"http:\/\/altisk-szederkeny.edu.hu\/weboldal\/wp-content\/gallery\/erasmus-program\/20220426_094812.jpg\"\n           data-thumbnail=\"http:\/\/altisk-szederkeny.edu.hu\/weboldal\/wp-content\/gallery\/erasmus-program\/thumbs\/thumbs_20220426_094812.jpg\"\n           data-image-id=\"1152\"\n           data-title=\"20220426_094812\"\n           data-description=\"\"\n           class=\"ngg-fancybox\" rel=\"6b50f5af897cb711fecb07ce1186fad8\">\n\n            <img data-image-id='1152'\n                 title=\"\"\n                 alt=\"20220426_094812\"\n                 src=\"http:\/\/altisk-szederkeny.edu.hu\/weboldal\/wp-content\/gallery\/erasmus-program\/20220426_094812.jpg\"\n                 style=\"max-height: 380px;\"\/>\n        <\/a>\n\n        <\/div> \n<div id=\"ngg-image-9\" class=\"ngg-gallery-slideshow-image\" style=\"height:400px\">\n\n        <a href=\"http:\/\/altisk-szederkeny.edu.hu\/weboldal\/wp-content\/gallery\/erasmus-program\/20220427_131512.jpg\"\n           title=\"\"\n           data-src=\"http:\/\/altisk-szederkeny.edu.hu\/weboldal\/wp-content\/gallery\/erasmus-program\/20220427_131512.jpg\"\n           data-thumbnail=\"http:\/\/altisk-szederkeny.edu.hu\/weboldal\/wp-content\/gallery\/erasmus-program\/thumbs\/thumbs_20220427_131512.jpg\"\n           data-image-id=\"1153\"\n           data-title=\"20220427_131512\"\n           data-description=\"\"\n           class=\"ngg-fancybox\" rel=\"6b50f5af897cb711fecb07ce1186fad8\">\n\n            <img data-image-id='1153'\n                 title=\"\"\n                 alt=\"20220427_131512\"\n                 src=\"http:\/\/altisk-szederkeny.edu.hu\/weboldal\/wp-content\/gallery\/erasmus-program\/20220427_131512.jpg\"\n                 style=\"max-height: 380px;\"\/>\n        <\/a>\n\n        <\/div> \n<div id=\"ngg-image-10\" class=\"ngg-gallery-slideshow-image\" style=\"height:400px\">\n\n        <a href=\"http:\/\/altisk-szederkeny.edu.hu\/weboldal\/wp-content\/gallery\/erasmus-program\/20220425_175056.jpg\"\n           title=\"\"\n           data-src=\"http:\/\/altisk-szederkeny.edu.hu\/weboldal\/wp-content\/gallery\/erasmus-program\/20220425_175056.jpg\"\n           data-thumbnail=\"http:\/\/altisk-szederkeny.edu.hu\/weboldal\/wp-content\/gallery\/erasmus-program\/thumbs\/thumbs_20220425_175056.jpg\"\n           data-image-id=\"1154\"\n           data-title=\"20220425_175056\"\n           data-description=\"\"\n           class=\"ngg-fancybox\" rel=\"6b50f5af897cb711fecb07ce1186fad8\">\n\n            <img data-image-id='1154'\n                 title=\"\"\n                 alt=\"20220425_175056\"\n                 src=\"http:\/\/altisk-szederkeny.edu.hu\/weboldal\/wp-content\/gallery\/erasmus-program\/20220425_175056.jpg\"\n                 style=\"max-height: 380px;\"\/>\n        <\/a>\n\n        <\/div> \n<div id=\"ngg-image-11\" class=\"ngg-gallery-slideshow-image\" style=\"height:400px\">\n\n        <a href=\"http:\/\/altisk-szederkeny.edu.hu\/weboldal\/wp-content\/gallery\/erasmus-program\/20220428_101829.jpg\"\n           title=\"\"\n           data-src=\"http:\/\/altisk-szederkeny.edu.hu\/weboldal\/wp-content\/gallery\/erasmus-program\/20220428_101829.jpg\"\n           data-thumbnail=\"http:\/\/altisk-szederkeny.edu.hu\/weboldal\/wp-content\/gallery\/erasmus-program\/thumbs\/thumbs_20220428_101829.jpg\"\n           data-image-id=\"1155\"\n           data-title=\"20220428_101829\"\n           data-description=\"\"\n           class=\"ngg-fancybox\" rel=\"6b50f5af897cb711fecb07ce1186fad8\">\n\n            <img data-image-id='1155'\n                 title=\"\"\n                 alt=\"20220428_101829\"\n                 src=\"http:\/\/altisk-szederkeny.edu.hu\/weboldal\/wp-content\/gallery\/erasmus-program\/20220428_101829.jpg\"\n                 style=\"max-height: 380px;\"\/>\n        <\/a>\n\n        <\/div> \n<div id=\"ngg-image-12\" class=\"ngg-gallery-slideshow-image\" style=\"height:400px\">\n\n        <a href=\"http:\/\/altisk-szederkeny.edu.hu\/weboldal\/wp-content\/gallery\/erasmus-program\/20220428_192823.jpg\"\n           title=\"\"\n           data-src=\"http:\/\/altisk-szederkeny.edu.hu\/weboldal\/wp-content\/gallery\/erasmus-program\/20220428_192823.jpg\"\n           data-thumbnail=\"http:\/\/altisk-szederkeny.edu.hu\/weboldal\/wp-content\/gallery\/erasmus-program\/thumbs\/thumbs_20220428_192823.jpg\"\n           data-image-id=\"1156\"\n           data-title=\"20220428_192823\"\n           data-description=\"\"\n           class=\"ngg-fancybox\" rel=\"6b50f5af897cb711fecb07ce1186fad8\">\n\n            <img data-image-id='1156'\n                 title=\"\"\n                 alt=\"20220428_192823\"\n                 src=\"http:\/\/altisk-szederkeny.edu.hu\/weboldal\/wp-content\/gallery\/erasmus-program\/20220428_192823.jpg\"\n                 style=\"max-height: 380px;\"\/>\n        <\/a>\n\n        <\/div> \n<div id=\"ngg-image-13\" class=\"ngg-gallery-slideshow-image\" style=\"height:400px\">\n\n        <a href=\"http:\/\/altisk-szederkeny.edu.hu\/weboldal\/wp-content\/gallery\/erasmus-program\/DSC_0072.JPG\"\n           title=\"\"\n           data-src=\"http:\/\/altisk-szederkeny.edu.hu\/weboldal\/wp-content\/gallery\/erasmus-program\/DSC_0072.JPG\"\n           data-thumbnail=\"http:\/\/altisk-szederkeny.edu.hu\/weboldal\/wp-content\/gallery\/erasmus-program\/thumbs\/thumbs_DSC_0072.JPG\"\n           data-image-id=\"1166\"\n           data-title=\"DSC_0072\"\n           data-description=\"\"\n           class=\"ngg-fancybox\" rel=\"6b50f5af897cb711fecb07ce1186fad8\">\n\n            <img data-image-id='1166'\n                 title=\"\"\n                 alt=\"DSC_0072\"\n                 src=\"http:\/\/altisk-szederkeny.edu.hu\/weboldal\/wp-content\/gallery\/erasmus-program\/DSC_0072.JPG\"\n                 style=\"max-height: 380px;\"\/>\n        <\/a>\n\n        <\/div> \n<div id=\"ngg-image-14\" class=\"ngg-gallery-slideshow-image\" style=\"height:400px\">\n\n        <a href=\"http:\/\/altisk-szederkeny.edu.hu\/weboldal\/wp-content\/gallery\/erasmus-program\/DSC00981.JPG\"\n           title=\"\"\n           data-src=\"http:\/\/altisk-szederkeny.edu.hu\/weboldal\/wp-content\/gallery\/erasmus-program\/DSC00981.JPG\"\n           data-thumbnail=\"http:\/\/altisk-szederkeny.edu.hu\/weboldal\/wp-content\/gallery\/erasmus-program\/thumbs\/thumbs_DSC00981.JPG\"\n           data-image-id=\"1165\"\n           data-title=\"DSC00981\"\n           data-description=\"\"\n           class=\"ngg-fancybox\" rel=\"6b50f5af897cb711fecb07ce1186fad8\">\n\n            <img data-image-id='1165'\n                 title=\"\"\n                 alt=\"DSC00981\"\n                 src=\"http:\/\/altisk-szederkeny.edu.hu\/weboldal\/wp-content\/gallery\/erasmus-program\/DSC00981.JPG\"\n                 style=\"max-height: 380px;\"\/>\n        <\/a>\n\n        <\/div> \n<div id=\"ngg-image-15\" class=\"ngg-gallery-slideshow-image\" style=\"height:400px\">\n\n        <a href=\"http:\/\/altisk-szederkeny.edu.hu\/weboldal\/wp-content\/gallery\/erasmus-program\/DSC00969.JPG\"\n           title=\"\"\n           data-src=\"http:\/\/altisk-szederkeny.edu.hu\/weboldal\/wp-content\/gallery\/erasmus-program\/DSC00969.JPG\"\n           data-thumbnail=\"http:\/\/altisk-szederkeny.edu.hu\/weboldal\/wp-content\/gallery\/erasmus-program\/thumbs\/thumbs_DSC00969.JPG\"\n           data-image-id=\"1164\"\n           data-title=\"DSC00969\"\n           data-description=\"\"\n           class=\"ngg-fancybox\" rel=\"6b50f5af897cb711fecb07ce1186fad8\">\n\n            <img data-image-id='1164'\n                 title=\"\"\n                 alt=\"DSC00969\"\n                 src=\"http:\/\/altisk-szederkeny.edu.hu\/weboldal\/wp-content\/gallery\/erasmus-program\/DSC00969.JPG\"\n                 style=\"max-height: 380px;\"\/>\n        <\/a>\n\n        <\/div> \n<div id=\"ngg-image-16\" class=\"ngg-gallery-slideshow-image\" style=\"height:400px\">\n\n        <a href=\"http:\/\/altisk-szederkeny.edu.hu\/weboldal\/wp-content\/gallery\/erasmus-program\/DSC00939.JPG\"\n           title=\"\"\n           data-src=\"http:\/\/altisk-szederkeny.edu.hu\/weboldal\/wp-content\/gallery\/erasmus-program\/DSC00939.JPG\"\n           data-thumbnail=\"http:\/\/altisk-szederkeny.edu.hu\/weboldal\/wp-content\/gallery\/erasmus-program\/thumbs\/thumbs_DSC00939.JPG\"\n           data-image-id=\"1163\"\n           data-title=\"DSC00939\"\n           data-description=\"\"\n           class=\"ngg-fancybox\" rel=\"6b50f5af897cb711fecb07ce1186fad8\">\n\n            <img data-image-id='1163'\n                 title=\"\"\n                 alt=\"DSC00939\"\n                 src=\"http:\/\/altisk-szederkeny.edu.hu\/weboldal\/wp-content\/gallery\/erasmus-program\/DSC00939.JPG\"\n                 style=\"max-height: 380px;\"\/>\n        <\/a>\n\n        <\/div> \n<\/div>\n\n\n\n\n\n\n<div class=\"has-text-align-right wp-block-post-date\"><time datetime=\"2022-05-16T13:30:59+02:00\">2022-05-16<\/time><\/div>","protected":false},"excerpt":{"rendered":"<p>Az ERASMUS+ program keret\u00e9ben 2022. \u00c1prilis 25-29-ig iskol\u00e1nk 34 di\u00e1kja egy hetes tanulm\u00e1ny\u00fatra utazott Ausztri\u00e1ba. Anger telep\u00fcl\u00e9s k\u00e9t iskol\u00e1j\u00e1nak di\u00e1kjaival tartott\u00e1k a szederk\u00e9nyi gyerekek a kapcsolatot: leveleztek \u00e9s skypoltak egym\u00e1ssal. Sajnos a Covid-j\u00e1rv\u00e1ny miatt k\u00e9t \u00e9vet kellett v\u00e1rnunk erre a szem\u00e9lyes tal\u00e1lkoz\u00f3ra. &nbsp; Az 5. \u00e9s 6. oszt\u00e1lyosok a baierdorfi \u2026 <a class=\"continue-reading-link\" href=\"http:\/\/altisk-szederkeny.edu.hu\/weboldal\/?p=3115\"> Continue reading <span class=\"meta-nav\">&rarr; <\/span><\/a><\/p>\n","protected":false},"author":1,"featured_media":0,"comment_status":"closed","ping_status":"closed","sticky":false,"template":"","format":"standard","meta":{"ngg_post_thumbnail":0},"categories":[1],"tags":[],"_links":{"self":[{"href":"http:\/\/altisk-szederkeny.edu.hu\/weboldal\/index.php?rest_route=\/wp\/v2\/posts\/3115"}],"collection":[{"href":"http:\/\/altisk-szederkeny.edu.hu\/weboldal\/index.php?rest_route=\/wp\/v2\/posts"}],"about":[{"href":"http:\/\/altisk-szederkeny.edu.hu\/weboldal\/index.php?rest_route=\/wp\/v2\/types\/post"}],"author":[{"embeddable":true,"href":"http:\/\/altisk-szederkeny.edu.hu\/weboldal\/index.php?rest_route=\/wp\/v2\/users\/1"}],"replies":[{"embeddable":true,"href":"http:\/\/altisk-szederkeny.edu.hu\/weboldal\/index.php?rest_route=%2Fwp%2Fv2%2Fcomments&post=3115"}],"version-history":[{"count":5,"href":"http:\/\/altisk-szederkeny.edu.hu\/weboldal\/index.php?rest_route=\/wp\/v2\/posts\/3115\/revisions"}],"predecessor-version":[{"id":3138,"href":"http:\/\/altisk-szederkeny.edu.hu\/weboldal\/index.php?rest_route=\/wp\/v2\/posts\/3115\/revisions\/3138"}],"wp:attachment":[{"href":"http:\/\/altisk-szederkeny.edu.hu\/weboldal\/index.php?rest_route=%2Fwp%2Fv2%2Fmedia&parent=3115"}],"wp:term":[{"taxonomy":"category","embeddable":true,"href":"http:\/\/altisk-szederkeny.edu.hu\/weboldal\/index.php?rest_route=%2Fwp%2Fv2%2Fcategories&post=3115"},{"taxonomy":"post_tag","embeddable":true,"href":"http:\/\/altisk-szederkeny.edu.hu\/weboldal\/index.php?rest_route=%2Fwp%2Fv2%2Ftags&post=3115"}],"curies":[{"name":"wp","href":"https:\/\/api.w.org\/{rel}","templated":true}]}}