{"id":2966,"date":"2021-03-31T10:44:29","date_gmt":"2021-03-31T08:44:29","guid":{"rendered":"http:\/\/altisk-szederkeny.sulinet.hu\/weboldal\/?p=2966"},"modified":"2021-03-31T10:46:21","modified_gmt":"2021-03-31T08:46:21","slug":"beiratkozasi-tajekoztato","status":"publish","type":"post","link":"http:\/\/altisk-szederkeny.edu.hu\/weboldal\/?p=2966","title":{"rendered":"Beiratkoz\u00e1si t\u00e1j\u00e9koztat\u00f3"},"content":{"rendered":"\n<h4 style=\"text-align: center;\"><strong>TISZTELT SZ\u00dcL\u0150\/ T\u00d6RV\u00c9NYES K\u00c9PVISEL\u0150!<\/strong><\/h4>\n<p>&nbsp;<\/p>\n<p style=\"text-align: left;\">T\u00e1j\u00e9koztatom, hogy a kihirdetett vesz\u00e9lyhelyzetre tekintettel a 2021\/2022. tan\u00edt\u00e1si \u00e9vre t\u00f6rt\u00e9n\u0151 \u00e1ltal\u00e1nos iskolai beiratkoz\u00e1s sor\u00e1n nemcsak szem\u00e9lyes, hanem online \u00faton is lehet\u0151s\u00e9g van be\u00edratni a tank\u00f6teles korba l\u00e9p\u0151 gyermek\u00e9t. Az \u00e1ltal\u00e1nos iskola els\u0151 \u00e9vfolyam\u00e1ra t\u00f6rt\u00e9n\u0151 jelentkez\u00e9s\u00e9nek elektronikus, online form\u00e1j\u00e1ra&nbsp;<strong> \u00e1prilis 10-t\u0151l<\/strong> ny\u00edlik meg az informatikai lehet\u0151s\u00e9g az \u00d6n r\u00e9sz\u00e9re a KR\u00c9TA rendszer fel\u00fclet\u00e9n kereszt\u00fcl:&nbsp;<a href=\"https:\/\/eugyintezes.e-kreta.hu\/kezdolap\">https:\/\/eugyintezes.e-kreta.hu\/kezdolap<\/a>. Az e-\u00dcgyint\u00e9z\u00e9s \u201eBeiratkoz\u00e1s \u00c1ltal\u00e1nos Iskol\u00e1ba (B\u00c1I)\u201d fel\u00fclet 2021. \u00e1prilis 16-\u00e1n \u00e9jf\u00e9lig van nyitva. Amennyiben m\u00f3dos\u00edtani k\u00edv\u00e1n a m\u00e1r elektronikusan bek\u00fcld\u00f6tt adatokon, akkor ezt \u00fagy teheti meg, hogy jelzi (telefonon, e-mailben, az int\u00e9zm\u00e9ny \u00e1ltal meghat\u00e1rozott m\u00f3don) az adott int\u00e9zm\u00e9ny r\u00e9sz\u00e9re a visszavon\u00e1si vagy adatm\u00f3dos\u00edt\u00e1si sz\u00e1nd\u00e9k\u00e1t. Az adatok m\u00f3dos\u00edt\u00e1s\u00e1t az int\u00e9zm\u00e9ny a KR\u00c9TA fel\u00fclet\u00e9n a k\u00e9r\u00e9s alapj\u00e1n elv\u00e9gzi. Amennyiben a sz\u00fcl\u0151 visszavonja gyermeke jelentkez\u00e9s\u00e9t, ennek k\u00f6vetkezm\u00e9nyek\u00e9nt a B\u00c1I fel\u00fcleten az &nbsp;iskola a beny\u00fajtott jelentkez\u00e9sre a sz\u00fcl\u0151 k\u00e9r\u00e9se alapj\u00e1n elutas\u00edt\u00f3 hat\u00e1rozatot hoz, \u00e9s az int\u00e9zm\u00e9ny saj\u00e1t rendszer\u00e9ben a gyermek adatait a \u201eBeiratkoz\u00e1s visszavonva\u201d st\u00e1tuszba \u00e1ll\u00edtja. Ezen m\u0171veletek elv\u00e9gz\u00e9s\u00e9t k\u00f6vet\u0151en \u00d6n ism\u00e9t be tudja ny\u00fajtani gyermeke jelentkez\u00e9s\u00e9t &nbsp;egy m\u00e1sik iskol\u00e1ba.<\/p>\n<p style=\"text-align: left;\">&nbsp;<\/p>\n<p style=\"text-align: left;\">Amennyiben \u00d6n nem a lak\u00f3helye vagy tart\u00f3zkod\u00e1si helye szerinti k\u00f6rzetes iskol\u00e1ba \u00edratn\u00e1 be a gyermek\u00e9t, akkor is meg kell adnia a k\u00f6telez\u0151 felv\u00e9telt biztos\u00edt\u00f3 \u00e1ltal\u00e1nos iskola nev\u00e9t \u00e9s c\u00edm\u00e9t is a jelentkez\u00e9se sor\u00e1n.<\/p>\n<p>&nbsp;<\/p>\n<p style=\"text-align: left;\">Ak\u00e1r k\u00f6rzetes, ak\u00e1r nem k\u00f6rzetes iskol\u00e1ba k\u00edv\u00e1nja be\u00edratni gyermek\u00e9t, mindenk\u00e9ppen jelentkeznie kell az \u00e1ltal\u00e1nos iskol\u00e1n\u00e1l, amely jelentkez\u00e9s a fent jelzett online m\u00f3don vagy szem\u00e9lyesen t\u00f6rt\u00e9nhet meg.<\/p>\n<p>&nbsp;<\/p>\n<p style=\"text-align: left;\">Az online beiratkoz\u00e1s eset\u00e9n a beiratkoz\u00e1shoz sz\u00fcks\u00e9ges eredeti dokumentumok bemutat\u00e1s\u00e1ra a 2021\/2022. tan\u00e9v els\u0151 napj\u00e1ig (2021. szeptember 1.) ker\u00fclhet sor. A beiratkoz\u00e1s adatainak felv\u00e9tele indokolt esetben, a beiratkoz\u00e1st lefolytat\u00f3 iskola \u00e1ltal szab\u00e1lyozott m\u00f3don, szem\u00e9lyesen is megt\u00f6rt\u00e9nhet&nbsp;<em>2021. \u00e1prilis 15-\u00e9n \u00e9s 16-\u00e1n,&nbsp;<\/em>a j\u00e1rv\u00e1ny\u00fcgyi vesz\u00e9lyhelyzet miatt megk\u00f6vetelt eg\u00e9szs\u00e9g\u00fcgyi szab\u00e1lyok szigor\u00fa betart\u00e1sa mellett<em>.&nbsp;<\/em>Ez a k\u00f6vetkez\u0151k\u00e9ppen alakul iskol\u00e1nkban:<\/p>\n<p style=\"text-align: center;\"><em>a beiratkoz\u00e1s felel\u0151se: Beck L\u00e1szl\u00f3 int\u00e9zm\u00e9nyvezet\u0151, \u00fcgyint\u00e9z\u0151: Ritzl-Gr\u00e1cz Edit. Ha k\u00e9rd\u00e9se van k\u00e9rem keresse az \u00fcgyint\u00e9z\u0151t \u2013 69-354-160, ha tov\u00e1bbi k\u00e9rd\u00e9s mer\u00fcl fel, akkor az int\u00e9zm\u00e9nyvezet\u0151t- 06-30-829-67-12.<\/em><\/p>\n<p>&nbsp;<\/p>\n<p style=\"text-align: left;\">A fentiek ut\u00e1n, ak\u00e1r online, ak\u00e1r szem\u00e9lyesen t\u00f6rt\u00e9nt a jelentkez\u00e9se az iskol\u00e1ba,&nbsp;a k\u00f6rzettel nem rendelkez\u0151 \u00e1ltal\u00e1nos iskolai oszt\u00e1lyok tekintet\u00e9ben, tov\u00e1bb\u00e1 a k\u00f6rzettel rendelkez\u0151 iskol\u00e1kba jelentkez\u0151, nem k\u00f6rzetes gyermekek&nbsp;eset\u00e9ben egyar\u00e1nt legk\u00e9s\u0151bb 2021. \u00e1prilis 23-ig d\u00f6ntenek a gyermekek felv\u00e9tel\u00e9r\u0151l \u00e9s ezut\u00e1n k\u00fcldik el a t\u00e1j\u00e9koztat\u00e1sukat \u00d6nnek.<\/p>\n<p style=\"text-align: left;\">A beiratkoz\u00e1si elj\u00e1r\u00e1s sor\u00e1n vagy annak lez\u00e1r\u00e1sa ut\u00e1n legk\u00e9s\u0151bb k\u00e9t h\u00e9ten bel\u00fcl \u00d6nnek nyilatkoznia kell arr\u00f3l, hogy gyermeke sz\u00e1m\u00e1ra hit- \u00e9s erk\u00f6lcstan vagy etika \u00f3r\u00e1t v\u00e1lasztja. A hit- \u00e9s erk\u00f6lcstan tant\u00e1rgy v\u00e1laszt\u00e1sa eset\u00e9n meg kell jel\u00f6lnie, hogy melyik egyh\u00e1z hit- \u00e9s erk\u00f6lcstan oktat\u00e1s\u00e1nak megszervez\u00e9s\u00e9t k\u00e9ri majd gyermeke sz\u00e1m\u00e1ra. Az iskola a hit- \u00e9s erk\u00f6lcstan oktat\u00e1ssal kapcsolatos, az egyh\u00e1zakt\u00f3l kapott inform\u00e1ci\u00f3kat felt\u00fcnteti a honlapj\u00e1n.<\/p>\n<p>&nbsp;<\/p>\n<p style=\"text-align: left;\">A beiratkoz\u00e1shoz sz\u00fcks\u00e9ges dokumentumok, adatok megad\u00e1sa kapcs\u00e1n \u00d6n seg\u00edts\u00e9get k\u00e9rhet a gyermeke \u00f3vod\u00e1j\u00e1t\u00f3l \u2013 \u00f3voda OM azonos\u00edtja, gyermek\u00fck oktat\u00e1si azonos\u00edt\u00f3ja tekintet\u00e9ben. Term\u00e9szetesen iskol\u00e1nk fenntart\u00f3ja, a Moh\u00e1csi Tanker\u00fcleti K\u00f6zpont is rendelkez\u00e9sre \u00e1ll a k\u00f6rzetes iskol\u00e1kkal kapcsolatos inform\u00e1ci\u00f3k, az online vagy a szem\u00e9lyes beiratkoz\u00e1s rendj\u00e9vel kapcsolatos k\u00e9rd\u00e9sek eset\u00e9n a<\/p>\n<p>&nbsp;<\/p>\n<p style=\"text-align: center;\"><strong>+36 30&nbsp;135 53 97<\/strong><\/p>\n<p style=\"text-align: center;\"><strong>+36 30&nbsp;829 72 37<\/strong><\/p>\n<p style=\"text-align: center;\">telefonsz\u00e1mokon munkanapokon 8-16 \u00f3ra k\u00f6z\u00f6tt.<\/p>\n","protected":false},"excerpt":{"rendered":"<p>TISZTELT SZ\u00dcL\u0150\/ T\u00d6RV\u00c9NYES K\u00c9PVISEL\u0150! &nbsp; T\u00e1j\u00e9koztatom, hogy a kihirdetett vesz\u00e9lyhelyzetre tekintettel a 2021\/2022. tan\u00edt\u00e1si \u00e9vre t\u00f6rt\u00e9n\u0151 \u00e1ltal\u00e1nos iskolai beiratkoz\u00e1s sor\u00e1n nemcsak szem\u00e9lyes, hanem online \u00faton is lehet\u0151s\u00e9g van be\u00edratni a tank\u00f6teles korba l\u00e9p\u0151 gyermek\u00e9t. Az \u00e1ltal\u00e1nos iskola els\u0151 \u00e9vfolyam\u00e1ra t\u00f6rt\u00e9n\u0151 jelentkez\u00e9s\u00e9nek elektronikus, online form\u00e1j\u00e1ra&nbsp; \u00e1prilis 10-t\u0151l ny\u00edlik meg az informatikai \u2026 <a class=\"continue-reading-link\" href=\"http:\/\/altisk-szederkeny.edu.hu\/weboldal\/?p=2966\"> Continue reading <span class=\"meta-nav\">&rarr; <\/span><\/a><\/p>\n","protected":false},"author":1,"featured_media":0,"comment_status":"closed","ping_status":"closed","sticky":false,"template":"","format":"standard","meta":{"ngg_post_thumbnail":0},"categories":[1],"tags":[],"_links":{"self":[{"href":"http:\/\/altisk-szederkeny.edu.hu\/weboldal\/index.php?rest_route=\/wp\/v2\/posts\/2966"}],"collection":[{"href":"http:\/\/altisk-szederkeny.edu.hu\/weboldal\/index.php?rest_route=\/wp\/v2\/posts"}],"about":[{"href":"http:\/\/altisk-szederkeny.edu.hu\/weboldal\/index.php?rest_route=\/wp\/v2\/types\/post"}],"author":[{"embeddable":true,"href":"http:\/\/altisk-szederkeny.edu.hu\/weboldal\/index.php?rest_route=\/wp\/v2\/users\/1"}],"replies":[{"embeddable":true,"href":"http:\/\/altisk-szederkeny.edu.hu\/weboldal\/index.php?rest_route=%2Fwp%2Fv2%2Fcomments&post=2966"}],"version-history":[{"count":10,"href":"http:\/\/altisk-szederkeny.edu.hu\/weboldal\/index.php?rest_route=\/wp\/v2\/posts\/2966\/revisions"}],"predecessor-version":[{"id":2976,"href":"http:\/\/altisk-szederkeny.edu.hu\/weboldal\/index.php?rest_route=\/wp\/v2\/posts\/2966\/revisions\/2976"}],"wp:attachment":[{"href":"http:\/\/altisk-szederkeny.edu.hu\/weboldal\/index.php?rest_route=%2Fwp%2Fv2%2Fmedia&parent=2966"}],"wp:term":[{"taxonomy":"category","embeddable":true,"href":"http:\/\/altisk-szederkeny.edu.hu\/weboldal\/index.php?rest_route=%2Fwp%2Fv2%2Fcategories&post=2966"},{"taxonomy":"post_tag","embeddable":true,"href":"http:\/\/altisk-szederkeny.edu.hu\/weboldal\/index.php?rest_route=%2Fwp%2Fv2%2Ftags&post=2966"}],"curies":[{"name":"wp","href":"https:\/\/api.w.org\/{rel}","templated":true}]}}