{"id":2767,"date":"2020-01-31T13:54:37","date_gmt":"2020-01-31T12:54:37","guid":{"rendered":"http:\/\/altisk-szederkeny.sulinet.hu\/weboldal\/?p=2767"},"modified":"2020-01-31T13:54:37","modified_gmt":"2020-01-31T12:54:37","slug":"orszagos-rendor-fokapitanysag-bunmegelozesi-szakemberei-felhivasa","status":"publish","type":"post","link":"http:\/\/altisk-szederkeny.edu.hu\/weboldal\/?p=2767","title":{"rendered":"Orsz\u00e1gos Rend\u0151r-f\u0151kapit\u00e1nys\u00e1g b\u0171nmegel\u0151z\u00e9si szakemberei felh\u00edv\u00e1sa"},"content":{"rendered":"\n<blockquote>\n<p><a href=\"http:\/\/www.police.hu\/hu\/hirek-es-informaciok\/bunmegelozes\/aktualis\/kozeleg-a-felevi-bizonyitvanyosztas\">http:\/\/www.police.hu\/hu\/hirek-es-informaciok\/bunmegelozes\/aktualis\/kozeleg-a-felevi-bizonyitvanyosztas<\/a><\/p>\n<\/blockquote>\n","protected":false},"excerpt":{"rendered":"<p>http:\/\/www.police.hu\/hu\/hirek-es-informaciok\/bunmegelozes\/aktualis\/kozeleg-a-felevi-bizonyitvanyosztas<\/p>\n","protected":false},"author":1,"featured_media":0,"comment_status":"closed","ping_status":"closed","sticky":false,"template":"","format":"standard","meta":{"ngg_post_thumbnail":0},"categories":[1],"tags":[],"_links":{"self":[{"href":"http:\/\/altisk-szederkeny.edu.hu\/weboldal\/index.php?rest_route=\/wp\/v2\/posts\/2767"}],"collection":[{"href":"http:\/\/altisk-szederkeny.edu.hu\/weboldal\/index.php?rest_route=\/wp\/v2\/posts"}],"about":[{"href":"http:\/\/altisk-szederkeny.edu.hu\/weboldal\/index.php?rest_route=\/wp\/v2\/types\/post"}],"author":[{"embeddable":true,"href":"http:\/\/altisk-szederkeny.edu.hu\/weboldal\/index.php?rest_route=\/wp\/v2\/users\/1"}],"replies":[{"embeddable":true,"href":"http:\/\/altisk-szederkeny.edu.hu\/weboldal\/index.php?rest_route=%2Fwp%2Fv2%2Fcomments&post=2767"}],"version-history":[{"count":4,"href":"http:\/\/altisk-szederkeny.edu.hu\/weboldal\/index.php?rest_route=\/wp\/v2\/posts\/2767\/revisions"}],"predecessor-version":[{"id":2771,"href":"http:\/\/altisk-szederkeny.edu.hu\/weboldal\/index.php?rest_route=\/wp\/v2\/posts\/2767\/revisions\/2771"}],"wp:attachment":[{"href":"http:\/\/altisk-szederkeny.edu.hu\/weboldal\/index.php?rest_route=%2Fwp%2Fv2%2Fmedia&parent=2767"}],"wp:term":[{"taxonomy":"category","embeddable":true,"href":"http:\/\/altisk-szederkeny.edu.hu\/weboldal\/index.php?rest_route=%2Fwp%2Fv2%2Fcategories&post=2767"},{"taxonomy":"post_tag","embeddable":true,"href":"http:\/\/altisk-szederkeny.edu.hu\/weboldal\/index.php?rest_route=%2Fwp%2Fv2%2Ftags&post=2767"}],"curies":[{"name":"wp","href":"https:\/\/api.w.org\/{rel}","templated":true}]}}