{"id":2675,"date":"2019-09-26T09:29:40","date_gmt":"2019-09-26T07:29:40","guid":{"rendered":"http:\/\/altisk-szederkeny.sulinet.hu\/weboldal\/?p=2675"},"modified":"2019-09-26T09:29:40","modified_gmt":"2019-09-26T07:29:40","slug":"gyermekhangok-a-bekeert","status":"publish","type":"post","link":"http:\/\/altisk-szederkeny.edu.hu\/weboldal\/?p=2675","title":{"rendered":"Gyermekhangok a b\u00e9k\u00e9\u00e9rt!"},"content":{"rendered":"\n<figure class=\"wp-block-image\"><a href=\"http:\/\/altisk-szederkeny.sulinet.hu\/weboldal\/wp-content\/uploads\/Gyermekhangok-plak\u00e1t.jpg\"><img decoding=\"async\" loading=\"lazy\" width=\"212\" height=\"300\" src=\"http:\/\/altisk-szederkeny.sulinet.hu\/weboldal\/wp-content\/uploads\/Gyermekhangok-plak\u00e1t-212x300.jpg\" alt=\"\" class=\"wp-image-2677\" srcset=\"http:\/\/altisk-szederkeny.edu.hu\/weboldal\/wp-content\/uploads\/Gyermekhangok-plak\u00e1t-212x300.jpg 212w, http:\/\/altisk-szederkeny.edu.hu\/weboldal\/wp-content\/uploads\/Gyermekhangok-plak\u00e1t-768x1086.jpg 768w, http:\/\/altisk-szederkeny.edu.hu\/weboldal\/wp-content\/uploads\/Gyermekhangok-plak\u00e1t-724x1024.jpg 724w, http:\/\/altisk-szederkeny.edu.hu\/weboldal\/wp-content\/uploads\/Gyermekhangok-plak\u00e1t-600x848.jpg 600w, http:\/\/altisk-szederkeny.edu.hu\/weboldal\/wp-content\/uploads\/Gyermekhangok-plak\u00e1t-106x150.jpg 106w, http:\/\/altisk-szederkeny.edu.hu\/weboldal\/wp-content\/uploads\/Gyermekhangok-plak\u00e1t.jpg 1114w\" sizes=\"(max-width: 212px) 100vw, 212px\" \/><\/a><\/figure>\n","protected":false},"excerpt":{"rendered":"","protected":false},"author":1,"featured_media":0,"comment_status":"closed","ping_status":"closed","sticky":false,"template":"","format":"standard","meta":{"ngg_post_thumbnail":0},"categories":[1],"tags":[],"_links":{"self":[{"href":"http:\/\/altisk-szederkeny.edu.hu\/weboldal\/index.php?rest_route=\/wp\/v2\/posts\/2675"}],"collection":[{"href":"http:\/\/altisk-szederkeny.edu.hu\/weboldal\/index.php?rest_route=\/wp\/v2\/posts"}],"about":[{"href":"http:\/\/altisk-szederkeny.edu.hu\/weboldal\/index.php?rest_route=\/wp\/v2\/types\/post"}],"author":[{"embeddable":true,"href":"http:\/\/altisk-szederkeny.edu.hu\/weboldal\/index.php?rest_route=\/wp\/v2\/users\/1"}],"replies":[{"embeddable":true,"href":"http:\/\/altisk-szederkeny.edu.hu\/weboldal\/index.php?rest_route=%2Fwp%2Fv2%2Fcomments&post=2675"}],"version-history":[{"count":3,"href":"http:\/\/altisk-szederkeny.edu.hu\/weboldal\/index.php?rest_route=\/wp\/v2\/posts\/2675\/revisions"}],"predecessor-version":[{"id":2679,"href":"http:\/\/altisk-szederkeny.edu.hu\/weboldal\/index.php?rest_route=\/wp\/v2\/posts\/2675\/revisions\/2679"}],"wp:attachment":[{"href":"http:\/\/altisk-szederkeny.edu.hu\/weboldal\/index.php?rest_route=%2Fwp%2Fv2%2Fmedia&parent=2675"}],"wp:term":[{"taxonomy":"category","embeddable":true,"href":"http:\/\/altisk-szederkeny.edu.hu\/weboldal\/index.php?rest_route=%2Fwp%2Fv2%2Fcategories&post=2675"},{"taxonomy":"post_tag","embeddable":true,"href":"http:\/\/altisk-szederkeny.edu.hu\/weboldal\/index.php?rest_route=%2Fwp%2Fv2%2Ftags&post=2675"}],"curies":[{"name":"wp","href":"https:\/\/api.w.org\/{rel}","templated":true}]}}