{"id":2519,"date":"2019-04-17T12:00:30","date_gmt":"2019-04-17T10:00:30","guid":{"rendered":"http:\/\/altisk-szederkeny.sulinet.hu\/weboldal\/?p=2519"},"modified":"2019-04-17T12:00:30","modified_gmt":"2019-04-17T10:00:30","slug":"versenyek","status":"publish","type":"post","link":"http:\/\/altisk-szederkeny.edu.hu\/weboldal\/?p=2519","title":{"rendered":"Versenyek"},"content":{"rendered":"<p style=\"text-align: left;\" data-tadv-p=\"keep\"><strong>Lipp\u00f3i kist\u00e9rs\u00e9gi, sz\u00f6veg\u00e9rt\u0151 verseny:<\/strong><br>Hock Maja (2. oszt\u00e1ly) 3. helyez\u00e9s<br>Szeremlei No\u00e9mi (3. oszt\u00e1ly) 2. helyez\u00e9s<br>Heged\u0171s Levente (4. oszt\u00e1ly) 2. helyez\u00e9s<\/p>\n<p>&nbsp;<\/p>\n<p style=\"text-align: left;\" data-tadv-p=\"keep\"><strong>K\u00f6lt\u00e9szet napi versmond\u00f3 verseny:<\/strong><\/p>\n<p style=\"text-align: left;\" data-tadv-p=\"keep\"><em>1. oszt\u00e1ly:<\/em><\/p>\n<ol style=\"text-align: left;\">\n<li data-tadv-p=\"keep\">\n<p>hely: R\u00e1zsics Zo\u00e9<\/p>\n<\/li>\n<li data-tadv-p=\"keep\">\n<p>hely: Till Gr\u00e9ta<\/p>\n<\/li>\n<li data-tadv-p=\"keep\">\n<p>hely: P\u00e9csi S\u00e1ra<\/p>\n<\/li>\n<\/ol>\n<p style=\"text-align: left;\" data-tadv-p=\"keep\"><em>2. oszt\u00e1ly<\/em><\/p>\n<ol style=\"text-align: left;\">\n<li>\n<p>hely: Hock Maja<\/p>\n<\/li>\n<li>\n<p>hely: Dani R\u00e9ka<\/p>\n<\/li>\n<li>\n<p>hely: Makki D\u00e1niel<\/p>\n<\/li>\n<\/ol>\n<p style=\"text-align: left;\" data-tadv-p=\"keep\"><em>3.-4. oszt\u00e1ly:<\/em><\/p>\n<ol style=\"text-align: left;\">\n<li data-tadv-p=\"keep\">\n<p>hely: Bogd\u00e1n R\u00e9ka<\/p>\n<\/li>\n<li data-tadv-p=\"keep\">\n<p>hely: Horny\u00e1k No\u00e9mi \u00e9s Papp Gergely<\/p>\n<\/li>\n<li data-tadv-p=\"keep\">\n<p>hely: M\u00e1rta Zolt\u00e1n<\/p>\n<\/li>\n<\/ol>\n<p style=\"text-align: left;\" data-tadv-p=\"keep\"><em>K\u00fcl\u00f6nd\u00edjas: Jank\u00f3 Vikt\u00f3ria, F\u00f3ris Szimonetta, Koczor Dalma, Hoff Em\u00edlia<\/em><\/p>\n<p>&nbsp;<\/p>\n<p style=\"text-align: left;\" data-tadv-p=\"keep\"><strong>Kinizsi P\u00e1l sz\u00f6veg\u00e9rt\u0151 verseny 3.-4. oszt\u00e1lyosoknak:<\/strong><\/p>\n<ol>\n<li style=\"text-align: left;\">\n<p>Cs\u00e9pl\u0151 Gerg\u0151 &#8211; Holl\u00f3sy Oliv\u00e9r<\/p>\n<\/li>\n<li style=\"text-align: left;\">\n<p>Tukacs \u00c1kos &#8211; Heged\u0171s Levente<\/p>\n<\/li>\n<li style=\"text-align: left;\">\n<p style=\"text-align: left;\" data-tadv-p=\"keep\">F\u00e1bi\u00e1n Annam\u00e1ria &#8211; M\u00e1rta Zolt\u00e1n ( Borj\u00e1d)<\/p>\n<\/li>\n<\/ol>\n\n\n\n\n<div class=\"ngg-galleryoverview ngg-slideshow\"\n\t id=\"ngg-slideshow-d69523f9ce71eeaaa3107ead3bf7ed6c-6141701630\"\n     data-gallery-id=\"d69523f9ce71eeaaa3107ead3bf7ed6c\"\n     style=\"max-width: 600px; max-height: 400px;\">\n\n \t<div id=\"ngg-image-0\" class=\"ngg-gallery-slideshow-image\" style=\"height:400px\">\n\n        <a href=\"http:\/\/altisk-szederkeny.edu.hu\/weboldal\/wp-content\/gallery\/versenyek\/20190412_1629251.jpg\"\n           title=\"\"\n           data-src=\"http:\/\/altisk-szederkeny.edu.hu\/weboldal\/wp-content\/gallery\/versenyek\/20190412_1629251.jpg\"\n           data-thumbnail=\"http:\/\/altisk-szederkeny.edu.hu\/weboldal\/wp-content\/gallery\/versenyek\/thumbs\/thumbs_20190412_1629251.jpg\"\n           data-image-id=\"1029\"\n           data-title=\"20190412_1629251\"\n           data-description=\"\"\n           class=\"ngg-fancybox\" rel=\"d69523f9ce71eeaaa3107ead3bf7ed6c\">\n\n            <img data-image-id='1029'\n                 title=\"\"\n                 alt=\"20190412_1629251\"\n                 src=\"http:\/\/altisk-szederkeny.edu.hu\/weboldal\/wp-content\/gallery\/versenyek\/20190412_1629251.jpg\"\n                 style=\"max-height: 380px;\"\/>\n        <\/a>\n\n        <\/div> \n<div id=\"ngg-image-1\" class=\"ngg-gallery-slideshow-image\" style=\"height:400px\">\n\n        <a href=\"http:\/\/altisk-szederkeny.edu.hu\/weboldal\/wp-content\/gallery\/versenyek\/20190412_1627301.jpg\"\n           title=\"\"\n           data-src=\"http:\/\/altisk-szederkeny.edu.hu\/weboldal\/wp-content\/gallery\/versenyek\/20190412_1627301.jpg\"\n           data-thumbnail=\"http:\/\/altisk-szederkeny.edu.hu\/weboldal\/wp-content\/gallery\/versenyek\/thumbs\/thumbs_20190412_1627301.jpg\"\n           data-image-id=\"1028\"\n           data-title=\"20190412_1627301\"\n           data-description=\"\"\n           class=\"ngg-fancybox\" rel=\"d69523f9ce71eeaaa3107ead3bf7ed6c\">\n\n            <img data-image-id='1028'\n                 title=\"\"\n                 alt=\"20190412_1627301\"\n                 src=\"http:\/\/altisk-szederkeny.edu.hu\/weboldal\/wp-content\/gallery\/versenyek\/20190412_1627301.jpg\"\n                 style=\"max-height: 380px;\"\/>\n        <\/a>\n\n        <\/div> \n<div id=\"ngg-image-2\" class=\"ngg-gallery-slideshow-image\" style=\"height:400px\">\n\n        <a href=\"http:\/\/altisk-szederkeny.edu.hu\/weboldal\/wp-content\/gallery\/versenyek\/20190412_1626081.jpg\"\n           title=\"\"\n           data-src=\"http:\/\/altisk-szederkeny.edu.hu\/weboldal\/wp-content\/gallery\/versenyek\/20190412_1626081.jpg\"\n           data-thumbnail=\"http:\/\/altisk-szederkeny.edu.hu\/weboldal\/wp-content\/gallery\/versenyek\/thumbs\/thumbs_20190412_1626081.jpg\"\n           data-image-id=\"1027\"\n           data-title=\"20190412_1626081\"\n           data-description=\"\"\n           class=\"ngg-fancybox\" rel=\"d69523f9ce71eeaaa3107ead3bf7ed6c\">\n\n            <img data-image-id='1027'\n                 title=\"\"\n                 alt=\"20190412_1626081\"\n                 src=\"http:\/\/altisk-szederkeny.edu.hu\/weboldal\/wp-content\/gallery\/versenyek\/20190412_1626081.jpg\"\n                 style=\"max-height: 380px;\"\/>\n        <\/a>\n\n        <\/div> \n<div id=\"ngg-image-3\" class=\"ngg-gallery-slideshow-image\" style=\"height:400px\">\n\n        <a href=\"http:\/\/altisk-szederkeny.edu.hu\/weboldal\/wp-content\/gallery\/versenyek\/20190412_1624481.jpg\"\n           title=\"\"\n           data-src=\"http:\/\/altisk-szederkeny.edu.hu\/weboldal\/wp-content\/gallery\/versenyek\/20190412_1624481.jpg\"\n           data-thumbnail=\"http:\/\/altisk-szederkeny.edu.hu\/weboldal\/wp-content\/gallery\/versenyek\/thumbs\/thumbs_20190412_1624481.jpg\"\n           data-image-id=\"1026\"\n           data-title=\"20190412_1624481\"\n           data-description=\"\"\n           class=\"ngg-fancybox\" rel=\"d69523f9ce71eeaaa3107ead3bf7ed6c\">\n\n            <img data-image-id='1026'\n                 title=\"\"\n                 alt=\"20190412_1624481\"\n                 src=\"http:\/\/altisk-szederkeny.edu.hu\/weboldal\/wp-content\/gallery\/versenyek\/20190412_1624481.jpg\"\n                 style=\"max-height: 380px;\"\/>\n        <\/a>\n\n        <\/div> \n<\/div>\n\n\n\n\n","protected":false},"excerpt":{"rendered":"<p>Lipp\u00f3i kist\u00e9rs\u00e9gi, sz\u00f6veg\u00e9rt\u0151 verseny:Hock Maja (2. oszt\u00e1ly) 3. helyez\u00e9sSzeremlei No\u00e9mi (3. oszt\u00e1ly) 2. helyez\u00e9sHeged\u0171s Levente (4. oszt\u00e1ly) 2. helyez\u00e9s &nbsp; K\u00f6lt\u00e9szet napi versmond\u00f3 verseny: 1. oszt\u00e1ly: hely: R\u00e1zsics Zo\u00e9 hely: Till Gr\u00e9ta hely: P\u00e9csi S\u00e1ra 2. oszt\u00e1ly hely: Hock Maja hely: Dani R\u00e9ka hely: Makki D\u00e1niel 3.-4. oszt\u00e1ly: hely: Bogd\u00e1n \u2026 <a class=\"continue-reading-link\" href=\"http:\/\/altisk-szederkeny.edu.hu\/weboldal\/?p=2519\"> Continue reading <span class=\"meta-nav\">&rarr; <\/span><\/a><\/p>\n","protected":false},"author":1,"featured_media":0,"comment_status":"closed","ping_status":"closed","sticky":false,"template":"","format":"standard","meta":{"ngg_post_thumbnail":0},"categories":[1],"tags":[],"_links":{"self":[{"href":"http:\/\/altisk-szederkeny.edu.hu\/weboldal\/index.php?rest_route=\/wp\/v2\/posts\/2519"}],"collection":[{"href":"http:\/\/altisk-szederkeny.edu.hu\/weboldal\/index.php?rest_route=\/wp\/v2\/posts"}],"about":[{"href":"http:\/\/altisk-szederkeny.edu.hu\/weboldal\/index.php?rest_route=\/wp\/v2\/types\/post"}],"author":[{"embeddable":true,"href":"http:\/\/altisk-szederkeny.edu.hu\/weboldal\/index.php?rest_route=\/wp\/v2\/users\/1"}],"replies":[{"embeddable":true,"href":"http:\/\/altisk-szederkeny.edu.hu\/weboldal\/index.php?rest_route=%2Fwp%2Fv2%2Fcomments&post=2519"}],"version-history":[{"count":14,"href":"http:\/\/altisk-szederkeny.edu.hu\/weboldal\/index.php?rest_route=\/wp\/v2\/posts\/2519\/revisions"}],"predecessor-version":[{"id":2538,"href":"http:\/\/altisk-szederkeny.edu.hu\/weboldal\/index.php?rest_route=\/wp\/v2\/posts\/2519\/revisions\/2538"}],"wp:attachment":[{"href":"http:\/\/altisk-szederkeny.edu.hu\/weboldal\/index.php?rest_route=%2Fwp%2Fv2%2Fmedia&parent=2519"}],"wp:term":[{"taxonomy":"category","embeddable":true,"href":"http:\/\/altisk-szederkeny.edu.hu\/weboldal\/index.php?rest_route=%2Fwp%2Fv2%2Fcategories&post=2519"},{"taxonomy":"post_tag","embeddable":true,"href":"http:\/\/altisk-szederkeny.edu.hu\/weboldal\/index.php?rest_route=%2Fwp%2Fv2%2Ftags&post=2519"}],"curies":[{"name":"wp","href":"https:\/\/api.w.org\/{rel}","templated":true}]}}