{"id":2394,"date":"2018-12-21T09:24:15","date_gmt":"2018-12-21T08:24:15","guid":{"rendered":"http:\/\/altisk-szederkeny.sulinet.hu\/weboldal\/?p=2394"},"modified":"2018-12-21T09:24:15","modified_gmt":"2018-12-21T08:24:15","slug":"erasmus","status":"publish","type":"post","link":"http:\/\/altisk-szederkeny.edu.hu\/weboldal\/?p=2394","title":{"rendered":"ERASMUS+"},"content":{"rendered":"\n<p>Iskol\u00e1nk Anger telep\u00fcl\u00e9ssel k\u00f6z\u00f6sen sikeresen p\u00e1ly\u00e1zott a Tempus K\u00f6zalap\u00edtv\u00e1ny \u00e1ltal ki\u00edrt Erasmus+ program keret\u00e9ben az Iskolai, \u00f3vodai partners\u00e9gek p\u00e1ly\u00e1zat\u00e1n. A p\u00e1ly\u00e1zaton elnyert 16.170 eur\u00f3t iskol\u00e1nk az osztr\u00e1k cserekapcsolat ki\u00e9p\u00edt\u00e9s\u00e9re, \u00e1pol\u00e1s\u00e1ra, a vend\u00e9gek fogad\u00e1s\u00e1ra \u00e9s egy \u00f6tnapos ausztriai kir\u00e1ndul\u00e1sra ford\u00edtja, melyen iskol\u00e1nk di\u00e1kjai vesznek r\u00e9szt.<\/p>\n\n\n\n<div class=\"wp-block-image\"><figure class=\"aligncenter\"><img decoding=\"async\" loading=\"lazy\" width=\"583\" height=\"397\" src=\"http:\/\/altisk-szederkeny.sulinet.hu\/weboldal\/wp-content\/uploads\/IMG_0900.jpg\" alt=\"\" class=\"wp-image-2395\" srcset=\"http:\/\/altisk-szederkeny.edu.hu\/weboldal\/wp-content\/uploads\/IMG_0900.jpg 583w, http:\/\/altisk-szederkeny.edu.hu\/weboldal\/wp-content\/uploads\/IMG_0900-300x204.jpg 300w, http:\/\/altisk-szederkeny.edu.hu\/weboldal\/wp-content\/uploads\/IMG_0900-220x150.jpg 220w, http:\/\/altisk-szederkeny.edu.hu\/weboldal\/wp-content\/uploads\/IMG_0900-150x102.jpg 150w\" sizes=\"(max-width: 583px) 100vw, 583px\" \/><\/figure><\/div>\n","protected":false},"excerpt":{"rendered":"<p>Iskol\u00e1nk Anger telep\u00fcl\u00e9ssel k\u00f6z\u00f6sen sikeresen p\u00e1ly\u00e1zott a Tempus K\u00f6zalap\u00edtv\u00e1ny \u00e1ltal ki\u00edrt Erasmus+ program keret\u00e9ben az Iskolai, \u00f3vodai partners\u00e9gek p\u00e1ly\u00e1zat\u00e1n. A p\u00e1ly\u00e1zaton elnyert 16.170 eur\u00f3t iskol\u00e1nk az osztr\u00e1k cserekapcsolat ki\u00e9p\u00edt\u00e9s\u00e9re, \u00e1pol\u00e1s\u00e1ra, a vend\u00e9gek fogad\u00e1s\u00e1ra \u00e9s egy \u00f6tnapos ausztriai kir\u00e1ndul\u00e1sra ford\u00edtja, melyen iskol\u00e1nk di\u00e1kjai vesznek r\u00e9szt.<\/p>\n","protected":false},"author":1,"featured_media":0,"comment_status":"closed","ping_status":"closed","sticky":false,"template":"","format":"standard","meta":{"ngg_post_thumbnail":0},"categories":[1],"tags":[],"_links":{"self":[{"href":"http:\/\/altisk-szederkeny.edu.hu\/weboldal\/index.php?rest_route=\/wp\/v2\/posts\/2394"}],"collection":[{"href":"http:\/\/altisk-szederkeny.edu.hu\/weboldal\/index.php?rest_route=\/wp\/v2\/posts"}],"about":[{"href":"http:\/\/altisk-szederkeny.edu.hu\/weboldal\/index.php?rest_route=\/wp\/v2\/types\/post"}],"author":[{"embeddable":true,"href":"http:\/\/altisk-szederkeny.edu.hu\/weboldal\/index.php?rest_route=\/wp\/v2\/users\/1"}],"replies":[{"embeddable":true,"href":"http:\/\/altisk-szederkeny.edu.hu\/weboldal\/index.php?rest_route=%2Fwp%2Fv2%2Fcomments&post=2394"}],"version-history":[{"count":1,"href":"http:\/\/altisk-szederkeny.edu.hu\/weboldal\/index.php?rest_route=\/wp\/v2\/posts\/2394\/revisions"}],"predecessor-version":[{"id":2396,"href":"http:\/\/altisk-szederkeny.edu.hu\/weboldal\/index.php?rest_route=\/wp\/v2\/posts\/2394\/revisions\/2396"}],"wp:attachment":[{"href":"http:\/\/altisk-szederkeny.edu.hu\/weboldal\/index.php?rest_route=%2Fwp%2Fv2%2Fmedia&parent=2394"}],"wp:term":[{"taxonomy":"category","embeddable":true,"href":"http:\/\/altisk-szederkeny.edu.hu\/weboldal\/index.php?rest_route=%2Fwp%2Fv2%2Fcategories&post=2394"},{"taxonomy":"post_tag","embeddable":true,"href":"http:\/\/altisk-szederkeny.edu.hu\/weboldal\/index.php?rest_route=%2Fwp%2Fv2%2Ftags&post=2394"}],"curies":[{"name":"wp","href":"https:\/\/api.w.org\/{rel}","templated":true}]}}