{"id":2365,"date":"2018-12-10T14:23:32","date_gmt":"2018-12-10T13:23:32","guid":{"rendered":"http:\/\/altisk-szederkeny.sulinet.hu\/weboldal\/?p=2365"},"modified":"2018-12-10T14:27:06","modified_gmt":"2018-12-10T13:27:06","slug":"2365","status":"publish","type":"post","link":"http:\/\/altisk-szederkeny.edu.hu\/weboldal\/?p=2365","title":{"rendered":"Kar\u00e1csonyorsz\u00e1g rajzp\u00e1ly\u00e1zat"},"content":{"rendered":"\n<p>Iskol\u00e1nk tanul\u00f3i ism\u00e9t megcsillogtatt\u00e1k kreativit\u00e1sukat.<\/p>\n\n\n\n<p>A QX \u2013 IMPEX Kft. \u00e1ltal ki\u00edrt Kar\u00e1csonyorsz\u00e1g rajzp\u00e1ly\u00e1zat\u00e1n<\/p>\n\n\n\n<p><strong>Horv\u00e1th Leila (4. o. )<\/strong> egy\u00e9niben <strong>4. oszt\u00e1ly<\/strong> csoportos eredm\u00e9nyben ker\u00fcltek a kiv\u00e1lasztott d\u00edjazottak k\u00f6z\u00e9.<\/p>\n\n\n\n<p>Az \u00fcnnep\u00e9lyes d\u00edj\u00e1tad\u00f3ra P\u00e9csen a Plaza-ban ker\u00fclt sor.<\/p>\n\n\n\n<p><strong>Gratul\u00e1lunk a gyerekeknek \u00e9s a felk\u00e9sz\u00edt\u0151 Zsebe Andi n\u00e9ninek egyar\u00e1nt! A rajzaikkal pedig szeretn\u00e9nk mindenkinek egy kis kar\u00e1csonyi hangulatot teremteni, \u00edgy az \u00fcnnepek el\u0151tt.<\/strong><\/p>\n\n\n\n\n\n<div class=\"ngg-galleryoverview ngg-slideshow\"\n\t id=\"ngg-slideshow-eee385f81d213ad9f1d9abfef0afeca4-653835780\"\n     data-gallery-id=\"eee385f81d213ad9f1d9abfef0afeca4\"\n     style=\"max-width: 600px; max-height: 400px;\">\n\n \t<div id=\"ngg-image-0\" class=\"ngg-gallery-slideshow-image\" style=\"height:400px\">\n\n        <a href=\"http:\/\/altisk-szederkeny.edu.hu\/weboldal\/wp-content\/gallery\/karacsonyorszag-rajzpalyazat\/d%C3%ADj%C3%A1tad%C3%B3-2018-kar%C3%A1csony-3.jpg\"\n           title=\"\"\n           data-src=\"http:\/\/altisk-szederkeny.edu.hu\/weboldal\/wp-content\/gallery\/karacsonyorszag-rajzpalyazat\/d%C3%ADj%C3%A1tad%C3%B3-2018-kar%C3%A1csony-3.jpg\"\n           data-thumbnail=\"http:\/\/altisk-szederkeny.edu.hu\/weboldal\/wp-content\/gallery\/karacsonyorszag-rajzpalyazat\/thumbs\/thumbs_d%C3%ADj%C3%A1tad%C3%B3-2018-kar%C3%A1csony-3.jpg\"\n           data-image-id=\"944\"\n           data-title=\"d\u00edj\u00e1tad\u00f3 2018 kar\u00e1csony 3\"\n           data-description=\"\"\n           class=\"ngg-fancybox\" rel=\"eee385f81d213ad9f1d9abfef0afeca4\">\n\n            <img data-image-id='944'\n                 title=\"\"\n                 alt=\"d\u00edj\u00e1tad\u00f3 2018 kar\u00e1csony 3\"\n                 src=\"http:\/\/altisk-szederkeny.edu.hu\/weboldal\/wp-content\/gallery\/karacsonyorszag-rajzpalyazat\/d%C3%ADj%C3%A1tad%C3%B3-2018-kar%C3%A1csony-3.jpg\"\n                 style=\"max-height: 380px;\"\/>\n        <\/a>\n\n        <\/div> \n<div id=\"ngg-image-1\" class=\"ngg-gallery-slideshow-image\" style=\"height:400px\">\n\n        <a href=\"http:\/\/altisk-szederkeny.edu.hu\/weboldal\/wp-content\/gallery\/karacsonyorszag-rajzpalyazat\/d%C3%ADj%C3%A1tad%C3%B3-2018-kar%C3%A1csony.jpg\"\n           title=\"\"\n           data-src=\"http:\/\/altisk-szederkeny.edu.hu\/weboldal\/wp-content\/gallery\/karacsonyorszag-rajzpalyazat\/d%C3%ADj%C3%A1tad%C3%B3-2018-kar%C3%A1csony.jpg\"\n           data-thumbnail=\"http:\/\/altisk-szederkeny.edu.hu\/weboldal\/wp-content\/gallery\/karacsonyorszag-rajzpalyazat\/thumbs\/thumbs_d%C3%ADj%C3%A1tad%C3%B3-2018-kar%C3%A1csony.jpg\"\n           data-image-id=\"945\"\n           data-title=\"d\u00edj\u00e1tad\u00f3 2018 kar\u00e1csony\"\n           data-description=\"\"\n           class=\"ngg-fancybox\" rel=\"eee385f81d213ad9f1d9abfef0afeca4\">\n\n            <img data-image-id='945'\n                 title=\"\"\n                 alt=\"d\u00edj\u00e1tad\u00f3 2018 kar\u00e1csony\"\n                 src=\"http:\/\/altisk-szederkeny.edu.hu\/weboldal\/wp-content\/gallery\/karacsonyorszag-rajzpalyazat\/d%C3%ADj%C3%A1tad%C3%B3-2018-kar%C3%A1csony.jpg\"\n                 style=\"max-height: 380px;\"\/>\n        <\/a>\n\n        <\/div> \n<div id=\"ngg-image-2\" class=\"ngg-gallery-slideshow-image\" style=\"height:400px\">\n\n        <a href=\"http:\/\/altisk-szederkeny.edu.hu\/weboldal\/wp-content\/gallery\/karacsonyorszag-rajzpalyazat\/d%C3%ADj%C3%A1tad%C3%B3-2018-kar%C3%A1csony-2.jpg\"\n           title=\"\"\n           data-src=\"http:\/\/altisk-szederkeny.edu.hu\/weboldal\/wp-content\/gallery\/karacsonyorszag-rajzpalyazat\/d%C3%ADj%C3%A1tad%C3%B3-2018-kar%C3%A1csony-2.jpg\"\n           data-thumbnail=\"http:\/\/altisk-szederkeny.edu.hu\/weboldal\/wp-content\/gallery\/karacsonyorszag-rajzpalyazat\/thumbs\/thumbs_d%C3%ADj%C3%A1tad%C3%B3-2018-kar%C3%A1csony-2.jpg\"\n           data-image-id=\"946\"\n           data-title=\"d\u00edj\u00e1tad\u00f3 2018 kar\u00e1csony 2\"\n           data-description=\"\"\n           class=\"ngg-fancybox\" rel=\"eee385f81d213ad9f1d9abfef0afeca4\">\n\n            <img data-image-id='946'\n                 title=\"\"\n                 alt=\"d\u00edj\u00e1tad\u00f3 2018 kar\u00e1csony 2\"\n                 src=\"http:\/\/altisk-szederkeny.edu.hu\/weboldal\/wp-content\/gallery\/karacsonyorszag-rajzpalyazat\/d%C3%ADj%C3%A1tad%C3%B3-2018-kar%C3%A1csony-2.jpg\"\n                 style=\"max-height: 380px;\"\/>\n        <\/a>\n\n        <\/div> \n<div id=\"ngg-image-3\" class=\"ngg-gallery-slideshow-image\" style=\"height:400px\">\n\n        <a href=\"http:\/\/altisk-szederkeny.edu.hu\/weboldal\/wp-content\/gallery\/karacsonyorszag-rajzpalyazat\/CCF20181128_0010.jpg\"\n           title=\"\"\n           data-src=\"http:\/\/altisk-szederkeny.edu.hu\/weboldal\/wp-content\/gallery\/karacsonyorszag-rajzpalyazat\/CCF20181128_0010.jpg\"\n           data-thumbnail=\"http:\/\/altisk-szederkeny.edu.hu\/weboldal\/wp-content\/gallery\/karacsonyorszag-rajzpalyazat\/thumbs\/thumbs_CCF20181128_0010.jpg\"\n           data-image-id=\"947\"\n           data-title=\"CCF20181128_0010\"\n           data-description=\"\"\n           class=\"ngg-fancybox\" rel=\"eee385f81d213ad9f1d9abfef0afeca4\">\n\n            <img data-image-id='947'\n                 title=\"\"\n                 alt=\"CCF20181128_0010\"\n                 src=\"http:\/\/altisk-szederkeny.edu.hu\/weboldal\/wp-content\/gallery\/karacsonyorszag-rajzpalyazat\/CCF20181128_0010.jpg\"\n                 style=\"max-height: 380px;\"\/>\n        <\/a>\n\n        <\/div> \n<div id=\"ngg-image-4\" class=\"ngg-gallery-slideshow-image\" style=\"height:400px\">\n\n        <a href=\"http:\/\/altisk-szederkeny.edu.hu\/weboldal\/wp-content\/gallery\/karacsonyorszag-rajzpalyazat\/CCF20181128_0011.jpg\"\n           title=\"\"\n           data-src=\"http:\/\/altisk-szederkeny.edu.hu\/weboldal\/wp-content\/gallery\/karacsonyorszag-rajzpalyazat\/CCF20181128_0011.jpg\"\n           data-thumbnail=\"http:\/\/altisk-szederkeny.edu.hu\/weboldal\/wp-content\/gallery\/karacsonyorszag-rajzpalyazat\/thumbs\/thumbs_CCF20181128_0011.jpg\"\n           data-image-id=\"948\"\n           data-title=\"CCF20181128_0011\"\n           data-description=\"\"\n           class=\"ngg-fancybox\" rel=\"eee385f81d213ad9f1d9abfef0afeca4\">\n\n            <img data-image-id='948'\n                 title=\"\"\n                 alt=\"CCF20181128_0011\"\n                 src=\"http:\/\/altisk-szederkeny.edu.hu\/weboldal\/wp-content\/gallery\/karacsonyorszag-rajzpalyazat\/CCF20181128_0011.jpg\"\n                 style=\"max-height: 380px;\"\/>\n        <\/a>\n\n        <\/div> \n<div id=\"ngg-image-5\" class=\"ngg-gallery-slideshow-image\" style=\"height:400px\">\n\n        <a href=\"http:\/\/altisk-szederkeny.edu.hu\/weboldal\/wp-content\/gallery\/karacsonyorszag-rajzpalyazat\/CCF20181128_0012.jpg\"\n           title=\"\"\n           data-src=\"http:\/\/altisk-szederkeny.edu.hu\/weboldal\/wp-content\/gallery\/karacsonyorszag-rajzpalyazat\/CCF20181128_0012.jpg\"\n           data-thumbnail=\"http:\/\/altisk-szederkeny.edu.hu\/weboldal\/wp-content\/gallery\/karacsonyorszag-rajzpalyazat\/thumbs\/thumbs_CCF20181128_0012.jpg\"\n           data-image-id=\"949\"\n           data-title=\"CCF20181128_0012\"\n           data-description=\"\"\n           class=\"ngg-fancybox\" rel=\"eee385f81d213ad9f1d9abfef0afeca4\">\n\n            <img data-image-id='949'\n                 title=\"\"\n                 alt=\"CCF20181128_0012\"\n                 src=\"http:\/\/altisk-szederkeny.edu.hu\/weboldal\/wp-content\/gallery\/karacsonyorszag-rajzpalyazat\/CCF20181128_0012.jpg\"\n                 style=\"max-height: 380px;\"\/>\n        <\/a>\n\n        <\/div> \n<div id=\"ngg-image-6\" class=\"ngg-gallery-slideshow-image\" style=\"height:400px\">\n\n        <a href=\"http:\/\/altisk-szederkeny.edu.hu\/weboldal\/wp-content\/gallery\/karacsonyorszag-rajzpalyazat\/CCF20181128_0013.jpg\"\n           title=\"\"\n           data-src=\"http:\/\/altisk-szederkeny.edu.hu\/weboldal\/wp-content\/gallery\/karacsonyorszag-rajzpalyazat\/CCF20181128_0013.jpg\"\n           data-thumbnail=\"http:\/\/altisk-szederkeny.edu.hu\/weboldal\/wp-content\/gallery\/karacsonyorszag-rajzpalyazat\/thumbs\/thumbs_CCF20181128_0013.jpg\"\n           data-image-id=\"950\"\n           data-title=\"CCF20181128_0013\"\n           data-description=\"\"\n           class=\"ngg-fancybox\" rel=\"eee385f81d213ad9f1d9abfef0afeca4\">\n\n            <img data-image-id='950'\n                 title=\"\"\n                 alt=\"CCF20181128_0013\"\n                 src=\"http:\/\/altisk-szederkeny.edu.hu\/weboldal\/wp-content\/gallery\/karacsonyorszag-rajzpalyazat\/CCF20181128_0013.jpg\"\n                 style=\"max-height: 380px;\"\/>\n        <\/a>\n\n        <\/div> \n<div id=\"ngg-image-7\" class=\"ngg-gallery-slideshow-image\" style=\"height:400px\">\n\n        <a href=\"http:\/\/altisk-szederkeny.edu.hu\/weboldal\/wp-content\/gallery\/karacsonyorszag-rajzpalyazat\/CCF20181128_0014.jpg\"\n           title=\"\"\n           data-src=\"http:\/\/altisk-szederkeny.edu.hu\/weboldal\/wp-content\/gallery\/karacsonyorszag-rajzpalyazat\/CCF20181128_0014.jpg\"\n           data-thumbnail=\"http:\/\/altisk-szederkeny.edu.hu\/weboldal\/wp-content\/gallery\/karacsonyorszag-rajzpalyazat\/thumbs\/thumbs_CCF20181128_0014.jpg\"\n           data-image-id=\"951\"\n           data-title=\"CCF20181128_0014\"\n           data-description=\"\"\n           class=\"ngg-fancybox\" rel=\"eee385f81d213ad9f1d9abfef0afeca4\">\n\n            <img data-image-id='951'\n                 title=\"\"\n                 alt=\"CCF20181128_0014\"\n                 src=\"http:\/\/altisk-szederkeny.edu.hu\/weboldal\/wp-content\/gallery\/karacsonyorszag-rajzpalyazat\/CCF20181128_0014.jpg\"\n                 style=\"max-height: 380px;\"\/>\n        <\/a>\n\n        <\/div> \n<div id=\"ngg-image-8\" class=\"ngg-gallery-slideshow-image\" style=\"height:400px\">\n\n        <a href=\"http:\/\/altisk-szederkeny.edu.hu\/weboldal\/wp-content\/gallery\/karacsonyorszag-rajzpalyazat\/CCF20181128_0005.jpg\"\n           title=\"\"\n           data-src=\"http:\/\/altisk-szederkeny.edu.hu\/weboldal\/wp-content\/gallery\/karacsonyorszag-rajzpalyazat\/CCF20181128_0005.jpg\"\n           data-thumbnail=\"http:\/\/altisk-szederkeny.edu.hu\/weboldal\/wp-content\/gallery\/karacsonyorszag-rajzpalyazat\/thumbs\/thumbs_CCF20181128_0005.jpg\"\n           data-image-id=\"952\"\n           data-title=\"CCF20181128_0005\"\n           data-description=\"\"\n           class=\"ngg-fancybox\" rel=\"eee385f81d213ad9f1d9abfef0afeca4\">\n\n            <img data-image-id='952'\n                 title=\"\"\n                 alt=\"CCF20181128_0005\"\n                 src=\"http:\/\/altisk-szederkeny.edu.hu\/weboldal\/wp-content\/gallery\/karacsonyorszag-rajzpalyazat\/CCF20181128_0005.jpg\"\n                 style=\"max-height: 380px;\"\/>\n        <\/a>\n\n        <\/div> \n<div id=\"ngg-image-9\" class=\"ngg-gallery-slideshow-image\" style=\"height:400px\">\n\n        <a href=\"http:\/\/altisk-szederkeny.edu.hu\/weboldal\/wp-content\/gallery\/karacsonyorszag-rajzpalyazat\/CCF20181128_0008.jpg\"\n           title=\"\"\n           data-src=\"http:\/\/altisk-szederkeny.edu.hu\/weboldal\/wp-content\/gallery\/karacsonyorszag-rajzpalyazat\/CCF20181128_0008.jpg\"\n           data-thumbnail=\"http:\/\/altisk-szederkeny.edu.hu\/weboldal\/wp-content\/gallery\/karacsonyorszag-rajzpalyazat\/thumbs\/thumbs_CCF20181128_0008.jpg\"\n           data-image-id=\"953\"\n           data-title=\"CCF20181128_0008\"\n           data-description=\"\"\n           class=\"ngg-fancybox\" rel=\"eee385f81d213ad9f1d9abfef0afeca4\">\n\n            <img data-image-id='953'\n                 title=\"\"\n                 alt=\"CCF20181128_0008\"\n                 src=\"http:\/\/altisk-szederkeny.edu.hu\/weboldal\/wp-content\/gallery\/karacsonyorszag-rajzpalyazat\/CCF20181128_0008.jpg\"\n                 style=\"max-height: 380px;\"\/>\n        <\/a>\n\n        <\/div> \n<div id=\"ngg-image-10\" class=\"ngg-gallery-slideshow-image\" style=\"height:400px\">\n\n        <a href=\"http:\/\/altisk-szederkeny.edu.hu\/weboldal\/wp-content\/gallery\/karacsonyorszag-rajzpalyazat\/CCF20181128_0009.jpg\"\n           title=\"\"\n           data-src=\"http:\/\/altisk-szederkeny.edu.hu\/weboldal\/wp-content\/gallery\/karacsonyorszag-rajzpalyazat\/CCF20181128_0009.jpg\"\n           data-thumbnail=\"http:\/\/altisk-szederkeny.edu.hu\/weboldal\/wp-content\/gallery\/karacsonyorszag-rajzpalyazat\/thumbs\/thumbs_CCF20181128_0009.jpg\"\n           data-image-id=\"954\"\n           data-title=\"CCF20181128_0009\"\n           data-description=\"\"\n           class=\"ngg-fancybox\" rel=\"eee385f81d213ad9f1d9abfef0afeca4\">\n\n            <img data-image-id='954'\n                 title=\"\"\n                 alt=\"CCF20181128_0009\"\n                 src=\"http:\/\/altisk-szederkeny.edu.hu\/weboldal\/wp-content\/gallery\/karacsonyorszag-rajzpalyazat\/CCF20181128_0009.jpg\"\n                 style=\"max-height: 380px;\"\/>\n        <\/a>\n\n        <\/div> \n<\/div>\n\n\n\n\n","protected":false},"excerpt":{"rendered":"<p>Iskol\u00e1nk tanul\u00f3i ism\u00e9t megcsillogtatt\u00e1k kreativit\u00e1sukat. A QX \u2013 IMPEX Kft. \u00e1ltal ki\u00edrt Kar\u00e1csonyorsz\u00e1g rajzp\u00e1ly\u00e1zat\u00e1n Horv\u00e1th Leila (4. o. ) egy\u00e9niben 4. oszt\u00e1ly csoportos eredm\u00e9nyben ker\u00fcltek a kiv\u00e1lasztott d\u00edjazottak k\u00f6z\u00e9. Az \u00fcnnep\u00e9lyes d\u00edj\u00e1tad\u00f3ra P\u00e9csen a Plaza-ban ker\u00fclt sor. Gratul\u00e1lunk a gyerekeknek \u00e9s a felk\u00e9sz\u00edt\u0151 Zsebe Andi n\u00e9ninek egyar\u00e1nt! A rajzaikkal pedig \u2026 <a class=\"continue-reading-link\" href=\"http:\/\/altisk-szederkeny.edu.hu\/weboldal\/?p=2365\"> Continue reading <span class=\"meta-nav\">&rarr; <\/span><\/a><\/p>\n","protected":false},"author":1,"featured_media":0,"comment_status":"closed","ping_status":"closed","sticky":false,"template":"","format":"standard","meta":{"ngg_post_thumbnail":0},"categories":[1],"tags":[],"_links":{"self":[{"href":"http:\/\/altisk-szederkeny.edu.hu\/weboldal\/index.php?rest_route=\/wp\/v2\/posts\/2365"}],"collection":[{"href":"http:\/\/altisk-szederkeny.edu.hu\/weboldal\/index.php?rest_route=\/wp\/v2\/posts"}],"about":[{"href":"http:\/\/altisk-szederkeny.edu.hu\/weboldal\/index.php?rest_route=\/wp\/v2\/types\/post"}],"author":[{"embeddable":true,"href":"http:\/\/altisk-szederkeny.edu.hu\/weboldal\/index.php?rest_route=\/wp\/v2\/users\/1"}],"replies":[{"embeddable":true,"href":"http:\/\/altisk-szederkeny.edu.hu\/weboldal\/index.php?rest_route=%2Fwp%2Fv2%2Fcomments&post=2365"}],"version-history":[{"count":11,"href":"http:\/\/altisk-szederkeny.edu.hu\/weboldal\/index.php?rest_route=\/wp\/v2\/posts\/2365\/revisions"}],"predecessor-version":[{"id":2389,"href":"http:\/\/altisk-szederkeny.edu.hu\/weboldal\/index.php?rest_route=\/wp\/v2\/posts\/2365\/revisions\/2389"}],"wp:attachment":[{"href":"http:\/\/altisk-szederkeny.edu.hu\/weboldal\/index.php?rest_route=%2Fwp%2Fv2%2Fmedia&parent=2365"}],"wp:term":[{"taxonomy":"category","embeddable":true,"href":"http:\/\/altisk-szederkeny.edu.hu\/weboldal\/index.php?rest_route=%2Fwp%2Fv2%2Fcategories&post=2365"},{"taxonomy":"post_tag","embeddable":true,"href":"http:\/\/altisk-szederkeny.edu.hu\/weboldal\/index.php?rest_route=%2Fwp%2Fv2%2Ftags&post=2365"}],"curies":[{"name":"wp","href":"https:\/\/api.w.org\/{rel}","templated":true}]}}