{"id":2334,"date":"2018-12-03T14:59:04","date_gmt":"2018-12-03T13:59:04","guid":{"rendered":"http:\/\/altisk-szederkeny.sulinet.hu\/weboldal\/?p=2334"},"modified":"2018-12-03T14:59:04","modified_gmt":"2018-12-03T13:59:04","slug":"megyei-nemet-es-angol-versenyek-eredmenyei","status":"publish","type":"post","link":"http:\/\/altisk-szederkeny.edu.hu\/weboldal\/?p=2334","title":{"rendered":"Megyei n\u00e9met \u00e9s angol versenyek eredm\u00e9nyei"},"content":{"rendered":"<p>Novemberben 3 k\u00f6z\u00e9piskol\u00e1ban vett\u00fcnk r\u00e9szt nyolcadikos di\u00e1koknak szervezett megyei szint\u0171 nyelvi<br \/>\nversenyen. Nagyon sz\u00e9p eredm\u00e9nyek sz\u00fclettek:<\/p>\n<p>A <span style=\"text-decoration: underline;\">Reform\u00e1tus Gimn\u00e1ziumban<\/span> <strong>Kaiser Laura<\/strong> angol nyelvb\u0151l 11., <strong>B\u00f6rz\u00f6li Nikolett<\/strong> n\u00e9met nyelvb\u0151l a<br \/>\n21.helyen v\u00e9gzett.<\/p>\n<p>A <span style=\"text-decoration: underline;\">Janus Gimn\u00e1zium<\/span> n\u00e9met verseny\u00e9n <strong>Kaiser Laura<\/strong> 2. helyen, <strong>B\u00f6rz\u00f6li Nikolett<\/strong> a 26. helyen v\u00e9gzett.<\/p>\n<p>A <span style=\"text-decoration: underline;\">Janus Gimn\u00e1zium<\/span> angol verseny\u00e9n <strong>Kaiser Laura<\/strong> a 10. helyen v\u00e9gzett.<\/p>\n<p>Ezzel az eredm\u00e9nnyel Laura mentes\u00fcl a sz\u00f3beli nyelvi felv\u00e9teli vizsga al\u00f3l, amennyiben a Janus<br \/>\nGimn\u00e1ziumban szeretne tov\u00e1bbtanulni.<\/p>\n<p>A <span style=\"text-decoration: underline;\">Le\u00f6wey Kl\u00e1ra Gimn\u00e1zium<\/span> n\u00e9met verseny\u00e9n <strong>Kaiser Laura<\/strong> a 3. helyen v\u00e9gzett, \u00edgy ezzel maxim\u00e1lis<br \/>\npontsz\u00e1mot szerzett a sz\u00f3beli felv\u00e9teli vizsg\u00e1n.<\/p>\n<p><strong>GRATUL\u00c1LUNK!<\/strong><\/p>\n<p><a href=\"http:\/\/altisk-szederkeny.sulinet.hu\/weboldal\/wp-content\/uploads\/2018.II-f\u00e9l\u00e9v-592.jpg\"><img decoding=\"async\" loading=\"lazy\" width=\"225\" height=\"300\" class=\"alignleft wp-image-2336 size-medium\" alt=\"\" src=\"http:\/\/altisk-szederkeny.sulinet.hu\/weboldal\/wp-content\/uploads\/2018.II-f\u00e9l\u00e9v-592-225x300.jpg\" srcset=\"http:\/\/altisk-szederkeny.edu.hu\/weboldal\/wp-content\/uploads\/2018.II-f\u00e9l\u00e9v-592-225x300.jpg 225w, http:\/\/altisk-szederkeny.edu.hu\/weboldal\/wp-content\/uploads\/2018.II-f\u00e9l\u00e9v-592-768x1024.jpg 768w, http:\/\/altisk-szederkeny.edu.hu\/weboldal\/wp-content\/uploads\/2018.II-f\u00e9l\u00e9v-592-600x800.jpg 600w, http:\/\/altisk-szederkeny.edu.hu\/weboldal\/wp-content\/uploads\/2018.II-f\u00e9l\u00e9v-592-113x150.jpg 113w\" sizes=\"(max-width: 225px) 100vw, 225px\" \/><\/a> <a href=\"http:\/\/altisk-szederkeny.sulinet.hu\/weboldal\/wp-content\/uploads\/2018.II-f\u00e9l\u00e9v-597.jpg\"><img decoding=\"async\" loading=\"lazy\" width=\"225\" height=\"300\" class=\"alignright wp-image-2337 size-medium\" alt=\"\" src=\"http:\/\/altisk-szederkeny.sulinet.hu\/weboldal\/wp-content\/uploads\/2018.II-f\u00e9l\u00e9v-597-225x300.jpg\" srcset=\"http:\/\/altisk-szederkeny.edu.hu\/weboldal\/wp-content\/uploads\/2018.II-f\u00e9l\u00e9v-597-225x300.jpg 225w, http:\/\/altisk-szederkeny.edu.hu\/weboldal\/wp-content\/uploads\/2018.II-f\u00e9l\u00e9v-597-768x1024.jpg 768w, http:\/\/altisk-szederkeny.edu.hu\/weboldal\/wp-content\/uploads\/2018.II-f\u00e9l\u00e9v-597-600x800.jpg 600w, http:\/\/altisk-szederkeny.edu.hu\/weboldal\/wp-content\/uploads\/2018.II-f\u00e9l\u00e9v-597-113x150.jpg 113w\" sizes=\"(max-width: 225px) 100vw, 225px\" \/><\/a><\/p>\n","protected":false},"excerpt":{"rendered":"<p>Novemberben 3 k\u00f6z\u00e9piskol\u00e1ban vett\u00fcnk r\u00e9szt nyolcadikos di\u00e1koknak szervezett megyei szint\u0171 nyelvi versenyen. Nagyon sz\u00e9p eredm\u00e9nyek sz\u00fclettek: A Reform\u00e1tus Gimn\u00e1ziumban Kaiser Laura angol nyelvb\u0151l 11., B\u00f6rz\u00f6li Nikolett n\u00e9met nyelvb\u0151l a 21.helyen v\u00e9gzett. A Janus Gimn\u00e1zium n\u00e9met verseny\u00e9n Kaiser Laura 2. helyen, B\u00f6rz\u00f6li Nikolett a 26. helyen v\u00e9gzett. A Janus Gimn\u00e1zium angol \u2026 <a class=\"continue-reading-link\" href=\"http:\/\/altisk-szederkeny.edu.hu\/weboldal\/?p=2334\"> Continue reading <span class=\"meta-nav\">&rarr; <\/span><\/a><\/p>\n","protected":false},"author":1,"featured_media":0,"comment_status":"closed","ping_status":"closed","sticky":false,"template":"","format":"standard","meta":{"ngg_post_thumbnail":0},"categories":[1],"tags":[],"_links":{"self":[{"href":"http:\/\/altisk-szederkeny.edu.hu\/weboldal\/index.php?rest_route=\/wp\/v2\/posts\/2334"}],"collection":[{"href":"http:\/\/altisk-szederkeny.edu.hu\/weboldal\/index.php?rest_route=\/wp\/v2\/posts"}],"about":[{"href":"http:\/\/altisk-szederkeny.edu.hu\/weboldal\/index.php?rest_route=\/wp\/v2\/types\/post"}],"author":[{"embeddable":true,"href":"http:\/\/altisk-szederkeny.edu.hu\/weboldal\/index.php?rest_route=\/wp\/v2\/users\/1"}],"replies":[{"embeddable":true,"href":"http:\/\/altisk-szederkeny.edu.hu\/weboldal\/index.php?rest_route=%2Fwp%2Fv2%2Fcomments&post=2334"}],"version-history":[{"count":3,"href":"http:\/\/altisk-szederkeny.edu.hu\/weboldal\/index.php?rest_route=\/wp\/v2\/posts\/2334\/revisions"}],"predecessor-version":[{"id":2339,"href":"http:\/\/altisk-szederkeny.edu.hu\/weboldal\/index.php?rest_route=\/wp\/v2\/posts\/2334\/revisions\/2339"}],"wp:attachment":[{"href":"http:\/\/altisk-szederkeny.edu.hu\/weboldal\/index.php?rest_route=%2Fwp%2Fv2%2Fmedia&parent=2334"}],"wp:term":[{"taxonomy":"category","embeddable":true,"href":"http:\/\/altisk-szederkeny.edu.hu\/weboldal\/index.php?rest_route=%2Fwp%2Fv2%2Fcategories&post=2334"},{"taxonomy":"post_tag","embeddable":true,"href":"http:\/\/altisk-szederkeny.edu.hu\/weboldal\/index.php?rest_route=%2Fwp%2Fv2%2Ftags&post=2334"}],"curies":[{"name":"wp","href":"https:\/\/api.w.org\/{rel}","templated":true}]}}