{"id":2129,"date":"2018-05-04T08:46:49","date_gmt":"2018-05-04T06:46:49","guid":{"rendered":"http:\/\/altisk-szederkeny.sulinet.hu\/weboldal\/?p=2129"},"modified":"2018-05-04T08:46:49","modified_gmt":"2018-05-04T06:46:49","slug":"nemet-versmondo-verseny","status":"publish","type":"post","link":"http:\/\/altisk-szederkeny.edu.hu\/weboldal\/?p=2129","title":{"rendered":"N\u00e9met versmond\u00f3 verseny"},"content":{"rendered":"<p>2018. \u00e1prilis 17-\u00e9n rendezt\u00fck meg iskol\u00e1nkban az imm\u00e1r hagyom\u00e1nyosnak sz\u00e1m\u00edt\u00f3 n\u00e9met nyelv\u0171 versmond\u00f3 versenyt. 24 fels\u0151s tanul\u00f3<br \/>\nk\u00e9sz\u00fclt egy-egy n\u00e9met verssel. Koroszt\u00e1ly szerint k\u00e9t kateg\u00f3ri\u00e1ban ker\u00fcltek d\u00edjaz\u00e1sra a versmond\u00f3k. Az eredm\u00e9nyek:<\/p>\n<p>5-6. oszt\u00e1lyosok:<\/p>\n<p>I.helyezett Heged\u0171s Hanna (6.o)<br \/>\nII. helyezett L\u00e1z\u00e1r Fanni (6.o)<br \/>\nIII. helyezett Tukacs Lotti (5.o)<\/p>\n<p>7-8. oszt\u00e1lyosok:<\/p>\n<p>I.helyezett Kaiser Laura (7.o)<\/p>\n<p>II. helyezett Lendvai Dalma (7.o)<\/p>\n<p>III.helyezett Szab\u00f3 Fruzsina (7.o)<\/p>\n<p>A helyezettek oklev\u00e9lben \u00e9s a Szederk\u00e9nyi N\u00e9met \u00d6nkorm\u00e1nyzat t\u00e1mogat\u00e1s\u00e1val k\u00f6nyvjutalomban r\u00e9szes\u00fcltek.<\/p>\n<p>Gratul\u00e1lunk minden r\u00e9sztvev\u0151nek!<\/p>\n<p><a href=\"http:\/\/altisk-szederkeny.sulinet.hu\/weboldal\/wp-content\/uploads\/31357717_1022888084536713_4556345270329147392_n.jpg\"><img decoding=\"async\" loading=\"lazy\" class=\"wp-image-2130 alignleft\" src=\"http:\/\/altisk-szederkeny.sulinet.hu\/weboldal\/wp-content\/uploads\/31357717_1022888084536713_4556345270329147392_n-180x300.jpg\" alt=\"\" width=\"300\" height=\"500\" srcset=\"http:\/\/altisk-szederkeny.edu.hu\/weboldal\/wp-content\/uploads\/31357717_1022888084536713_4556345270329147392_n-180x300.jpg 180w, http:\/\/altisk-szederkeny.edu.hu\/weboldal\/wp-content\/uploads\/31357717_1022888084536713_4556345270329147392_n-90x150.jpg 90w, http:\/\/altisk-szederkeny.edu.hu\/weboldal\/wp-content\/uploads\/31357717_1022888084536713_4556345270329147392_n.jpg 576w\" sizes=\"(max-width: 300px) 100vw, 300px\" \/><\/a><a href=\"http:\/\/altisk-szederkeny.sulinet.hu\/weboldal\/wp-content\/uploads\/31453642_1022888244536697_7571896539619000320_n.jpg\"><img decoding=\"async\" loading=\"lazy\" class=\"wp-image-2131 alignnone\" src=\"http:\/\/altisk-szederkeny.sulinet.hu\/weboldal\/wp-content\/uploads\/31453642_1022888244536697_7571896539619000320_n-614x1024.jpg\" alt=\"\" width=\"300\" height=\"500\" srcset=\"http:\/\/altisk-szederkeny.edu.hu\/weboldal\/wp-content\/uploads\/31453642_1022888244536697_7571896539619000320_n-614x1024.jpg 614w, http:\/\/altisk-szederkeny.edu.hu\/weboldal\/wp-content\/uploads\/31453642_1022888244536697_7571896539619000320_n-180x300.jpg 180w, http:\/\/altisk-szederkeny.edu.hu\/weboldal\/wp-content\/uploads\/31453642_1022888244536697_7571896539619000320_n.jpg 768w, http:\/\/altisk-szederkeny.edu.hu\/weboldal\/wp-content\/uploads\/31453642_1022888244536697_7571896539619000320_n-600x1000.jpg 600w, http:\/\/altisk-szederkeny.edu.hu\/weboldal\/wp-content\/uploads\/31453642_1022888244536697_7571896539619000320_n-90x150.jpg 90w\" sizes=\"(max-width: 300px) 100vw, 300px\" \/><\/a><\/p>\n","protected":false},"excerpt":{"rendered":"<p>2018. \u00e1prilis 17-\u00e9n rendezt\u00fck meg iskol\u00e1nkban az imm\u00e1r hagyom\u00e1nyosnak sz\u00e1m\u00edt\u00f3 n\u00e9met nyelv\u0171 versmond\u00f3 versenyt. 24 fels\u0151s tanul\u00f3 k\u00e9sz\u00fclt egy-egy n\u00e9met verssel. Koroszt\u00e1ly szerint k\u00e9t kateg\u00f3ri\u00e1ban ker\u00fcltek d\u00edjaz\u00e1sra a versmond\u00f3k. Az eredm\u00e9nyek: 5-6. oszt\u00e1lyosok: I.helyezett Heged\u0171s Hanna (6.o) II. helyezett L\u00e1z\u00e1r Fanni (6.o) III. helyezett Tukacs Lotti (5.o) 7-8. oszt\u00e1lyosok: I.helyezett \u2026 <a class=\"continue-reading-link\" href=\"http:\/\/altisk-szederkeny.edu.hu\/weboldal\/?p=2129\"> Continue reading <span class=\"meta-nav\">&rarr; <\/span><\/a><\/p>\n","protected":false},"author":1,"featured_media":0,"comment_status":"closed","ping_status":"closed","sticky":false,"template":"","format":"standard","meta":{"ngg_post_thumbnail":0},"categories":[1],"tags":[],"_links":{"self":[{"href":"http:\/\/altisk-szederkeny.edu.hu\/weboldal\/index.php?rest_route=\/wp\/v2\/posts\/2129"}],"collection":[{"href":"http:\/\/altisk-szederkeny.edu.hu\/weboldal\/index.php?rest_route=\/wp\/v2\/posts"}],"about":[{"href":"http:\/\/altisk-szederkeny.edu.hu\/weboldal\/index.php?rest_route=\/wp\/v2\/types\/post"}],"author":[{"embeddable":true,"href":"http:\/\/altisk-szederkeny.edu.hu\/weboldal\/index.php?rest_route=\/wp\/v2\/users\/1"}],"replies":[{"embeddable":true,"href":"http:\/\/altisk-szederkeny.edu.hu\/weboldal\/index.php?rest_route=%2Fwp%2Fv2%2Fcomments&post=2129"}],"version-history":[{"count":3,"href":"http:\/\/altisk-szederkeny.edu.hu\/weboldal\/index.php?rest_route=\/wp\/v2\/posts\/2129\/revisions"}],"predecessor-version":[{"id":2134,"href":"http:\/\/altisk-szederkeny.edu.hu\/weboldal\/index.php?rest_route=\/wp\/v2\/posts\/2129\/revisions\/2134"}],"wp:attachment":[{"href":"http:\/\/altisk-szederkeny.edu.hu\/weboldal\/index.php?rest_route=%2Fwp%2Fv2%2Fmedia&parent=2129"}],"wp:term":[{"taxonomy":"category","embeddable":true,"href":"http:\/\/altisk-szederkeny.edu.hu\/weboldal\/index.php?rest_route=%2Fwp%2Fv2%2Fcategories&post=2129"},{"taxonomy":"post_tag","embeddable":true,"href":"http:\/\/altisk-szederkeny.edu.hu\/weboldal\/index.php?rest_route=%2Fwp%2Fv2%2Ftags&post=2129"}],"curies":[{"name":"wp","href":"https:\/\/api.w.org\/{rel}","templated":true}]}}