{"id":1999,"date":"2018-02-26T13:25:44","date_gmt":"2018-02-26T12:25:44","guid":{"rendered":"http:\/\/altisk-szederkeny.sulinet.hu\/weboldal\/?p=1999"},"modified":"2018-02-26T13:25:44","modified_gmt":"2018-02-26T12:25:44","slug":"1999","status":"publish","type":"post","link":"http:\/\/altisk-szederkeny.edu.hu\/weboldal\/?p=1999","title":{"rendered":""},"content":{"rendered":"<p style=\"text-align: center;\"><span style=\"color: #000000; font-size: 18pt;\"><strong>Tisztelt Sz\u00fcl\u0151k!<\/strong><\/span><\/p>\n<p style=\"text-align: center;\"><span style=\"color: #000000; font-size: 14pt;\">A tan\u00edt\u00e1s zavartalans\u00e1g\u00e1nak biztos\u00edt\u00e1sa \u00e9rdek\u00e9ben <em><u>k\u00e9rj\u00fck \u00d6n\u00f6ket<\/u><\/em>, hogy <strong>reggel csak a folyos\u00f3i \u00e1tj\u00e1r\u00f3ig k\u00eds\u00e9rj\u00e9k<\/strong> gyermekeiket.<\/span><\/p>\n<p>&nbsp;<\/p>\n<p style=\"text-align: center;\"><span style=\"color: #000000; font-size: 14pt;\">A d\u00e9lut\u00e1ni <strong>foglalkoz\u00e1sok v\u00e9gezt\u00e9vel a f\u00e9ltet\u0151 alatt vagy ugyancsak az \u00e1tj\u00e1r\u00f3ban v\u00e1rj\u00e1k meg gyermekeiket<\/strong>.<\/span><\/p>\n<p>&nbsp;<\/p>\n<p style=\"text-align: center;\"><span style=\"color: #000000;\"><strong><span style=\"font-size: 14pt;\">K\u00e9rem a fentiek tudom\u00e1sul v\u00e9tel\u00e9t \u00e9s betart\u00e1s\u00e1t!<\/span><\/strong><\/span><\/p>\n<p style=\"text-align: center;\"><span style=\"color: #000000; font-size: 14pt;\">Egy\u00fcttm\u0171k\u00f6d\u00e9s\u00fcket k\u00f6sz\u00f6nj\u00fck: az iskola nevel\u0151test\u00fclete!<\/span><\/p>\n","protected":false},"excerpt":{"rendered":"<p>Tisztelt Sz\u00fcl\u0151k! A tan\u00edt\u00e1s zavartalans\u00e1g\u00e1nak biztos\u00edt\u00e1sa \u00e9rdek\u00e9ben k\u00e9rj\u00fck \u00d6n\u00f6ket, hogy reggel csak a folyos\u00f3i \u00e1tj\u00e1r\u00f3ig k\u00eds\u00e9rj\u00e9k gyermekeiket. &nbsp; A d\u00e9lut\u00e1ni foglalkoz\u00e1sok v\u00e9gezt\u00e9vel a f\u00e9ltet\u0151 alatt vagy ugyancsak az \u00e1tj\u00e1r\u00f3ban v\u00e1rj\u00e1k meg gyermekeiket. &nbsp; K\u00e9rem a fentiek tudom\u00e1sul v\u00e9tel\u00e9t \u00e9s betart\u00e1s\u00e1t! Egy\u00fcttm\u0171k\u00f6d\u00e9s\u00fcket k\u00f6sz\u00f6nj\u00fck: az iskola nevel\u0151test\u00fclete!<\/p>\n","protected":false},"author":1,"featured_media":0,"comment_status":"closed","ping_status":"closed","sticky":false,"template":"","format":"standard","meta":{"ngg_post_thumbnail":0},"categories":[1],"tags":[],"_links":{"self":[{"href":"http:\/\/altisk-szederkeny.edu.hu\/weboldal\/index.php?rest_route=\/wp\/v2\/posts\/1999"}],"collection":[{"href":"http:\/\/altisk-szederkeny.edu.hu\/weboldal\/index.php?rest_route=\/wp\/v2\/posts"}],"about":[{"href":"http:\/\/altisk-szederkeny.edu.hu\/weboldal\/index.php?rest_route=\/wp\/v2\/types\/post"}],"author":[{"embeddable":true,"href":"http:\/\/altisk-szederkeny.edu.hu\/weboldal\/index.php?rest_route=\/wp\/v2\/users\/1"}],"replies":[{"embeddable":true,"href":"http:\/\/altisk-szederkeny.edu.hu\/weboldal\/index.php?rest_route=%2Fwp%2Fv2%2Fcomments&post=1999"}],"version-history":[{"count":3,"href":"http:\/\/altisk-szederkeny.edu.hu\/weboldal\/index.php?rest_route=\/wp\/v2\/posts\/1999\/revisions"}],"predecessor-version":[{"id":2002,"href":"http:\/\/altisk-szederkeny.edu.hu\/weboldal\/index.php?rest_route=\/wp\/v2\/posts\/1999\/revisions\/2002"}],"wp:attachment":[{"href":"http:\/\/altisk-szederkeny.edu.hu\/weboldal\/index.php?rest_route=%2Fwp%2Fv2%2Fmedia&parent=1999"}],"wp:term":[{"taxonomy":"category","embeddable":true,"href":"http:\/\/altisk-szederkeny.edu.hu\/weboldal\/index.php?rest_route=%2Fwp%2Fv2%2Fcategories&post=1999"},{"taxonomy":"post_tag","embeddable":true,"href":"http:\/\/altisk-szederkeny.edu.hu\/weboldal\/index.php?rest_route=%2Fwp%2Fv2%2Ftags&post=1999"}],"curies":[{"name":"wp","href":"https:\/\/api.w.org\/{rel}","templated":true}]}}