{"id":1675,"date":"2018-02-23T10:21:28","date_gmt":"2018-02-23T09:21:28","guid":{"rendered":"http:\/\/altisk-szederkeny.sulinet.hu\/weboldal\/?p=1675"},"modified":"2018-02-23T11:30:31","modified_gmt":"2018-02-23T10:30:31","slug":"versillusztralo-rajzverseny-az-also-tagozaton","status":"publish","type":"post","link":"http:\/\/altisk-szederkeny.edu.hu\/weboldal\/?p=1675","title":{"rendered":"Versillusztr\u00e1ci\u00f3s verseny az als\u00f3 tagozaton"},"content":{"rendered":"\n\n<div class=\"ngg-galleryoverview ngg-slideshow\"\n\t id=\"ngg-slideshow-fab14613080e99e5f7847b31772c3a11-2142343570\"\n     data-gallery-id=\"fab14613080e99e5f7847b31772c3a11\"\n     style=\"max-width: 600px; max-height: 400px;\">\n\n \t<div id=\"ngg-image-0\" class=\"ngg-gallery-slideshow-image\" style=\"height:400px\">\n\n        <a href=\"http:\/\/altisk-szederkeny.edu.hu\/weboldal\/wp-content\/gallery\/versillusztracios-verseny-az-also-tagozaton\/IMG_0171.JPG\"\n           title=\"\"\n           data-src=\"http:\/\/altisk-szederkeny.edu.hu\/weboldal\/wp-content\/gallery\/versillusztracios-verseny-az-also-tagozaton\/IMG_0171.JPG\"\n           data-thumbnail=\"http:\/\/altisk-szederkeny.edu.hu\/weboldal\/wp-content\/gallery\/versillusztracios-verseny-az-also-tagozaton\/thumbs\/thumbs_IMG_0171.JPG\"\n           data-image-id=\"724\"\n           data-title=\"IMG_0171\"\n           data-description=\"\"\n           class=\"ngg-fancybox\" rel=\"fab14613080e99e5f7847b31772c3a11\">\n\n            <img data-image-id='724'\n                 title=\"\"\n                 alt=\"IMG_0171\"\n                 src=\"http:\/\/altisk-szederkeny.edu.hu\/weboldal\/wp-content\/gallery\/versillusztracios-verseny-az-also-tagozaton\/IMG_0171.JPG\"\n                 style=\"max-height: 380px;\"\/>\n        <\/a>\n\n        <\/div> \n<div id=\"ngg-image-1\" class=\"ngg-gallery-slideshow-image\" style=\"height:400px\">\n\n        <a href=\"http:\/\/altisk-szederkeny.edu.hu\/weboldal\/wp-content\/gallery\/versillusztracios-verseny-az-also-tagozaton\/IMG_0170.JPG\"\n           title=\"\"\n           data-src=\"http:\/\/altisk-szederkeny.edu.hu\/weboldal\/wp-content\/gallery\/versillusztracios-verseny-az-also-tagozaton\/IMG_0170.JPG\"\n           data-thumbnail=\"http:\/\/altisk-szederkeny.edu.hu\/weboldal\/wp-content\/gallery\/versillusztracios-verseny-az-also-tagozaton\/thumbs\/thumbs_IMG_0170.JPG\"\n           data-image-id=\"723\"\n           data-title=\"IMG_0170\"\n           data-description=\"\"\n           class=\"ngg-fancybox\" rel=\"fab14613080e99e5f7847b31772c3a11\">\n\n            <img data-image-id='723'\n                 title=\"\"\n                 alt=\"IMG_0170\"\n                 src=\"http:\/\/altisk-szederkeny.edu.hu\/weboldal\/wp-content\/gallery\/versillusztracios-verseny-az-also-tagozaton\/IMG_0170.JPG\"\n                 style=\"max-height: 380px;\"\/>\n        <\/a>\n\n        <\/div> \n<div id=\"ngg-image-2\" class=\"ngg-gallery-slideshow-image\" style=\"height:400px\">\n\n        <a href=\"http:\/\/altisk-szederkeny.edu.hu\/weboldal\/wp-content\/gallery\/versillusztracios-verseny-az-also-tagozaton\/IMG_0169.JPG\"\n           title=\"\"\n           data-src=\"http:\/\/altisk-szederkeny.edu.hu\/weboldal\/wp-content\/gallery\/versillusztracios-verseny-az-also-tagozaton\/IMG_0169.JPG\"\n           data-thumbnail=\"http:\/\/altisk-szederkeny.edu.hu\/weboldal\/wp-content\/gallery\/versillusztracios-verseny-az-also-tagozaton\/thumbs\/thumbs_IMG_0169.JPG\"\n           data-image-id=\"722\"\n           data-title=\"IMG_0169\"\n           data-description=\"\"\n           class=\"ngg-fancybox\" rel=\"fab14613080e99e5f7847b31772c3a11\">\n\n            <img data-image-id='722'\n                 title=\"\"\n                 alt=\"IMG_0169\"\n                 src=\"http:\/\/altisk-szederkeny.edu.hu\/weboldal\/wp-content\/gallery\/versillusztracios-verseny-az-also-tagozaton\/IMG_0169.JPG\"\n                 style=\"max-height: 380px;\"\/>\n        <\/a>\n\n        <\/div> \n<div id=\"ngg-image-3\" class=\"ngg-gallery-slideshow-image\" style=\"height:400px\">\n\n        <a href=\"http:\/\/altisk-szederkeny.edu.hu\/weboldal\/wp-content\/gallery\/versillusztracios-verseny-az-also-tagozaton\/IMG_0167.JPG\"\n           title=\"\"\n           data-src=\"http:\/\/altisk-szederkeny.edu.hu\/weboldal\/wp-content\/gallery\/versillusztracios-verseny-az-also-tagozaton\/IMG_0167.JPG\"\n           data-thumbnail=\"http:\/\/altisk-szederkeny.edu.hu\/weboldal\/wp-content\/gallery\/versillusztracios-verseny-az-also-tagozaton\/thumbs\/thumbs_IMG_0167.JPG\"\n           data-image-id=\"721\"\n           data-title=\"IMG_0167\"\n           data-description=\"\"\n           class=\"ngg-fancybox\" rel=\"fab14613080e99e5f7847b31772c3a11\">\n\n            <img data-image-id='721'\n                 title=\"\"\n                 alt=\"IMG_0167\"\n                 src=\"http:\/\/altisk-szederkeny.edu.hu\/weboldal\/wp-content\/gallery\/versillusztracios-verseny-az-also-tagozaton\/IMG_0167.JPG\"\n                 style=\"max-height: 380px;\"\/>\n        <\/a>\n\n        <\/div> \n<div id=\"ngg-image-4\" class=\"ngg-gallery-slideshow-image\" style=\"height:400px\">\n\n        <a href=\"http:\/\/altisk-szederkeny.edu.hu\/weboldal\/wp-content\/gallery\/versillusztracios-verseny-az-also-tagozaton\/IMG_0166.JPG\"\n           title=\"\"\n           data-src=\"http:\/\/altisk-szederkeny.edu.hu\/weboldal\/wp-content\/gallery\/versillusztracios-verseny-az-also-tagozaton\/IMG_0166.JPG\"\n           data-thumbnail=\"http:\/\/altisk-szederkeny.edu.hu\/weboldal\/wp-content\/gallery\/versillusztracios-verseny-az-also-tagozaton\/thumbs\/thumbs_IMG_0166.JPG\"\n           data-image-id=\"720\"\n           data-title=\"IMG_0166\"\n           data-description=\"\"\n           class=\"ngg-fancybox\" rel=\"fab14613080e99e5f7847b31772c3a11\">\n\n            <img data-image-id='720'\n                 title=\"\"\n                 alt=\"IMG_0166\"\n                 src=\"http:\/\/altisk-szederkeny.edu.hu\/weboldal\/wp-content\/gallery\/versillusztracios-verseny-az-also-tagozaton\/IMG_0166.JPG\"\n                 style=\"max-height: 380px;\"\/>\n        <\/a>\n\n        <\/div> \n<div id=\"ngg-image-5\" class=\"ngg-gallery-slideshow-image\" style=\"height:400px\">\n\n        <a href=\"http:\/\/altisk-szederkeny.edu.hu\/weboldal\/wp-content\/gallery\/versillusztracios-verseny-az-also-tagozaton\/IMG_0165.JPG\"\n           title=\"\"\n           data-src=\"http:\/\/altisk-szederkeny.edu.hu\/weboldal\/wp-content\/gallery\/versillusztracios-verseny-az-also-tagozaton\/IMG_0165.JPG\"\n           data-thumbnail=\"http:\/\/altisk-szederkeny.edu.hu\/weboldal\/wp-content\/gallery\/versillusztracios-verseny-az-also-tagozaton\/thumbs\/thumbs_IMG_0165.JPG\"\n           data-image-id=\"719\"\n           data-title=\"IMG_0165\"\n           data-description=\"\"\n           class=\"ngg-fancybox\" rel=\"fab14613080e99e5f7847b31772c3a11\">\n\n            <img data-image-id='719'\n                 title=\"\"\n                 alt=\"IMG_0165\"\n                 src=\"http:\/\/altisk-szederkeny.edu.hu\/weboldal\/wp-content\/gallery\/versillusztracios-verseny-az-also-tagozaton\/IMG_0165.JPG\"\n                 style=\"max-height: 380px;\"\/>\n        <\/a>\n\n        <\/div> \n<div id=\"ngg-image-6\" class=\"ngg-gallery-slideshow-image\" style=\"height:400px\">\n\n        <a href=\"http:\/\/altisk-szederkeny.edu.hu\/weboldal\/wp-content\/gallery\/versillusztracios-verseny-az-also-tagozaton\/IMG_0164.JPG\"\n           title=\"\"\n           data-src=\"http:\/\/altisk-szederkeny.edu.hu\/weboldal\/wp-content\/gallery\/versillusztracios-verseny-az-also-tagozaton\/IMG_0164.JPG\"\n           data-thumbnail=\"http:\/\/altisk-szederkeny.edu.hu\/weboldal\/wp-content\/gallery\/versillusztracios-verseny-az-also-tagozaton\/thumbs\/thumbs_IMG_0164.JPG\"\n           data-image-id=\"718\"\n           data-title=\"IMG_0164\"\n           data-description=\"\"\n           class=\"ngg-fancybox\" rel=\"fab14613080e99e5f7847b31772c3a11\">\n\n            <img data-image-id='718'\n                 title=\"\"\n                 alt=\"IMG_0164\"\n                 src=\"http:\/\/altisk-szederkeny.edu.hu\/weboldal\/wp-content\/gallery\/versillusztracios-verseny-az-also-tagozaton\/IMG_0164.JPG\"\n                 style=\"max-height: 380px;\"\/>\n        <\/a>\n\n        <\/div> \n<\/div>\n\n\n\n\n<p style=\"text-align: left;\"><strong><span style=\"font-size: 14pt;\">D\u00edjazottak:<\/span><\/strong><\/p>\n<ol style=\"text-align: left;\">\n<li><span style=\"font-size: 14pt;\">oszt\u00e1ly:<\/span>\n<ul style=\"list-style-type: circle; text-align: left;\">\n<li><span style=\"font-size: 14pt;\">Tok S\u00e1ra<\/span><\/li>\n<\/ul>\n<\/li>\n<li><span style=\"font-size: 14pt;\">oszt\u00e1ly:<\/span>\n<ul style=\"list-style-type: circle; text-align: left;\">\n<li><span style=\"font-size: 14pt;\">Hafner M\u00e1rton<\/span><\/li>\n<li><span style=\"font-size: 14pt;\">Holl\u00f3sy Oliv\u00e9r<\/span><\/li>\n<li><span style=\"font-size: 14pt;\">Szeremlei No\u00e9mi<\/span><\/li>\n<li><span style=\"font-size: 14pt;\">T\u00f3th Gy\u00f6ngyv\u00e9r<\/span><\/li>\n<li><span style=\"font-size: 14pt;\">Farkas Gr\u00e9ta<\/span><\/li>\n<li><span style=\"font-size: 14pt;\">Stadler Martin<\/span><\/li>\n<\/ul>\n<\/li>\n<li><span style=\"font-size: 14pt;\">oszt\u00e1ly:<\/span>\n<ul style=\"list-style-type: circle; text-align: left;\">\n<li><span style=\"font-size: 14pt;\">Zelenka Zsolt<\/span><\/li>\n<li><span style=\"font-size: 14pt;\">Orb\u00e1n Lili<\/span><\/li>\n<li><span style=\"font-size: 14pt;\">\u00d6rd\u00f6gh Barbara<\/span><\/li>\n<li><span style=\"font-size: 14pt;\">Papp Anna<\/span><\/li>\n<li><span style=\"font-size: 14pt;\">Olajos Napsug\u00e1r<\/span><\/li>\n<li><span style=\"font-size: 14pt;\">F\u00e1bi\u00e1n Annam\u00e1ria<\/span><\/li>\n<li><span style=\"font-size: 14pt;\">Rumszauer Zal\u00e1n<\/span><\/li>\n<li><span style=\"font-size: 14pt;\">Marczi Milla<\/span><\/li>\n<li><span style=\"font-size: 14pt;\">Toldi Botond<\/span><\/li>\n<li><span style=\"font-size: 14pt;\">M\u00e1rta Zolt\u00e1n<\/span><\/li>\n<li><span style=\"font-size: 14pt;\">Marczi Maja<\/span><\/li>\n<\/ul>\n<\/li>\n<li><span style=\"font-size: 14pt;\">oszt\u00e1ly:<\/span>\n<ul style=\"list-style-type: circle; text-align: left;\">\n<li><span style=\"font-size: 14pt;\">Hock Hanna<\/span><\/li>\n<li><span style=\"font-size: 14pt;\">Kor\u00e1n M\u00e1ty\u00e1s<\/span><\/li>\n<li><span style=\"font-size: 14pt;\">Horv\u00e1th Rox\u00e1na<\/span><\/li>\n<li><span style=\"font-size: 14pt;\">Fauszt Nelli<\/span><\/li>\n<li><span style=\"font-size: 14pt;\">L\u00e1bodi Bogl\u00e1rka<\/span><\/li>\n<li><span style=\"font-size: 14pt;\">Varga Bal\u00e1zs<\/span><\/li>\n<li><span style=\"font-size: 14pt;\">Benczenleitner R\u00e9ka<\/span><\/li>\n<\/ul>\n<\/li>\n<\/ol>\n<p style=\"text-align: center;\"><strong><span style=\"font-size: 14pt;\">A p\u00e1ly\u00e1zaton 72 alkot\u00e1ssal vettek r\u00e9szt tanul\u00f3ink.<\/span><\/strong><\/p>\n","protected":false},"excerpt":{"rendered":"<p>&#8221; order_by=&#8221;imagedate&#8221; order_direction=&#8221;DESC&#8221; returns=&#8221;included&#8221; maximum_entity_count=&#8221;500&#8243;] D\u00edjazottak: oszt\u00e1ly: Tok S\u00e1ra oszt\u00e1ly: Hafner M\u00e1rton Holl\u00f3sy Oliv\u00e9r Szeremlei No\u00e9mi T\u00f3th Gy\u00f6ngyv\u00e9r Farkas Gr\u00e9ta Stadler Martin oszt\u00e1ly: Zelenka Zsolt Orb\u00e1n Lili \u00d6rd\u00f6gh Barbara Papp Anna Olajos Napsug\u00e1r F\u00e1bi\u00e1n Annam\u00e1ria Rumszauer Zal\u00e1n Marczi Milla Toldi Botond M\u00e1rta Zolt\u00e1n Marczi Maja oszt\u00e1ly: Hock Hanna Kor\u00e1n M\u00e1ty\u00e1s \u2026 <a class=\"continue-reading-link\" href=\"http:\/\/altisk-szederkeny.edu.hu\/weboldal\/?p=1675\"> Continue reading <span class=\"meta-nav\">&rarr; <\/span><\/a><\/p>\n","protected":false},"author":1,"featured_media":0,"comment_status":"closed","ping_status":"closed","sticky":false,"template":"","format":"standard","meta":{"ngg_post_thumbnail":0},"categories":[1],"tags":[],"_links":{"self":[{"href":"http:\/\/altisk-szederkeny.edu.hu\/weboldal\/index.php?rest_route=\/wp\/v2\/posts\/1675"}],"collection":[{"href":"http:\/\/altisk-szederkeny.edu.hu\/weboldal\/index.php?rest_route=\/wp\/v2\/posts"}],"about":[{"href":"http:\/\/altisk-szederkeny.edu.hu\/weboldal\/index.php?rest_route=\/wp\/v2\/types\/post"}],"author":[{"embeddable":true,"href":"http:\/\/altisk-szederkeny.edu.hu\/weboldal\/index.php?rest_route=\/wp\/v2\/users\/1"}],"replies":[{"embeddable":true,"href":"http:\/\/altisk-szederkeny.edu.hu\/weboldal\/index.php?rest_route=%2Fwp%2Fv2%2Fcomments&post=1675"}],"version-history":[{"count":16,"href":"http:\/\/altisk-szederkeny.edu.hu\/weboldal\/index.php?rest_route=\/wp\/v2\/posts\/1675\/revisions"}],"predecessor-version":[{"id":1777,"href":"http:\/\/altisk-szederkeny.edu.hu\/weboldal\/index.php?rest_route=\/wp\/v2\/posts\/1675\/revisions\/1777"}],"wp:attachment":[{"href":"http:\/\/altisk-szederkeny.edu.hu\/weboldal\/index.php?rest_route=%2Fwp%2Fv2%2Fmedia&parent=1675"}],"wp:term":[{"taxonomy":"category","embeddable":true,"href":"http:\/\/altisk-szederkeny.edu.hu\/weboldal\/index.php?rest_route=%2Fwp%2Fv2%2Fcategories&post=1675"},{"taxonomy":"post_tag","embeddable":true,"href":"http:\/\/altisk-szederkeny.edu.hu\/weboldal\/index.php?rest_route=%2Fwp%2Fv2%2Ftags&post=1675"}],"curies":[{"name":"wp","href":"https:\/\/api.w.org\/{rel}","templated":true}]}}